{"id":6830,"date":"2014-06-04T11:29:16","date_gmt":"2014-06-04T14:29:16","guid":{"rendered":"http:\/\/anprotec.org.br\/site\/?p=6830"},"modified":"2014-06-04T11:29:16","modified_gmt":"2014-06-04T14:29:16","slug":"pucrs-traz-trento-rise-para-seminario","status":"publish","type":"post","link":"https:\/\/anprotec.org.br\/site\/2014\/06\/pucrs-traz-trento-rise-para-seminario\/","title":{"rendered":"<!--:pt-->PUCRS traz Trento Rise para semin\u00e1rio<!--:-->"},"content":{"rendered":"<p><!--:pt--><\/p>\n<p style=\"text-align: justify\"><img decoding=\"async\" loading=\"lazy\" class=\"alignleft size-thumbnail wp-image-6832\" src=\"https:\/\/anprotec.org.br\/site\/wp-content\/uploads\/2014\/06\/trento1-270x160.jpg\" alt=\"trento\" width=\"270\" height=\"160\" srcset=\"https:\/\/anprotec.org.br\/site\/wp-content\/uploads\/2014\/06\/trento1-270x160.jpg 270w, https:\/\/anprotec.org.br\/site\/wp-content\/uploads\/2014\/06\/trento1.jpg 286w\" sizes=\"(max-width: 270px) 100vw, 270px\" \/>Nesta quinta e sexta-feira, dias 5 e 6 de junho, representantes do <a href=\"http:\/\/www.trentorise.eu\/\"><em>Trento Rise<\/em><\/a>, um dos principais Centros de Inova\u00e7\u00e3o e Pesquisa da It\u00e1lia, estar\u00e3o na Pontif\u00edcia Universidade Cat\u00f3lica do Rio Grande do Sul (PUCRS) para falar das possibilidades de intera\u00e7\u00e3o com empresas brasileiras no <em>6\u00ba Culturas da Inova\u00e7\u00e3o &#8211; Semin\u00e1rio Internacional<\/em>. O evento ocorre das 9h \u00e0s 17h no audit\u00f3rio t\u00e9rreo do pr\u00e9dio 11. O evento \u00e9 gratuito e as palestras ser\u00e3o realizadas em ingl\u00eas.<\/p>\n<p style=\"text-align: justify\">Um dos palestrantes ser\u00e1 o coordenador de inova\u00e7\u00e3o da <em>Trento Rise<\/em>, Sandro Battisti, que j\u00e1 relatou o interesse de propiciar \u00e0s empresas brasileiras capacita\u00e7\u00f5es e oportunidades de neg\u00f3cios na It\u00e1lia. Dentre as diversas formas de incentivo possibilitadas est\u00e1 um programa de acelera\u00e7\u00e3o que investe recursos financeiros para que <em>startups<\/em> se instalem fisicamente no parque e recebam treinamento para abrir empresas na cidade de Trento. \u201cO empres\u00e1rio brasileiro \u00e9 muito bem visto pelo mercado italiano pela sua mentalidade aberta e inovadora\u201d, observa. Ga\u00facho, Battisti \u00e9 graduado pela PUCRS em Engenharia El\u00e9trica e mudou-se para a Europa h\u00e1 6 anos.<\/p>\n<p style=\"text-align: justify\"><em><strong>Trento Rise<\/strong><\/em><\/p>\n<p style=\"text-align: justify\">Criado em 2010 e subsidiado pela prov\u00edncia independente de Trentino, o centro est\u00e1 focado na gest\u00e3o de projetos inovadores e no apoio a iniciativas empresariais como <em>startups<\/em> e PME\u2019s.\u00a0O centro\u00a0comp\u00f5e tamb\u00e9m um dos n\u00facleos da rede de Tecnologia da Informa\u00e7\u00e3o e Comunica\u00e7\u00e3o, ligado ao Instituto Europeu de Inova\u00e7\u00e3o e Tecnologia. \u00c9 respons\u00e1vel pelas atividades de modelagem de neg\u00f3cios de projetos ligados\u00a0\u00e0 rede, que contempla tamb\u00e9m centros de inova\u00e7\u00e3o na Alemanha, Fran\u00e7a, Holanda, Inglaterra, Su\u00e9cia e Finl\u00e2ndia.<\/p>\n<p style=\"text-align: justify\">* Com informa\u00e7\u00f5es da PUCRS<\/p>\n<p><!--:--><\/p>\n","protected":false},"excerpt":{"rendered":"<p><!--:pt-->Representantes do centro de inova\u00e7\u00e3o e pesquisa da It\u00e1lia falar\u00e3o das possibilidades de intera\u00e7\u00e3o com empresas brasileiras no 6\u00ba Culturas da Inova\u00e7\u00e3o, nos dias 05 e 06 de junho. <!--:--><\/p>\n","protected":false},"author":8,"featured_media":6832,"comment_status":"open","ping_status":"open","sticky":false,"template":"","format":"standard","meta":{"footnotes":"","_links_to":"","_links_to_target":""},"categories":[3],"tags":[],"calendar":[],"_links":{"self":[{"href":"https:\/\/anprotec.org.br\/site\/wp-json\/wp\/v2\/posts\/6830"}],"collection":[{"href":"https:\/\/anprotec.org.br\/site\/wp-json\/wp\/v2\/posts"}],"about":[{"href":"https:\/\/anprotec.org.br\/site\/wp-json\/wp\/v2\/types\/post"}],"author":[{"embeddable":true,"href":"https:\/\/anprotec.org.br\/site\/wp-json\/wp\/v2\/users\/8"}],"replies":[{"embeddable":true,"href":"https:\/\/anprotec.org.br\/site\/wp-json\/wp\/v2\/comments?post=6830"}],"version-history":[{"count":2,"href":"https:\/\/anprotec.org.br\/site\/wp-json\/wp\/v2\/posts\/6830\/revisions"}],"predecessor-version":[{"id":6834,"href":"https:\/\/anprotec.org.br\/site\/wp-json\/wp\/v2\/posts\/6830\/revisions\/6834"}],"wp:featuredmedia":[{"embeddable":true,"href":"https:\/\/anprotec.org.br\/site\/wp-json\/wp\/v2\/media\/6832"}],"wp:attachment":[{"href":"https:\/\/anprotec.org.br\/site\/wp-json\/wp\/v2\/media?parent=6830"}],"wp:term":[{"taxonomy":"category","embeddable":true,"href":"https:\/\/anprotec.org.br\/site\/wp-json\/wp\/v2\/categories?post=6830"},{"taxonomy":"post_tag","embeddable":true,"href":"https:\/\/anprotec.org.br\/site\/wp-json\/wp\/v2\/tags?post=6830"},{"taxonomy":"calendar","embeddable":true,"href":"https:\/\/anprotec.org.br\/site\/wp-json\/wp\/v2\/calendar?post=6830"}],"curies":[{"name":"wp","href":"https:\/\/api.w.org\/{rel}","templated":true}]}}