{"id":6823,"date":"2014-06-04T10:34:17","date_gmt":"2014-06-04T13:34:17","guid":{"rendered":"http:\/\/anprotec.org.br\/site\/?p=6823"},"modified":"2014-06-04T10:34:17","modified_gmt":"2014-06-04T13:34:17","slug":"mdic-lanca-inovaativa-2014-e-recebe-projetos","status":"publish","type":"post","link":"https:\/\/anprotec.org.br\/site\/2014\/06\/mdic-lanca-inovaativa-2014-e-recebe-projetos\/","title":{"rendered":"<!--:pt-->MDIC lan\u00e7a InovaAtiva 2014 e recebe projetos<!--:-->"},"content":{"rendered":"<p><!--:pt--><\/p>\n<p style=\"text-align: justify\"><img decoding=\"async\" loading=\"lazy\" class=\"alignleft size-thumbnail wp-image-6827\" src=\"https:\/\/anprotec.org.br\/site\/wp-content\/uploads\/2014\/06\/inovativa1-270x160.png\" alt=\"inovativa\" width=\"270\" height=\"160\" \/>O Minist\u00e9rio do Desenvolvimento, Ind\u00fastria e Com\u00e9rcio Exterior (MDIC) lan\u00e7ou na \u00faltima semana o programa InovaAtiva Brasil 2014, que oferece capacita\u00e7\u00e3o em gest\u00e3o empresarial a empreendedores de neg\u00f3cios inovadores. O programa \u00e9 gratuito e re\u00fane material em v\u00eddeos e textos focados nas melhores pr\u00e1ticas empresariais.<\/p>\n<p style=\"text-align: justify\">&#8220;O InovAtiva Brasil \u00e9 aberto a todos os empreendedores que t\u00eam uma boa ideia, projeto ou tecnologia, mas que n\u00e3o t\u00eam experi\u00eancia ou acesso ao mundo dos neg\u00f3cios. Vamos oferecer a eles as melhores t\u00e9cnicas e ferramentas pr\u00e1ticas de gest\u00e3o para que possam escalar os seus neg\u00f3cios&#8221;, explicou o Secret\u00e1rio de Inova\u00e7\u00e3o do MDIC, Nelson Fujimoto.<\/p>\n<p style=\"text-align: justify\">Os participantes do InovaAtiva ter\u00e3o acesso aos laborat\u00f3rios de tecnologia e programas de inova\u00e7\u00e3o e empreendedorismo do Servi\u00e7o Nacional de Aprendizagem Industrial (Senai), conforme acordo de coopera\u00e7\u00e3o entre o MDIC e a institui\u00e7\u00e3o.<\/p>\n<p style=\"text-align: justify\"><strong>Programa <\/strong><\/p>\n<p style=\"text-align: justify\">O InovaAtiva \u00e9 dividido em etapas. A primeira delas \u00e9 totalmente online e, ao fim, os empreendedores poder\u00e3o submeter os projetos para continuar no programa. A segunda ter\u00e1 a participa\u00e7\u00e3o de at\u00e9 300 projetos que demonstrarem maior potencial e inova\u00e7\u00e3o. Os empreendedores ter\u00e3o apoio presencial e individualizado de mentores-empreendedores.<\/p>\n<p style=\"text-align: justify\">Ap\u00f3s a mentoria, os empreendedores que apresentarem os melhores projetos s\u00e3o selecionados para uma terceira fase, na qual poder\u00e3o interagir com potenciais investidores e parceiros. A capacita\u00e7\u00e3o nesta fase consiste em <em>bootcamps <\/em>(treinamento intensivo), bem como na apresenta\u00e7\u00e3o das empresas para bancas de empreendedores e potenciais investidores.<\/p>\n<p style=\"text-align: justify\">Para mais informa\u00e7\u00f5es, acesse o site do InovaAtiva, <a href=\"http:\/\/www.inovativabrasil.com.br\">neste link<\/a>.<\/p>\n<p style=\"text-align: justify\">* Com informa\u00e7\u00f5es da Ag\u00eancia Gest\u00e3o CT&amp;I e MDIC<\/p>\n<p><!--:--><\/p>\n","protected":false},"excerpt":{"rendered":"<p><!--:pt-->Programa gratuito oferece capacita\u00e7\u00e3o em gest\u00e3o empresarial para empreendedores de neg\u00f3cios inovadores, por meio de materiais focados em melhores pr\u00e1ticas e mentoria. <!--:--><\/p>\n","protected":false},"author":8,"featured_media":6827,"comment_status":"open","ping_status":"open","sticky":false,"template":"","format":"standard","meta":{"footnotes":"","_links_to":"","_links_to_target":""},"categories":[3],"tags":[],"calendar":[],"_links":{"self":[{"href":"https:\/\/anprotec.org.br\/site\/wp-json\/wp\/v2\/posts\/6823"}],"collection":[{"href":"https:\/\/anprotec.org.br\/site\/wp-json\/wp\/v2\/posts"}],"about":[{"href":"https:\/\/anprotec.org.br\/site\/wp-json\/wp\/v2\/types\/post"}],"author":[{"embeddable":true,"href":"https:\/\/anprotec.org.br\/site\/wp-json\/wp\/v2\/users\/8"}],"replies":[{"embeddable":true,"href":"https:\/\/anprotec.org.br\/site\/wp-json\/wp\/v2\/comments?post=6823"}],"version-history":[{"count":3,"href":"https:\/\/anprotec.org.br\/site\/wp-json\/wp\/v2\/posts\/6823\/revisions"}],"predecessor-version":[{"id":6829,"href":"https:\/\/anprotec.org.br\/site\/wp-json\/wp\/v2\/posts\/6823\/revisions\/6829"}],"wp:featuredmedia":[{"embeddable":true,"href":"https:\/\/anprotec.org.br\/site\/wp-json\/wp\/v2\/media\/6827"}],"wp:attachment":[{"href":"https:\/\/anprotec.org.br\/site\/wp-json\/wp\/v2\/media?parent=6823"}],"wp:term":[{"taxonomy":"category","embeddable":true,"href":"https:\/\/anprotec.org.br\/site\/wp-json\/wp\/v2\/categories?post=6823"},{"taxonomy":"post_tag","embeddable":true,"href":"https:\/\/anprotec.org.br\/site\/wp-json\/wp\/v2\/tags?post=6823"},{"taxonomy":"calendar","embeddable":true,"href":"https:\/\/anprotec.org.br\/site\/wp-json\/wp\/v2\/calendar?post=6823"}],"curies":[{"name":"wp","href":"https:\/\/api.w.org\/{rel}","templated":true}]}}