{"id":682,"date":"2012-11-01T21:19:05","date_gmt":"2012-11-02T00:19:05","guid":{"rendered":"http:\/\/anprotec.org.br\/site\/?p=682"},"modified":"2012-11-07T15:24:38","modified_gmt":"2012-11-07T18:24:38","slug":"anprotec-realiza-workshop-e-curso-sobre-modelo","status":"publish","type":"post","link":"https:\/\/anprotec.org.br\/site\/2012\/11\/anprotec-realiza-workshop-e-curso-sobre-modelo\/","title":{"rendered":"Anprotec realiza Workshop e Curso sobre Cerne"},"content":{"rendered":"<p><a href=\"https:\/\/anprotec.org.br\/site\/2012\/10\/ultimos-dias-para-inscricoes-de-softwares-para-o-cerne\/infoe1-4\/\" rel=\"attachment wp-att-670\"><img decoding=\"async\" loading=\"lazy\" class=\"alignleft size-full wp-image-670\" title=\"infoe1\" src=\"https:\/\/anprotec.org.br\/site\/wp-content\/uploads\/2012\/10\/infoe13.jpg\" alt=\"\" width=\"270\" height=\"160\" \/><\/a><\/p>\n<p style=\"text-align: justify;\">De 28 a 30 de novembro deste ano, a Anprotec promover\u00e1, em Bras\u00edlia (DF), mais uma rodada de capacita\u00e7\u00e3o sobre o modelo Cerne de gest\u00e3o de incubadoras de empresas. Ao todo, ser\u00e3o 24 horas-aula, divididas entre o Workshop de Nivelamento do Cerne e o Curso de Implanta\u00e7\u00e3o do Cerne 1. Os participantes poder\u00e3o realizar os dois ou optar por apenas um deles.<\/p>\n<p style=\"text-align: justify;\">Com carga de 8 horas, o Workshop de Nivelamento ser\u00e1 realizado no dia 28 e ter\u00e1 como objetivo fixar conceitos e explicar a metodologia de implanta\u00e7\u00e3o dos n\u00edveis de maturidade Cerne, bem como os requisitos para obten\u00e7\u00e3o e manuten\u00e7\u00e3o do credenciamento. Entre os conte\u00fados a serem abordados, est\u00e3o o vocabul\u00e1rio relacionado ao modelo, os princ\u00edpios e a estrutura do Cerne, as pr\u00e1ticas e processos-chave, as etapas do credenciamento, a autoavalia\u00e7\u00e3o e as ferramentas dispon\u00edveis.<\/p>\n<p style=\"text-align: justify;\">No dia 29 ser\u00e1 iniciado o Curso de Implanta\u00e7\u00e3o do Cerne 1, focado em capacitar \u00a0participantes na concep\u00e7\u00e3o, implanta\u00e7\u00e3o e opera\u00e7\u00e3o de sistemas de incuba\u00e7\u00e3o, de forma a possibilitar a gera\u00e7\u00e3o sistem\u00e1tica de inova\u00e7\u00f5es. Dividido em quatro m\u00f3dulos, o Curso se estender\u00e1 at\u00e9 o dia 30 de novembro, abordando conte\u00fados que v\u00e3o desde a sele\u00e7\u00e3o de empreendimentos inovadores at\u00e9 a sustentabilidade das incubadoras.<\/p>\n<p style=\"text-align: justify;\">As inscri\u00e7\u00f5es est\u00e3o abertas at\u00e9 o pr\u00f3ximo dia 23 de novembro. Tanto o Workshop de Nivelamento quanto o Curso de Implanta\u00e7\u00e3o tem 50 vagas dispon\u00edveis. Ambos ser\u00e3o realizados no Hotel Comfort Su\u00edtes Bras\u00edlia, que fica no Setor Hoteleiro Norte, Quadra 4, Bloco D,\u00a0s\/n\u00ba &#8212; veja outras <a href=\"http:\/\/www.anprotec.org.br\/Relata\/Cerne\/Sugest\u00f5es%20de%20hospedagem_Cerne.pdf\">sugest\u00f5es de hospedagem<\/a> para o per\u00edodo.<\/p>\n<p style=\"text-align: justify;\">Confira informa\u00e7\u00f5es detalhadas sobre ementas, conte\u00fados, formul\u00e1rios e taxas de inscri\u00e7\u00e3o nos links a seguir:<\/p>\n<p><a href=\"https:\/\/anprotec.org.br\/site\/2012\/10\/workshop-de-nivelamento-cerne-2\/\">Workshop de Nivelamento Cerne<\/a><\/p>\n<p><a href=\"https:\/\/anprotec.org.br\/site\/2012\/10\/curso-de-implantacao-cerne-i-2\/\">Curso de Implanta\u00e7\u00e3o Cerne 1<\/a><\/p>\n<p>&nbsp;<\/p>\n<p>Veja tamb\u00e9m a\u00a0<a href=\"http:\/\/www.anprotec.org.br\/ecerne\/index3.html\">agenda de atividades do Cerne<\/a>\u00a0para os pr\u00f3ximos meses.<\/p>\n","protected":false},"excerpt":{"rendered":"<p>De 28 a 30 de novembro deste ano, a Anprotec promover\u00e1, em Bras\u00edlia (DF), mais uma rodada de capacita\u00e7\u00e3o sobre o modelo Cerne de gest\u00e3o de incubadoras de empresas.<\/p>\n","protected":false},"author":8,"featured_media":793,"comment_status":"open","ping_status":"open","sticky":false,"template":"","format":"standard","meta":{"footnotes":"","_links_to":"","_links_to_target":""},"categories":[3],"tags":[],"calendar":[],"_links":{"self":[{"href":"https:\/\/anprotec.org.br\/site\/wp-json\/wp\/v2\/posts\/682"}],"collection":[{"href":"https:\/\/anprotec.org.br\/site\/wp-json\/wp\/v2\/posts"}],"about":[{"href":"https:\/\/anprotec.org.br\/site\/wp-json\/wp\/v2\/types\/post"}],"author":[{"embeddable":true,"href":"https:\/\/anprotec.org.br\/site\/wp-json\/wp\/v2\/users\/8"}],"replies":[{"embeddable":true,"href":"https:\/\/anprotec.org.br\/site\/wp-json\/wp\/v2\/comments?post=682"}],"version-history":[{"count":15,"href":"https:\/\/anprotec.org.br\/site\/wp-json\/wp\/v2\/posts\/682\/revisions"}],"predecessor-version":[{"id":702,"href":"https:\/\/anprotec.org.br\/site\/wp-json\/wp\/v2\/posts\/682\/revisions\/702"}],"wp:featuredmedia":[{"embeddable":true,"href":"https:\/\/anprotec.org.br\/site\/wp-json\/wp\/v2\/media\/793"}],"wp:attachment":[{"href":"https:\/\/anprotec.org.br\/site\/wp-json\/wp\/v2\/media?parent=682"}],"wp:term":[{"taxonomy":"category","embeddable":true,"href":"https:\/\/anprotec.org.br\/site\/wp-json\/wp\/v2\/categories?post=682"},{"taxonomy":"post_tag","embeddable":true,"href":"https:\/\/anprotec.org.br\/site\/wp-json\/wp\/v2\/tags?post=682"},{"taxonomy":"calendar","embeddable":true,"href":"https:\/\/anprotec.org.br\/site\/wp-json\/wp\/v2\/calendar?post=682"}],"curies":[{"name":"wp","href":"https:\/\/api.w.org\/{rel}","templated":true}]}}