{"id":6817,"date":"2014-06-03T13:47:26","date_gmt":"2014-06-03T16:47:26","guid":{"rendered":"http:\/\/anprotec.org.br\/site\/?p=6817"},"modified":"2014-06-03T13:47:59","modified_gmt":"2014-06-03T16:47:59","slug":"seminario-discutira-politicas-publicas-para-games-no-brasil","status":"publish","type":"post","link":"https:\/\/anprotec.org.br\/site\/2014\/06\/seminario-discutira-politicas-publicas-para-games-no-brasil\/","title":{"rendered":"<!--:pt-->Semin\u00e1rio discutir\u00e1 pol\u00edticas p\u00fablicas para games<!--:-->"},"content":{"rendered":"<p><!--:pt--><\/p>\n<p style=\"text-align: justify\"><img decoding=\"async\" loading=\"lazy\" class=\"alignleft size-thumbnail wp-image-6761\" src=\"https:\/\/anprotec.org.br\/site\/wp-content\/uploads\/2014\/05\/games2-270x160.jpg\" alt=\"games2\" width=\"270\" height=\"160\" \/>Na pr\u00f3xima ter\u00e7a-feira (10), o Semin\u00e1rio \u201cPol\u00edticas P\u00fablicas para a Ind\u00fastria Brasileira de Jogos Digitais\u201d apresentar\u00e1 os principais resultados de um projeto desenvolvido por pesquisadores do N\u00facleo de Pol\u00edtica e Gest\u00e3o Tecnol\u00f3gica da Universidade de S\u00e3o Paulo (PGT-USP), com o objetivo de estabelecer um conjunto de pol\u00edticas p\u00fablicas visando ao desenvolvimento da ind\u00fastria brasileira de jogos digitais (games).<\/p>\n<p style=\"text-align: justify\">Para chegar a proposi\u00e7\u00f5es de pol\u00edticas, foi feito o mapeamento da ind\u00fastria global de games, estudados os sistemas de pol\u00edticas p\u00fablicas adotadas por pa\u00edses l\u00edderes, analisada a ind\u00fastria local, escolhidos os ecossistemas priorit\u00e1rios e realizado consultas \u00e0 comunidade nacional e internacional.O evento ocorre das 11h30 \u00e0s 13h, do dia 10 de junho, na Sala Ruy Leme, da Faculdade de Economia, Administra\u00e7\u00e3o e Contabilidade (FEA\/USP).<\/p>\n<p style=\"text-align: justify\">O professor do Departamento de Engenharia de Produ\u00e7\u00e3o da USP, Davi Nakano, far\u00e1 uma exposi\u00e7\u00e3o, seguida de debate com especialistas e representantes do Banco Nacional de Desenvolvimento Econ\u00f4mico e Social (Bndes), Associa\u00e7\u00e3o Brasileira dos Desenvolvedores de Jogos Digitais (Abragames).<\/p>\n<p style=\"text-align: justify\">Informa\u00e7\u00f5es: <a href=\"mailto:npgctusp@usp.br\">npgctusp@usp.br<\/a><\/p>\n<p style=\"text-align: justify\">* Foto: Shutterstock<\/p>\n<p><!--:--><\/p>\n","protected":false},"excerpt":{"rendered":"<p><!--:pt-->Na pr\u00f3xima ter\u00e7a-feira (10), evento apresentar\u00e1 principais resultados de mapeamento feito por pesquisadores da USP sobre o setor no mundo, incluindo pol\u00edticas dos pa\u00edses lideres. <!--:--><\/p>\n","protected":false},"author":8,"featured_media":6761,"comment_status":"open","ping_status":"open","sticky":false,"template":"","format":"standard","meta":{"footnotes":"","_links_to":"","_links_to_target":""},"categories":[3],"tags":[],"calendar":[],"_links":{"self":[{"href":"https:\/\/anprotec.org.br\/site\/wp-json\/wp\/v2\/posts\/6817"}],"collection":[{"href":"https:\/\/anprotec.org.br\/site\/wp-json\/wp\/v2\/posts"}],"about":[{"href":"https:\/\/anprotec.org.br\/site\/wp-json\/wp\/v2\/types\/post"}],"author":[{"embeddable":true,"href":"https:\/\/anprotec.org.br\/site\/wp-json\/wp\/v2\/users\/8"}],"replies":[{"embeddable":true,"href":"https:\/\/anprotec.org.br\/site\/wp-json\/wp\/v2\/comments?post=6817"}],"version-history":[{"count":2,"href":"https:\/\/anprotec.org.br\/site\/wp-json\/wp\/v2\/posts\/6817\/revisions"}],"predecessor-version":[{"id":6819,"href":"https:\/\/anprotec.org.br\/site\/wp-json\/wp\/v2\/posts\/6817\/revisions\/6819"}],"wp:featuredmedia":[{"embeddable":true,"href":"https:\/\/anprotec.org.br\/site\/wp-json\/wp\/v2\/media\/6761"}],"wp:attachment":[{"href":"https:\/\/anprotec.org.br\/site\/wp-json\/wp\/v2\/media?parent=6817"}],"wp:term":[{"taxonomy":"category","embeddable":true,"href":"https:\/\/anprotec.org.br\/site\/wp-json\/wp\/v2\/categories?post=6817"},{"taxonomy":"post_tag","embeddable":true,"href":"https:\/\/anprotec.org.br\/site\/wp-json\/wp\/v2\/tags?post=6817"},{"taxonomy":"calendar","embeddable":true,"href":"https:\/\/anprotec.org.br\/site\/wp-json\/wp\/v2\/calendar?post=6817"}],"curies":[{"name":"wp","href":"https:\/\/api.w.org\/{rel}","templated":true}]}}