{"id":6806,"date":"2014-06-03T11:38:07","date_gmt":"2014-06-03T14:38:07","guid":{"rendered":"http:\/\/anprotec.org.br\/site\/?p=6806"},"modified":"2014-06-03T13:44:57","modified_gmt":"2014-06-03T16:44:57","slug":"pqtec-firma-acordo-de-cooperacao-internacional-com-a-florida","status":"publish","type":"post","link":"https:\/\/anprotec.org.br\/site\/2014\/06\/pqtec-firma-acordo-de-cooperacao-internacional-com-a-florida\/","title":{"rendered":"<!--:pt--> Pqtec firma acordo de coopera\u00e7\u00e3o internacional <!--:-->"},"content":{"rendered":"<p><!--:pt--><\/p>\n<p style=\"text-align: justify\"><img decoding=\"async\" loading=\"lazy\" class=\"alignleft size-thumbnail wp-image-6807\" src=\"https:\/\/anprotec.org.br\/site\/wp-content\/uploads\/2014\/06\/acordo-parque-tecnologico-270x160.jpg\" alt=\"acordo parque tecnologico\" width=\"270\" height=\"160\" \/>O Parque Tecnol\u00f3gico \u2013 S\u00e3o Jos\u00e9 dos Campos firmou um acordo com a <em>Brazil Florida Chambers of Commerce<\/em> (BFCC) em conjunto com a <em>Florida International Business School<\/em> (FIBS), que possibilitar\u00e1 a coopera\u00e7\u00e3o internacional de transfer\u00eancia de tecnologia e a\u00e7\u00f5es conjuntas, principalmente, na \u00e1rea de inova\u00e7\u00e3o e em capacita\u00e7\u00e3o entre as empresas brasileiras e o mercado norte americano.<\/p>\n<p style=\"text-align: justify\">O acordo firmado na \u00faltima ter\u00e7a-feira (27) entre o diretor geral do Parque Tecnol\u00f3gico, Horacio Forjaz, o presidente da BFCC, Jeferson Michaelis, e o CEO da Florida Internacional Business School (FIBS), Marcos Bonf\u00e1, permitir\u00e1 que as empresas brasileiras participem de treinamentos exclusivos de lideran\u00e7a e tecnologia nos EUA com uma parceria com a NASA.<\/p>\n<p style=\"text-align: justify\">O presidente da <em>Brazil-Florida Chamber of Commerce<\/em>, Jeferson Michaelis, destaca que \u201ca partir do acordo, os empres\u00e1rios, engenheiros, executivos e tecn\u00f3logos brasileiros ter\u00e3o a possibilidade de utilizar a institui\u00e7\u00e3o para desenvolver projetos inovadores nos EUA, participar de miss\u00f5es t\u00e9cnicas de neg\u00f3cio, interc\u00e2mbios <em>hands on<\/em> e poder\u00e3o, no futuro, ter acesso a patentes e projetos de P&amp;D que est\u00e3o sendo\u00a0 desenvolvidos em colabora\u00e7\u00e3o com a NASA.\u201d<\/p>\n<p style=\"text-align: justify\">Para o CEO da Florida Internacional Business School (FIBS), Marcos Bonf\u00e1, essa oportunidade vai possibilitar os conhecimentos das tecnologias adquiridos em anos de desenvolvimento e centenas de bilh\u00f5es de d\u00f3lares investidos pela NASA. \u201cSabemos do espirito empreendedor e da capacidade nata de aprendizado e adequa\u00e7\u00e3o dos profissionais brasileiros, abrindo grandes possibilidades de inova\u00e7\u00e3o para as empresas brasileiras&#8221;, comenta Bonf\u00e1.<\/p>\n<p style=\"text-align: justify\">* Com foto e informa\u00e7\u00f5es do Parque Tecnol\u00f3gico \u2013 S\u00e3o Jos\u00e9 dos Campos<\/p>\n<p><!--:--><\/p>\n","protected":false},"excerpt":{"rendered":"<p><!--:pt-->Parceria firmada pelo Parque Tecnol\u00f3gico \u2013 S\u00e3o Jos\u00e9 dos Campos possibilitar\u00e1 transfer\u00eancia de tecnologia e a\u00e7\u00f5es conjuntas, na \u00e1rea de inova\u00e7\u00e3o e em capacita\u00e7\u00e3o para as empresas. <!--:--><\/p>\n","protected":false},"author":8,"featured_media":6807,"comment_status":"open","ping_status":"open","sticky":false,"template":"","format":"standard","meta":{"footnotes":"","_links_to":"","_links_to_target":""},"categories":[3],"tags":[],"calendar":[],"_links":{"self":[{"href":"https:\/\/anprotec.org.br\/site\/wp-json\/wp\/v2\/posts\/6806"}],"collection":[{"href":"https:\/\/anprotec.org.br\/site\/wp-json\/wp\/v2\/posts"}],"about":[{"href":"https:\/\/anprotec.org.br\/site\/wp-json\/wp\/v2\/types\/post"}],"author":[{"embeddable":true,"href":"https:\/\/anprotec.org.br\/site\/wp-json\/wp\/v2\/users\/8"}],"replies":[{"embeddable":true,"href":"https:\/\/anprotec.org.br\/site\/wp-json\/wp\/v2\/comments?post=6806"}],"version-history":[{"count":2,"href":"https:\/\/anprotec.org.br\/site\/wp-json\/wp\/v2\/posts\/6806\/revisions"}],"predecessor-version":[{"id":6816,"href":"https:\/\/anprotec.org.br\/site\/wp-json\/wp\/v2\/posts\/6806\/revisions\/6816"}],"wp:featuredmedia":[{"embeddable":true,"href":"https:\/\/anprotec.org.br\/site\/wp-json\/wp\/v2\/media\/6807"}],"wp:attachment":[{"href":"https:\/\/anprotec.org.br\/site\/wp-json\/wp\/v2\/media?parent=6806"}],"wp:term":[{"taxonomy":"category","embeddable":true,"href":"https:\/\/anprotec.org.br\/site\/wp-json\/wp\/v2\/categories?post=6806"},{"taxonomy":"post_tag","embeddable":true,"href":"https:\/\/anprotec.org.br\/site\/wp-json\/wp\/v2\/tags?post=6806"},{"taxonomy":"calendar","embeddable":true,"href":"https:\/\/anprotec.org.br\/site\/wp-json\/wp\/v2\/calendar?post=6806"}],"curies":[{"name":"wp","href":"https:\/\/api.w.org\/{rel}","templated":true}]}}