{"id":6785,"date":"2014-06-02T11:53:35","date_gmt":"2014-06-02T14:53:35","guid":{"rendered":"http:\/\/anprotec.org.br\/site\/?p=6785"},"modified":"2014-06-02T11:54:51","modified_gmt":"2014-06-02T14:54:51","slug":"english-incubadora-apresenta-modelo-de-gestao","status":"publish","type":"post","link":"https:\/\/anprotec.org.br\/site\/2014\/06\/english-incubadora-apresenta-modelo-de-gestao\/","title":{"rendered":"<!--:pt-->Incubadora apresenta modelo de gest\u00e3o <!--:-->"},"content":{"rendered":"<p><!--:pt--><\/p>\n<p style=\"text-align: justify\"><img decoding=\"async\" loading=\"lazy\" class=\"alignleft size-thumbnail wp-image-6790\" src=\"https:\/\/anprotec.org.br\/site\/wp-content\/uploads\/2014\/06\/incubadora-11-270x160.jpg\" alt=\"incubadora (1)\" width=\"270\" height=\"160\" \/>Na \u00faltima semana, representantes da Prefeitura e da Associa\u00e7\u00e3o Empresarial de Campo Alegre (Aciaca) estiveram na Incubadora Tecnol\u00f3gica de S\u00e3o Bento do Sul com o intuito de conhecer um pouco mais sobre o modelo de gest\u00e3o e sua infraestrututura. Com previs\u00e3o de abertura de edital para sele\u00e7\u00e3o de novas empresas no m\u00eas de agosto, a forma\u00e7\u00e3o da Incubadoura Tecnol\u00f3gica de Campo Alegre est\u00e1 em sua fase final.<\/p>\n<p style=\"text-align: justify\">Na oportunidade, duas empresas incubadas apresentaram seus cases, relatando os benef\u00edcios, as oportunidades e todo o suporte que possuem. O Presidente do Conselho Curador da Fetep (Funda\u00e7\u00e3o de Ensino, Tecnologia e Pesquisa), Adelino Denk, contou um pouco dos trabalhos realizados durante a sua gest\u00e3o, as experi\u00eancias e parcerias com outras entidades.<\/p>\n<p style=\"text-align: justify\">No encontro foi poss\u00edvel conhecer todo o funcionamento da Itfetep, o apoio oferecido para as empresas, o processo de incuba\u00e7\u00e3o e tamb\u00e9m tirar d\u00favidas. Ingo ressalta que a contribui\u00e7\u00e3o neste momento est\u00e1 sendo essencial. &#8220;Muitas entidades est\u00e3o nos apoiando e oferecendo todo o suporte para a forma\u00e7\u00e3o da Incubadora. Hoje conhecendo mais sobre o modelo de S\u00e3o Bento iremos avan\u00e7ar com certeza&#8221;, avalia.<\/p>\n<p style=\"text-align: justify\">A Incubadora Tecnol\u00f3gica de Campo Alegre ir\u00e1 funcionar na sede da Aciaca, mas tamb\u00e9m com extens\u00e3o em Bateias de Baixo e Fragosos. O Presidente da Aciaca, Ingo Rusch Alandt, explica o andamento do projeto. &#8220;A Incubadora de Campo Alegre ser\u00e1 formalizada por meio de parcerias de 28 entidades e estamos na fase de organiza\u00e7\u00e3o de documenta\u00e7\u00e3o, elabora\u00e7\u00e3o do regimento interno para lan\u00e7armos o edital no m\u00eas de agosto, inicialmente com abertura de cinco vagas&#8221;, destaca.<\/p>\n<p style=\"text-align: justify\">Com a uni\u00e3o da Prefeitura de Campo Alegre e da Aciaca, o projeto j\u00e1 ser\u00e1 estruturado com base na metodologia Cerne, <span class=\"st\"> modelo de gest\u00e3o que visa promover a melhoria dos resultados das incubadoras em termos quantitativos e qualitativo. <\/span><\/p>\n<p style=\"text-align: justify\">* Com informa\u00e7\u00f5es e foto da assessoria de imprensa<\/p>\n<p><!--:--><\/p>\n","protected":false},"excerpt":{"rendered":"<p><!--:pt-->Apresenta\u00e7\u00e3o da  Incubadora Tecnol\u00f3gica de S\u00e3o Bento do Sul (SC) auxilia na forma\u00e7\u00e3o de incubadora no munic\u00edpio vizinho, Campo Alegre, que dever\u00e1 nascer estruturado na metodologia Cerne. <!--:--><\/p>\n","protected":false},"author":8,"featured_media":6790,"comment_status":"open","ping_status":"open","sticky":false,"template":"","format":"standard","meta":{"footnotes":"","_links_to":"","_links_to_target":""},"categories":[3],"tags":[],"calendar":[],"_links":{"self":[{"href":"https:\/\/anprotec.org.br\/site\/wp-json\/wp\/v2\/posts\/6785"}],"collection":[{"href":"https:\/\/anprotec.org.br\/site\/wp-json\/wp\/v2\/posts"}],"about":[{"href":"https:\/\/anprotec.org.br\/site\/wp-json\/wp\/v2\/types\/post"}],"author":[{"embeddable":true,"href":"https:\/\/anprotec.org.br\/site\/wp-json\/wp\/v2\/users\/8"}],"replies":[{"embeddable":true,"href":"https:\/\/anprotec.org.br\/site\/wp-json\/wp\/v2\/comments?post=6785"}],"version-history":[{"count":4,"href":"https:\/\/anprotec.org.br\/site\/wp-json\/wp\/v2\/posts\/6785\/revisions"}],"predecessor-version":[{"id":6794,"href":"https:\/\/anprotec.org.br\/site\/wp-json\/wp\/v2\/posts\/6785\/revisions\/6794"}],"wp:featuredmedia":[{"embeddable":true,"href":"https:\/\/anprotec.org.br\/site\/wp-json\/wp\/v2\/media\/6790"}],"wp:attachment":[{"href":"https:\/\/anprotec.org.br\/site\/wp-json\/wp\/v2\/media?parent=6785"}],"wp:term":[{"taxonomy":"category","embeddable":true,"href":"https:\/\/anprotec.org.br\/site\/wp-json\/wp\/v2\/categories?post=6785"},{"taxonomy":"post_tag","embeddable":true,"href":"https:\/\/anprotec.org.br\/site\/wp-json\/wp\/v2\/tags?post=6785"},{"taxonomy":"calendar","embeddable":true,"href":"https:\/\/anprotec.org.br\/site\/wp-json\/wp\/v2\/calendar?post=6785"}],"curies":[{"name":"wp","href":"https:\/\/api.w.org\/{rel}","templated":true}]}}