{"id":6777,"date":"2014-05-30T12:24:44","date_gmt":"2014-05-30T15:24:44","guid":{"rendered":"http:\/\/anprotec.org.br\/site\/?p=6777"},"modified":"2014-06-03T17:31:42","modified_gmt":"2014-06-03T20:31:42","slug":"5a-feira-de-negocios-e-inovacao-do-cdt","status":"publish","type":"post","link":"https:\/\/anprotec.org.br\/site\/2014\/05\/5a-feira-de-negocios-e-inovacao-do-cdt\/","title":{"rendered":"<!--:pt-->5\u00aa Feira de Neg\u00f3cios e Inova\u00e7\u00e3o do CDT<!--:-->"},"content":{"rendered":"<p><!--:pt--><\/p>\n<p style=\"text-align: justify\"><img decoding=\"async\" loading=\"lazy\" class=\"alignleft size-thumbnail wp-image-6780\" src=\"https:\/\/anprotec.org.br\/site\/wp-content\/uploads\/2014\/05\/5a-feira-de-negocios-cdt1-270x160.jpg\" alt=\"5a feira de negocios cdt\" width=\"270\" height=\"160\" \/>No pr\u00f3ximo s\u00e1bado, 07 de junho, o Centro de Apoio ao Desenvolvimento Tecnol\u00f3gico da Universidade de Bras\u00edlia (CDT\/UnB) promove a 5\u00aa Feira de Neg\u00f3cios e Inova\u00e7\u00e3o,\u00a0 das 8h \u00e0s 18h, no Centro Comunit\u00e1rio da UnB. O evento tem como objetivo a difus\u00e3o da cultura empreendedora e o incentivo ao desenvolvimento de novos produtos e servi\u00e7os.<\/p>\n<p style=\"text-align: justify\">Na programa\u00e7\u00e3o, est\u00e3o previstas atividades como: Network Point (troca de experi\u00eancias e contato entre professores, empreendedores, pesquisadores e alunos), Exposi\u00e7\u00e3o Tecnol\u00f3gica (espa\u00e7o para apresenta\u00e7\u00e3o de resultados de projetos desenvolvidos na UnB), Start You Up\u00a0 (momento de mentoria), al\u00e9m de exposi\u00e7\u00e3o de planos de neg\u00f3cios, produtos, processos e servi\u00e7os, por alunos da gradua\u00e7\u00e3o, p\u00f3s-gradua\u00e7\u00e3o e de programas Multincubadora de Empresas e Empresa Junior da UnB.<\/p>\n<p style=\"text-align: justify\"><strong>Informa\u00e7\u00f5es<\/strong><br \/>\n(61) 3107-4134 ou feiradenegocios@cdt.unb.br<\/p>\n<p>* Com informa\u00e7\u00f5es do CDT\/UnB.<!--:--><\/p>\n","protected":false},"excerpt":{"rendered":"<p><!--:pt-->O Centro de Apoio ao Desenvolvimento Tecnol\u00f3gico da Universidade de Bras\u00edlia (CDT\/UnB) promove, no dia 07 de junho, evento para difundir a cultura empreendedora. <!--:--><\/p>\n","protected":false},"author":8,"featured_media":6780,"comment_status":"open","ping_status":"open","sticky":false,"template":"","format":"standard","meta":{"footnotes":"","_links_to":"","_links_to_target":""},"categories":[3],"tags":[],"calendar":[],"_links":{"self":[{"href":"https:\/\/anprotec.org.br\/site\/wp-json\/wp\/v2\/posts\/6777"}],"collection":[{"href":"https:\/\/anprotec.org.br\/site\/wp-json\/wp\/v2\/posts"}],"about":[{"href":"https:\/\/anprotec.org.br\/site\/wp-json\/wp\/v2\/types\/post"}],"author":[{"embeddable":true,"href":"https:\/\/anprotec.org.br\/site\/wp-json\/wp\/v2\/users\/8"}],"replies":[{"embeddable":true,"href":"https:\/\/anprotec.org.br\/site\/wp-json\/wp\/v2\/comments?post=6777"}],"version-history":[{"count":3,"href":"https:\/\/anprotec.org.br\/site\/wp-json\/wp\/v2\/posts\/6777\/revisions"}],"predecessor-version":[{"id":6822,"href":"https:\/\/anprotec.org.br\/site\/wp-json\/wp\/v2\/posts\/6777\/revisions\/6822"}],"wp:featuredmedia":[{"embeddable":true,"href":"https:\/\/anprotec.org.br\/site\/wp-json\/wp\/v2\/media\/6780"}],"wp:attachment":[{"href":"https:\/\/anprotec.org.br\/site\/wp-json\/wp\/v2\/media?parent=6777"}],"wp:term":[{"taxonomy":"category","embeddable":true,"href":"https:\/\/anprotec.org.br\/site\/wp-json\/wp\/v2\/categories?post=6777"},{"taxonomy":"post_tag","embeddable":true,"href":"https:\/\/anprotec.org.br\/site\/wp-json\/wp\/v2\/tags?post=6777"},{"taxonomy":"calendar","embeddable":true,"href":"https:\/\/anprotec.org.br\/site\/wp-json\/wp\/v2\/calendar?post=6777"}],"curies":[{"name":"wp","href":"https:\/\/api.w.org\/{rel}","templated":true}]}}