{"id":6753,"date":"2014-05-29T10:09:38","date_gmt":"2014-05-29T13:09:38","guid":{"rendered":"http:\/\/anprotec.org.br\/site\/?p=6753"},"modified":"2014-05-29T10:13:03","modified_gmt":"2014-05-29T13:13:03","slug":"tecnoparq-recebera-investimento-de-r-15-milhoes","status":"publish","type":"post","link":"https:\/\/anprotec.org.br\/site\/2014\/05\/tecnoparq-recebera-investimento-de-r-15-milhoes\/","title":{"rendered":"<!--:pt-->tecnoPARQ receber\u00e1 investimento de R$ 15 mi<!--:-->"},"content":{"rendered":"<p><!--:pt--><\/p>\n<p style=\"text-align: justify\"><img decoding=\"async\" loading=\"lazy\" class=\"alignleft size-thumbnail wp-image-6754\" src=\"https:\/\/anprotec.org.br\/site\/wp-content\/uploads\/2014\/05\/encontro-270x160.jpg\" alt=\"encontro\" width=\"270\" height=\"160\" \/>O tecnoPARQ uma das unidades do CenTev receber\u00e1 um investimento de R$ 15 milh\u00f5es para a instala\u00e7\u00e3o do Centro Tecnol\u00f3gico de Biosseguran\u00e7a e Quarentena Vegetal (CTBQV).\u00a0 A not\u00edcia foi anunciada pelo secret\u00e1rio executivo do Minist\u00e9rio da Educa\u00e7\u00e3o, professor Luiz Cl\u00e1udio Costa.<\/p>\n<p style=\"text-align: justify\">A libera\u00e7\u00e3o dos recursos \u00e9 resultado do apoio institucional do Minist\u00e9rio da Educa\u00e7\u00e3o (MEC), por meio do secret\u00e1rio Luiz Cl\u00e1udio Costa, junto ao Minist\u00e9rio da Ci\u00eancia, Tecnologia e Inova\u00e7\u00e3o (MCTI) e ao Minist\u00e9rio da Agricultura, Pecu\u00e1ria e Abastecimento (Mapa). Para Lu\u00eds Cla\u00fadio \u201co Centro de Biosseguran\u00e7a e Quarentena Vegetal (CTBQV) \u00e9 um projeto estrat\u00e9gico para o pa\u00eds, e a UFV re\u00fane todas as compet\u00eancias necess\u00e1rias para a sua plena execu\u00e7\u00e3o\u201d. O empenho para a realiza\u00e7\u00e3o das obras, segundo o secret\u00e1rio, dever\u00e1 acontecer at\u00e9 outubro deste ano.<\/p>\n<p style=\"text-align: justify\">Durante o encontro ficou acordado que cada um dos minist\u00e9rios empenhar\u00e1 R$ 5 milh\u00f5es para a viabiliza\u00e7\u00e3o das obras da primeira fase de instala\u00e7\u00e3o do CTBQV. Os recursos para o desenvolvimento dos projetos executivos de engenharia do Centro Tecnol\u00f3gico de Biosseguran\u00e7a e Quarentena Vegetal, bem como do seu Plano de Neg\u00f3cios, foram viabilizados pela Secretaria de Estado de Ci\u00eancia, Tecnologia e Ensino Superior de Minas Gerais (Sectes).<\/p>\n<p style=\"text-align: justify\">A not\u00edcia foi muito bem recebida pela UFV, representada na reuni\u00e3o pelo vice-reitor da Universidade e presidente do Conselho de Administra\u00e7\u00e3o do CenTev, Demetrius David da Silva, e pela diretora executiva do CenTev, Adriana Ferreira de Faria. Segundo eles, o projeto do CTBQV, coordenado pela Universidade por meio do CenTev, vem sendo desenvolvido h\u00e1 mais de dois anos, em fun\u00e7\u00e3o de sua natureza complexa e do volume de recursos necess\u00e1rios para a sua viabiliza\u00e7\u00e3o.<\/p>\n<p style=\"text-align: justify\">O vice-reitor ressalta que o Centro ser\u00e1 um ambiente privilegiado de inova\u00e7\u00e3o, especializado no oferecimento de servi\u00e7os, pesquisas e desenvolvimento de tecnologias em sanidade vegetal. O espa\u00e7o ter\u00e1 a prote\u00e7\u00e3o do agroneg\u00f3cio e da biodiversidade brasileira como alguns de seus principais objetivos. As atividades do Centro estar\u00e3o voltadas para o aprimoramento e a formula\u00e7\u00e3o de novas tecnologias e metodologias de detec\u00e7\u00e3o e erradica\u00e7\u00e3o de pragas ex\u00f3ticas indesej\u00e1veis, que representam uma amea\u00e7a constante ao agroneg\u00f3cio nacional.<\/p>\n<p style=\"text-align: justify\">O Centro trar\u00e1, ainda, contribui\u00e7\u00f5es para medidas de controle de pragas quarenten\u00e1rias, subsidiando os programas governamentais para a prote\u00e7\u00e3o da agricultura nacional e o desenvolvimento de tecnologias inovadoras para o setor, em parceria com as empresas. Com o CTBQV, conforme explica o professor Demetrius, haver\u00e1 mais agilidade no desenvolvimento de pesquisas e solu\u00e7\u00f5es tecnol\u00f3gicas, \u201cpermitindo que o pa\u00eds se consolide, cada vez mais, na posi\u00e7\u00e3o de celeiro agr\u00edcola mundial, al\u00e9m de garantir maior prote\u00e7\u00e3o das lavouras e da biodiversidade nacional, que \u00e9 a maior do planeta\u201d.<\/p>\n<p style=\"text-align: justify\">De acordo com a diretora executiva do CenTev, a infraestrutura do CTBQV atender\u00e1 aos mais rigorosos padr\u00f5es fitossanit\u00e1rios e contar\u00e1 com instala\u00e7\u00f5es de biosseguran\u00e7a de n\u00edvel 3. A \u00e1rea total constru\u00edda ser\u00e1 de aproximadamente tr\u00eas mil metros quadrados, mais de dois mil deles destinados a laborat\u00f3rios e casas de vegeta\u00e7\u00e3o, com alta tecnologia de prote\u00e7\u00e3o. Dessa forma, o CTBQV permitir\u00e1 a realiza\u00e7\u00e3o de atividades tecnol\u00f3gicas que antes s\u00f3 poderiam ser realizadas no exterior.<\/p>\n<p style=\"text-align: justify\">Em sua avalia\u00e7\u00e3o, a instala\u00e7\u00e3o do Centro no tecnoPARQ constituir\u00e1 vetor de atra\u00e7\u00e3o de unidades de pesquisa, desenvolvimento e inova\u00e7\u00e3o e de empresas demandantes dos servi\u00e7os oferecidos, contribuindo para o desenvolvimento do parque tecnol\u00f3gico, consequentemente de Vi\u00e7osa e regi\u00e3o. Para a professora Adriana, \u201ca implanta\u00e7\u00e3o de um empreendimento dessa natureza exige alto comprometimento e investimento, constitui a\u00e7\u00e3o estrat\u00e9gica para os governos e implica em benef\u00edcios para toda a sociedade brasileira. O Centro Tecnol\u00f3gico de Biosseguran\u00e7a e Quarentena Vegetal \u00e9 um projeto estrat\u00e9gico para o desenvolvimento da na\u00e7\u00e3o\u201d.<\/p>\n<p style=\"text-align: justify\">Tamb\u00e9m participaram da reuni\u00e3o em Bras\u00edlia o secret\u00e1rio de Defesa Agropecu\u00e1ria (DAS) do Mapa, Rodrigo Figueiredo; a diretora de Programas da DAS, Teresa Cristina Lustosa; o assessor do MCTI, Bruno Nunes, e a diretora de Desenvolvimento de Rede de Institui\u00e7\u00f5es Federais de Ensino Superior, Adriana Rigon Weska.<\/p>\n<p style=\"text-align: justify\">* Com foto e informa\u00e7\u00f5es do Centev<\/p>\n<p><!--:--><\/p>\n","protected":false},"excerpt":{"rendered":"<p><!--:pt-->Recursos do MEC, MCTI e Mapa ser\u00e3o destinados \u00e0 instala\u00e7\u00e3o do Centro Tecnol\u00f3gico de Biosseguran\u00e7a e Quarentena Vegetal (CTBQV), especializado em sanidade vegetal.<!--:--><\/p>\n","protected":false},"author":8,"featured_media":6755,"comment_status":"open","ping_status":"open","sticky":false,"template":"","format":"standard","meta":{"footnotes":"","_links_to":"","_links_to_target":""},"categories":[3],"tags":[],"calendar":[],"_links":{"self":[{"href":"https:\/\/anprotec.org.br\/site\/wp-json\/wp\/v2\/posts\/6753"}],"collection":[{"href":"https:\/\/anprotec.org.br\/site\/wp-json\/wp\/v2\/posts"}],"about":[{"href":"https:\/\/anprotec.org.br\/site\/wp-json\/wp\/v2\/types\/post"}],"author":[{"embeddable":true,"href":"https:\/\/anprotec.org.br\/site\/wp-json\/wp\/v2\/users\/8"}],"replies":[{"embeddable":true,"href":"https:\/\/anprotec.org.br\/site\/wp-json\/wp\/v2\/comments?post=6753"}],"version-history":[{"count":3,"href":"https:\/\/anprotec.org.br\/site\/wp-json\/wp\/v2\/posts\/6753\/revisions"}],"predecessor-version":[{"id":6757,"href":"https:\/\/anprotec.org.br\/site\/wp-json\/wp\/v2\/posts\/6753\/revisions\/6757"}],"wp:featuredmedia":[{"embeddable":true,"href":"https:\/\/anprotec.org.br\/site\/wp-json\/wp\/v2\/media\/6755"}],"wp:attachment":[{"href":"https:\/\/anprotec.org.br\/site\/wp-json\/wp\/v2\/media?parent=6753"}],"wp:term":[{"taxonomy":"category","embeddable":true,"href":"https:\/\/anprotec.org.br\/site\/wp-json\/wp\/v2\/categories?post=6753"},{"taxonomy":"post_tag","embeddable":true,"href":"https:\/\/anprotec.org.br\/site\/wp-json\/wp\/v2\/tags?post=6753"},{"taxonomy":"calendar","embeddable":true,"href":"https:\/\/anprotec.org.br\/site\/wp-json\/wp\/v2\/calendar?post=6753"}],"curies":[{"name":"wp","href":"https:\/\/api.w.org\/{rel}","templated":true}]}}