{"id":6749,"date":"2014-05-29T10:01:13","date_gmt":"2014-05-29T13:01:13","guid":{"rendered":"http:\/\/anprotec.org.br\/site\/?p=6749"},"modified":"2014-05-29T10:10:54","modified_gmt":"2014-05-29T13:10:54","slug":"inova-sorocaba-abre-edital-para-incubacao","status":"publish","type":"post","link":"https:\/\/anprotec.org.br\/site\/2014\/05\/inova-sorocaba-abre-edital-para-incubacao\/","title":{"rendered":"<!--:pt-->Inova Sorocaba abre edital para incuba\u00e7\u00e3o<!--:-->"},"content":{"rendered":"<p><!--:pt--><\/p>\n<p style=\"text-align: justify\"><img decoding=\"async\" loading=\"lazy\" class=\"alignleft size-thumbnail wp-image-6750\" src=\"https:\/\/anprotec.org.br\/site\/wp-content\/uploads\/2014\/05\/inovasorocaba-270x160.png\" alt=\"inovasorocaba\" width=\"270\" height=\"160\" \/>A Inova Sorocaba, ag\u00eancia de inova\u00e7\u00e3o do Parque Tecnol\u00f3gico, abriu edital para o processo de sele\u00e7\u00e3o de empreendimentos inovadores e de base tecnol\u00f3gica para o programa de Incuba\u00e7\u00e3o de Empresas. S\u00e3o oferecidas 15 vagas para um per\u00edodo m\u00e1ximo de perman\u00eancia de 24 meses, que pode ser prorrogado por mais 12 meses. As inscri\u00e7\u00f5es, no valor de R$ 150, podem ser feitas at\u00e9 o dia 30 de junho.<\/p>\n<p style=\"text-align: justify\">Os projetos dever\u00e3o se enquadrar nas seguintes \u00e1reas de interesse do Parque Tecnol\u00f3gico: automotiva, biotecnologia, eletro eletr\u00f4nica, energias alternativas, engenharia biom\u00e9dica, f\u00e1rmacos e produtos naturais, metal mec\u00e2nica, novos materiais, servi\u00e7os inovadores, sistemas de produ\u00e7\u00e3o, tecnologias de informa\u00e7\u00e3o e comunica\u00e7\u00e3o e economia criativa.<\/p>\n<p style=\"text-align: justify\">A Inova Sorocaba oferecer\u00e1 \u00e0s empresas incubadas os servi\u00e7os de assessoria e apoio para gerenciamento de neg\u00f3cio, orienta\u00e7\u00e3o para comercializa\u00e7\u00e3o de produtos, para exporta\u00e7\u00e3o, gest\u00e3o financeira e de custos, orienta\u00e7\u00e3o jur\u00eddica e assessoria na busca de novas tecnologias.<\/p>\n<p style=\"text-align: justify\">Todas as informa\u00e7\u00f5es e condi\u00e7\u00f5es para se inscrever est\u00e3o no edital, publicado no <a href=\"http:\/\/www.inovasorocaba.org.br\/editais\/edital-de-incubacao-no012014\/\" target=\"_blank\">site da Inova<\/a>.<\/p>\n<p style=\"text-align: justify\"><strong>Servi\u00e7o:<br \/>\n<\/strong>Data para se inscrever: at\u00e9 30\/06\/2014<br \/>\nLocal: Ag\u00eancia Inova Sorocaba, no Parque Tecnol\u00f3gico, av. Itavuvu, 11.777, das 8h \u00e0s 17h.<br \/>\nValor da inscri\u00e7\u00e3o: R$ 150<\/p>\n<p style=\"text-align: justify\">* Com informa\u00e7\u00f5es da Inova Sorocaba<\/p>\n<p><!--:--><\/p>\n","protected":false},"excerpt":{"rendered":"<p><!--:pt-->Ag\u00eancia de inova\u00e7\u00e3o do Parque Tecnol\u00f3gico abriu edital para sele\u00e7\u00e3o de empreendimentos inovadores e de base tecnol\u00f3gica para o programa de Incuba\u00e7\u00e3o. S\u00e3o oferecidas 15 vagas. <!--:--><\/p>\n","protected":false},"author":8,"featured_media":6750,"comment_status":"open","ping_status":"open","sticky":false,"template":"","format":"standard","meta":{"footnotes":"","_links_to":"","_links_to_target":""},"categories":[3],"tags":[],"calendar":[],"_links":{"self":[{"href":"https:\/\/anprotec.org.br\/site\/wp-json\/wp\/v2\/posts\/6749"}],"collection":[{"href":"https:\/\/anprotec.org.br\/site\/wp-json\/wp\/v2\/posts"}],"about":[{"href":"https:\/\/anprotec.org.br\/site\/wp-json\/wp\/v2\/types\/post"}],"author":[{"embeddable":true,"href":"https:\/\/anprotec.org.br\/site\/wp-json\/wp\/v2\/users\/8"}],"replies":[{"embeddable":true,"href":"https:\/\/anprotec.org.br\/site\/wp-json\/wp\/v2\/comments?post=6749"}],"version-history":[{"count":3,"href":"https:\/\/anprotec.org.br\/site\/wp-json\/wp\/v2\/posts\/6749\/revisions"}],"predecessor-version":[{"id":6752,"href":"https:\/\/anprotec.org.br\/site\/wp-json\/wp\/v2\/posts\/6749\/revisions\/6752"}],"wp:featuredmedia":[{"embeddable":true,"href":"https:\/\/anprotec.org.br\/site\/wp-json\/wp\/v2\/media\/6750"}],"wp:attachment":[{"href":"https:\/\/anprotec.org.br\/site\/wp-json\/wp\/v2\/media?parent=6749"}],"wp:term":[{"taxonomy":"category","embeddable":true,"href":"https:\/\/anprotec.org.br\/site\/wp-json\/wp\/v2\/categories?post=6749"},{"taxonomy":"post_tag","embeddable":true,"href":"https:\/\/anprotec.org.br\/site\/wp-json\/wp\/v2\/tags?post=6749"},{"taxonomy":"calendar","embeddable":true,"href":"https:\/\/anprotec.org.br\/site\/wp-json\/wp\/v2\/calendar?post=6749"}],"curies":[{"name":"wp","href":"https:\/\/api.w.org\/{rel}","templated":true}]}}