{"id":6718,"date":"2014-05-28T09:49:49","date_gmt":"2014-05-28T12:49:49","guid":{"rendered":"http:\/\/anprotec.org.br\/site\/?p=6718"},"modified":"2014-05-28T09:49:49","modified_gmt":"2014-05-28T12:49:49","slug":"mcti-lanca-novo-edital-do-startup-brasil","status":"publish","type":"post","link":"https:\/\/anprotec.org.br\/site\/2014\/05\/mcti-lanca-novo-edital-do-startup-brasil\/","title":{"rendered":"<!--:pt-->MCTI lan\u00e7a novo edital do Startup Brasil <!--:-->"},"content":{"rendered":"<p><!--:pt--><\/p>\n<p style=\"text-align: justify\"><img decoding=\"async\" loading=\"lazy\" class=\"alignleft size-thumbnail wp-image-6719\" src=\"https:\/\/anprotec.org.br\/site\/wp-content\/uploads\/2014\/05\/startupbrasil2014-davidrego-270x160.jpg\" alt=\"Virgilio Almeida , secret\u00e1rio de politica de inform\u00e1tica do MC\" width=\"270\" height=\"160\" \/>O secret\u00e1rio de Pol\u00edtica de Inform\u00e1tica do Minist\u00e9rio da Ci\u00eancia, Tecnologia e Informa\u00e7\u00e3o (Sepin\/MCTI), Virg\u00edlio Almeida, e representantes do <a href=\"http:\/\/www.startupbrasil.org.br\/\">programa Start-Up Brasil<\/a> lan\u00e7aram nesta ter\u00e7a-feira (27), em S\u00e3o Paulo, o edital para a sele\u00e7\u00e3o de 100 startups, dividido em duas etapas.<\/p>\n<p style=\"text-align: justify\">A primeira contempla 50 startups, sendo 75% das vagas destinadas a empresas brasileiras e 25%, a empresas internacionais. As inscri\u00e7\u00f5es, que come\u00e7am nesta quarta (28) terminam no dia 14 de julho, podem ser feitas pelo site: <a href=\"http:\/\/www.startupbrasil.org.br\">www.startupbrasil.org.br<\/a>. A segunda fase tamb\u00e9m selecionar\u00e1 50 startups, nos mesmos moldes. O cronograma ter\u00e1 in\u00edcio no pr\u00f3ximo semestre, em data a ser definida.<\/p>\n<p style=\"text-align: justify\">Inserido no programa <a href=\"http:\/\/timaior.mcti.gov.br\/\">TI Maior<\/a>, o Start-Up Brasil \u00e9 uma iniciativa do MCTI em parceria com aceleradoras e visa apoiar empresas nascentes de base tecnol\u00f3gica (startups) que cumprem a fun\u00e7\u00e3o de revitalizar o mercado, elaborando produtos e servi\u00e7os com viabilidade econ\u00f4mico-financeira.<\/p>\n<p style=\"text-align: justify\"><strong>Novidades <\/strong><\/p>\n<p style=\"text-align: justify\">O edital apresenta algumas diferen\u00e7as em rela\u00e7\u00e3o ao lan\u00e7ado em 2013. Desta vez, podem se inscrever empresas com at\u00e9 quatro anos de constitui\u00e7\u00e3o (emiss\u00e3o de CNPJ) \u2013 no edital anterior, o prazo era de tr\u00eas anos. Para facilitar a inscri\u00e7\u00e3o dos projetos, ser\u00e1 fornecido um modelo de proposta que poder\u00e1 ser preenchido online pelas interessadas.<\/p>\n<p style=\"text-align: justify\">O p\u00fablico-alvo tamb\u00e9m foi ampliado. \u201cPela primeira vez, empresas que adotam solu\u00e7\u00f5es inovadoras em hardware tamb\u00e9m ter\u00e3o a possibilidade de participar do Start-Up Brasil\u201d, explicou o secret\u00e1rio do MCTI. \u201cAt\u00e9 ent\u00e3o, apenas as solu\u00e7\u00f5es em software eram contempladas\u201d, disse Virgilio.<\/p>\n<p style=\"text-align: justify\">O edital traz modifica\u00e7\u00f5es que ir\u00e3o ampliar a intera\u00e7\u00e3o entre startups e aceleradoras. \u201cCada startup dever\u00e1 indicar seis aceleradoras de interesse, entre 12 op\u00e7\u00f5es disponibilizadas\u201d, informou o gerente de opera\u00e7\u00f5es do Start-Up Brasil, Vitor Andrade. \u201cEsse processo permitir\u00e1 ao empreendedor avaliar se a aceleradora interessada em seu projeto tem o perfil desejado para alavancar o neg\u00f3cio\u201d.<\/p>\n<p style=\"text-align: justify\">Empresas que j\u00e1 receberam investimentos de uma das aceleradoras que comp\u00f5em a iniciativa n\u00e3o est\u00e3o habilitadas a participar.<\/p>\n<p style=\"text-align: justify\">Brasileiros residentes fora do pa\u00eds h\u00e1 mais de tr\u00eas anos tamb\u00e9m podem apresentar seus projetos para avalia\u00e7\u00e3o, classificando-os como startup internacional, modalidade que ter\u00e1 direito a at\u00e9 25% dos projetos selecionados. \u201cEmpresas estrangeiras n\u00e3o t\u00eam necessidade de apresentar o CNPJ para participar do programa\u201d, explicou Rafael Moreira, diretor de Software e Servi\u00e7os de TI do MCTI.<\/p>\n<p style=\"text-align: justify\"><strong>Cronograma<\/strong><\/p>\n<p style=\"text-align: justify\">Ap\u00f3s o encerramento das inscri\u00e7\u00f5es, no dia 14 de julho, os projetos ser\u00e3o avaliados por uma banca composta por representantes de universidades, pesquisadores, integrantes do MCTI e representantes do setor privado.<\/p>\n<p style=\"text-align: justify\">Com a divulga\u00e7\u00e3o dos resultados e o an\u00fancio das startups selecionadas, come\u00e7a a fase de relacionamento entre os empreendedores e as aceleradoras &#8211; momento em que a startup escolhe a aceleradora que ser\u00e1 sua parceira no desenvolvimento do neg\u00f3cio.<\/p>\n<p style=\"text-align: justify\">Em seguida, inicia-se o processo de acelera\u00e7\u00e3o e libera\u00e7\u00e3o dos recursos. O programa Start-Up Brasil repassar\u00e1 at\u00e9 R$ 200 mil para cada startup desenvolver os projetos apresentados. Esse valor pode ser complementado pelas aceleradoras, sem intermedia\u00e7\u00e3o do minist\u00e9rio.<\/p>\n<p style=\"text-align: justify\">* Com informa\u00e7\u00f5es do MCTI<br \/>\n* Foto: Davi R\u00eago\/ Ascom do MCTI<\/p>\n<p><!--:--><\/p>\n","protected":false},"excerpt":{"rendered":"<p><!--:pt-->Chamada prev\u00ea a sele\u00e7\u00e3o de at\u00e9 100 startups, em duas etapas ao ano, com 75% das vagas para empresas brasileiras e 25% para internacionais. Inscri\u00e7\u00f5es come\u00e7am hoje e v\u00e3o at\u00e9 14 de julho. <!--:--><\/p>\n","protected":false},"author":8,"featured_media":6719,"comment_status":"open","ping_status":"open","sticky":false,"template":"","format":"standard","meta":{"footnotes":"","_links_to":"","_links_to_target":""},"categories":[3],"tags":[],"calendar":[],"_links":{"self":[{"href":"https:\/\/anprotec.org.br\/site\/wp-json\/wp\/v2\/posts\/6718"}],"collection":[{"href":"https:\/\/anprotec.org.br\/site\/wp-json\/wp\/v2\/posts"}],"about":[{"href":"https:\/\/anprotec.org.br\/site\/wp-json\/wp\/v2\/types\/post"}],"author":[{"embeddable":true,"href":"https:\/\/anprotec.org.br\/site\/wp-json\/wp\/v2\/users\/8"}],"replies":[{"embeddable":true,"href":"https:\/\/anprotec.org.br\/site\/wp-json\/wp\/v2\/comments?post=6718"}],"version-history":[{"count":2,"href":"https:\/\/anprotec.org.br\/site\/wp-json\/wp\/v2\/posts\/6718\/revisions"}],"predecessor-version":[{"id":6721,"href":"https:\/\/anprotec.org.br\/site\/wp-json\/wp\/v2\/posts\/6718\/revisions\/6721"}],"wp:featuredmedia":[{"embeddable":true,"href":"https:\/\/anprotec.org.br\/site\/wp-json\/wp\/v2\/media\/6719"}],"wp:attachment":[{"href":"https:\/\/anprotec.org.br\/site\/wp-json\/wp\/v2\/media?parent=6718"}],"wp:term":[{"taxonomy":"category","embeddable":true,"href":"https:\/\/anprotec.org.br\/site\/wp-json\/wp\/v2\/categories?post=6718"},{"taxonomy":"post_tag","embeddable":true,"href":"https:\/\/anprotec.org.br\/site\/wp-json\/wp\/v2\/tags?post=6718"},{"taxonomy":"calendar","embeddable":true,"href":"https:\/\/anprotec.org.br\/site\/wp-json\/wp\/v2\/calendar?post=6718"}],"curies":[{"name":"wp","href":"https:\/\/api.w.org\/{rel}","templated":true}]}}