{"id":6696,"date":"2014-05-27T15:40:27","date_gmt":"2014-05-27T18:40:27","guid":{"rendered":"http:\/\/anprotec.org.br\/site\/?p=6696"},"modified":"2014-05-27T21:06:26","modified_gmt":"2014-05-28T00:06:26","slug":"missao-tecnica-2014-tem-inicio-oficial","status":"publish","type":"post","link":"https:\/\/anprotec.org.br\/site\/2014\/05\/missao-tecnica-2014-tem-inicio-oficial\/","title":{"rendered":"<!--:pt-->Miss\u00e3o 2014 tem in\u00edcio oficial<!--:-->"},"content":{"rendered":"<p><!--:pt--><\/p>\n<p style=\"text-align: justify\">A Miss\u00e3o T\u00e9cnica &amp; Empresarial 2014, com destino \u00e0 China e Finl\u00e2ndia, come\u00e7ou nesta segunda-feira (26). A delega\u00e7\u00e3o brasileira est\u00e1 em Pequim,\u00a0 onde ir\u00e1 conhecer 10\u00a0ambientes de inova\u00e7\u00e3o.<\/p>\n<p style=\"text-align: justify\"><img decoding=\"async\" loading=\"lazy\" class=\"alignleft size-thumbnail wp-image-6704\" src=\"https:\/\/anprotec.org.br\/site\/wp-content\/uploads\/2014\/05\/reuniao-no-zpark-reduz-270x160.jpg\" alt=\"reuniao no zpark reduz\" width=\"270\" height=\"160\" srcset=\"https:\/\/anprotec.org.br\/site\/wp-content\/uploads\/2014\/05\/reuniao-no-zpark-reduz-270x160.jpg 270w, https:\/\/anprotec.org.br\/site\/wp-content\/uploads\/2014\/05\/reuniao-no-zpark-reduz-300x178.jpg 300w, https:\/\/anprotec.org.br\/site\/wp-content\/uploads\/2014\/05\/reuniao-no-zpark-reduz.jpg 500w\" sizes=\"(max-width: 270px) 100vw, 270px\" \/><\/p>\n<p style=\"text-align: justify\">Uma reuni\u00e3o de alinhamento com todos os participantes marcou o in\u00edcio oficial da miss\u00e3o na manh\u00e3 de ontem. Foram apresentadas expectativas quanto ao resultado da viagem tanto por parte da Anprotec quanto pelo MCTI, e dos demais participantes.<\/p>\n<p style=\"text-align: justify\">Ap\u00f3s o encontro, o grupo seguiu para as instala\u00e7\u00f5es do Zhongguancun Science Park (Z-Park), primeiro e mais importante parque tecnol\u00f3gico da China. Formado por um conjunto de 16 subparques, o Z-Park ocupa uma \u00e1rea de 488 km\u00b2.<\/p>\n<p style=\"text-align: justify\">Somente no ano de 2013, ingressaram 6 mil novas empresas no parque &#8211; mais de 90% s\u00e3o classificadas como PME (pequena e micro empresa). Ao todo, as empresas instaladas no Parque faturam juntas cerca de R$ 1 trilh\u00e3o. O Z-Park tamb\u00e9m conta com um Show Room onde as empresas exp\u00f5em suas tecnologias, como a impress\u00e3o 3D de pe\u00e7as de avi\u00e3o e carros el\u00e9tricos que atingem at\u00e9 150 Km\/h.<\/p>\n<p style=\"text-align: justify\">No final do dia, o grupo foi recebido na Embaixada Brasileira em Pequim, pelo Embaixador Valdemar Carneiro Le\u00e3o (foto).<\/p>\n<p style=\"text-align: justify\"><img decoding=\"async\" loading=\"lazy\" class=\"alignleft size-thumbnail wp-image-6705\" src=\"https:\/\/anprotec.org.br\/site\/wp-content\/uploads\/2014\/05\/recebidos-pelo-embaixador-reduz-270x160.jpg\" alt=\"recebidos pelo embaixador reduz\" width=\"270\" height=\"160\" \/><\/p>\n<p style=\"text-align: justify\">Os 38 participantes da miss\u00e3o, que incluem formu\u00adladores de pol\u00edticas p\u00fablicas, dirigentes das entidades de apoio e fomento, al\u00e9m de ges\u00adtores de parques tecnol\u00f3gicos e incubadoras de empresas do Brasil, s\u00e3o representantes de 23 organiza\u00e7\u00f5es brasileiras.<\/p>\n<p style=\"text-align: justify\">A\u00a0Miss\u00e3o \u00e9 realizada em\u00a0conjunto por\u00a0Anprotec e\u00a0os Minist\u00e9rios da Ci\u00eancia, Tecnologia &amp; Inova\u00e7\u00e3o (MCTI) e das Rela\u00e7\u00f5es Exteriores (MRE), com apoio expressivo das Embaixadas Brasileiras na China e na Finl\u00e2ndia. O Servi\u00e7o Brasileiro de Apoio \u00e0s Micro e Pequenas Empresas (Sebrae) e o Conselho Nacional de Secret\u00e1rios para Assuntos de Ci\u00eancia, Tecnologia e Inova\u00e7\u00e3o (Consecti) prestam apoio institucional \u00e0 Miss\u00e3o, que tem por objetivo\u00a0propiciar um contato direto com a experi\u00eancia exitosa dos dois pa\u00edses na consolida\u00e7\u00e3o dos sistemas locais de inova\u00e7\u00e3o.<\/p>\n<p><em>\u00a0<\/em><!--:--><\/p>\n","protected":false},"excerpt":{"rendered":"<p><!--:pt-->No primeiro dia, os integrantes da delega\u00e7\u00e3o da Miss\u00e3o T\u00e9cnica &amp; Empresarial 2014 visitaram o Z-Park em Pequim, cidade onde ir\u00e3o conhecer outros nove ambientes de inova\u00e7\u00e3o.<!--:--><\/p>\n","protected":false},"author":8,"featured_media":6703,"comment_status":"open","ping_status":"open","sticky":false,"template":"","format":"standard","meta":{"footnotes":"","_links_to":"","_links_to_target":""},"categories":[3],"tags":[],"calendar":[],"_links":{"self":[{"href":"https:\/\/anprotec.org.br\/site\/wp-json\/wp\/v2\/posts\/6696"}],"collection":[{"href":"https:\/\/anprotec.org.br\/site\/wp-json\/wp\/v2\/posts"}],"about":[{"href":"https:\/\/anprotec.org.br\/site\/wp-json\/wp\/v2\/types\/post"}],"author":[{"embeddable":true,"href":"https:\/\/anprotec.org.br\/site\/wp-json\/wp\/v2\/users\/8"}],"replies":[{"embeddable":true,"href":"https:\/\/anprotec.org.br\/site\/wp-json\/wp\/v2\/comments?post=6696"}],"version-history":[{"count":12,"href":"https:\/\/anprotec.org.br\/site\/wp-json\/wp\/v2\/posts\/6696\/revisions"}],"predecessor-version":[{"id":6708,"href":"https:\/\/anprotec.org.br\/site\/wp-json\/wp\/v2\/posts\/6696\/revisions\/6708"}],"wp:featuredmedia":[{"embeddable":true,"href":"https:\/\/anprotec.org.br\/site\/wp-json\/wp\/v2\/media\/6703"}],"wp:attachment":[{"href":"https:\/\/anprotec.org.br\/site\/wp-json\/wp\/v2\/media?parent=6696"}],"wp:term":[{"taxonomy":"category","embeddable":true,"href":"https:\/\/anprotec.org.br\/site\/wp-json\/wp\/v2\/categories?post=6696"},{"taxonomy":"post_tag","embeddable":true,"href":"https:\/\/anprotec.org.br\/site\/wp-json\/wp\/v2\/tags?post=6696"},{"taxonomy":"calendar","embeddable":true,"href":"https:\/\/anprotec.org.br\/site\/wp-json\/wp\/v2\/calendar?post=6696"}],"curies":[{"name":"wp","href":"https:\/\/api.w.org\/{rel}","templated":true}]}}