{"id":64818,"date":"2026-09-01T15:25:05","date_gmt":"2026-09-01T18:25:05","guid":{"rendered":"https:\/\/anprotec.org.br\/site\/?p=64818"},"modified":"2026-09-01T15:25:05","modified_gmt":"2026-09-01T18:25:05","slug":"aeb-e-parceiros-divulgam-capacitacao-gratuita-em-empreendedorismo-digital","status":"publish","type":"post","link":"https:\/\/anprotec.org.br\/site\/2026\/09\/aeb-e-parceiros-divulgam-capacitacao-gratuita-em-empreendedorismo-digital\/","title":{"rendered":"AEB e parceiros divulgam capacita\u00e7\u00e3o gratuita em empreendedorismo digital"},"content":{"rendered":"<div>\n<div class=\"wp-block-image\"><img decoding=\"async\" loading=\"lazy\" class=\"wpa-warning wpa-image-missing-alt aligncenter wp-image-64819\" src=\"https:\/\/anprotec.org.br\/site\/wp-content\/uploads\/2026\/09\/20e7ba79-fd87-4d68-bcf1-ed9b78b195ca-300x300.jpeg\" alt=\"\" width=\"800\" height=\"800\" data-warning=\"Missing alt text\" srcset=\"https:\/\/anprotec.org.br\/site\/wp-content\/uploads\/2026\/09\/20e7ba79-fd87-4d68-bcf1-ed9b78b195ca-300x300.jpeg 300w, https:\/\/anprotec.org.br\/site\/wp-content\/uploads\/2026\/09\/20e7ba79-fd87-4d68-bcf1-ed9b78b195ca-146x146.jpeg 146w, https:\/\/anprotec.org.br\/site\/wp-content\/uploads\/2026\/09\/20e7ba79-fd87-4d68-bcf1-ed9b78b195ca-50x50.jpeg 50w, https:\/\/anprotec.org.br\/site\/wp-content\/uploads\/2026\/09\/20e7ba79-fd87-4d68-bcf1-ed9b78b195ca-75x75.jpeg 75w, https:\/\/anprotec.org.br\/site\/wp-content\/uploads\/2026\/09\/20e7ba79-fd87-4d68-bcf1-ed9b78b195ca-85x85.jpeg 85w, https:\/\/anprotec.org.br\/site\/wp-content\/uploads\/2026\/09\/20e7ba79-fd87-4d68-bcf1-ed9b78b195ca-80x80.jpeg 80w, https:\/\/anprotec.org.br\/site\/wp-content\/uploads\/2026\/09\/20e7ba79-fd87-4d68-bcf1-ed9b78b195ca.jpeg 768w\" sizes=\"(max-width: 800px) 100vw, 800px\" \/><\/div>\n<\/div>\n<div class=\"documentDescription\"><em>Curso online ter\u00e1 turmas em setembro e outubro e abordar\u00e1 temas relacionados a neg\u00f3cios digitais e tecnologias espaciais<\/em><\/div>\n<div id=\"viewlet-above-content-body\">\n<p dir=\"ltr\">AAg\u00eancia Espacial Brasileira (AEB), em parceria com o Centro Internacional do Programa das Na\u00e7\u00f5es Unidas para o Desenvolvimento para o Setor Privado no Desenvolvimento (PNUD ICPSD), o PNUD Brasil e a Funda\u00e7\u00e3o HP, divulga a\u00a0<strong><a href=\"https:\/\/forms.cloud.microsoft\/e\/GijgNJt9Ep\" target=\"_blank\" rel=\"noopener\">Capacita\u00e7\u00e3o em Empreendedorismo Digital (Digital Entrepreneurship Training \u2013 DET)<\/a><\/strong>.<\/p>\n<p dir=\"ltr\">De car\u00e1ter gratuito e realizada integralmente online, a capacita\u00e7\u00e3o tem carga hor\u00e1ria de 28 horas e aborda conhecimentos e ferramentas relacionados \u00e0 cria\u00e7\u00e3o e ao desenvolvimento de neg\u00f3cios digitais, incluindo temas relacionados ao setor espacial e a outras \u00e1reas de tecnologia.<\/p>\n<p dir=\"ltr\">Entre os conte\u00fados previstos est\u00e3o design thinking, gest\u00e3o \u00e1gil, ferramentas no-code, intelig\u00eancia artificial para neg\u00f3cios, marketing digital, pitch e capta\u00e7\u00e3o de recursos. A programa\u00e7\u00e3o tamb\u00e9m inclui conte\u00fados sobre dados de sat\u00e9lite, observa\u00e7\u00e3o da Terra e oportunidades de neg\u00f3cio relacionadas \u00e0s tecnologias espaciais.<\/p>\n<p dir=\"ltr\">A capacita\u00e7\u00e3o \u00e9 destinada a cidad\u00e3os brasileiros e pessoas com resid\u00eancia legal no Brasil que trabalham com GIS, GEO AI, dados de sat\u00e9lite, observa\u00e7\u00e3o da Terra e tecnologias geoespaciais, al\u00e9m de estudantes e profissionais das \u00e1reas STEM e de tecnologia, pesquisadores, docentes e equipes de startups interessadas nesses setores.\u00a0N\u00e3o \u00e9 necess\u00e1rio ter empresa constitu\u00edda ou experi\u00eancia pr\u00e9via no setor espacial.<\/p>\n<h4 dir=\"ltr\"><strong>Cronograma da capacita\u00e7\u00e3o<\/strong><\/h4>\n<p dir=\"ltr\"><strong>Turma 1:<\/strong>\u00a07 a 18 de setembro de 2026<br \/>\n<strong>Turma 2:<\/strong>\u00a05 a 16 de outubro de 2026<br \/>\n<strong>Encontros ao vivo:<\/strong>\u00a0ter\u00e7as e quintas-feiras, das 9h \u00e0s 13h, no hor\u00e1rio de Bras\u00edlia.<\/p>\n<p dir=\"ltr\"><strong>Inscri\u00e7\u00f5es:<\/strong>\u00a0at\u00e9 2 de setembro de 2026, \u00e0s 23h59, no hor\u00e1rio de Bras\u00edlia.<\/p>\n<p dir=\"ltr\"><strong>Para realizar a inscri\u00e7\u00e3o, acesse este <a href=\"https:\/\/forms.cloud.microsoft\/e\/GijgNJt9Ep\" target=\"_blank\" rel=\"noopener\">formul\u00e1rio.<\/a><\/strong><\/p>\n<p dir=\"ltr\"><em>Os participantes que conclu\u00edrem o programa receber\u00e3o certificado de conclus\u00e3o emitido pelo PNUD ICPSD.<\/em><\/p>\n<h4 dir=\"ltr\"><strong>Sobre a AEB<\/strong><\/h4>\n<p dir=\"ltr\">A Ag\u00eancia Espacial Brasileira (AEB), \u00f3rg\u00e3o central do Sistema Nacional de Desenvolvimento das Atividades Espaciais (<strong><a href=\"https:\/\/www.gov.br\/aeb\/pt-br\/programa-espacial-brasileiro\/politica-organizacoes-programa-e-projetos\/sistema-nacional-de-desenvolvimento-das-atividades-espaciais-sindae\">SINDAE<\/a><\/strong>), \u00e9 uma autarquia p\u00fablica vinculada ao Minist\u00e9rio da Ci\u00eancia, Tecnologia e Inova\u00e7\u00e3o (<strong><a href=\"https:\/\/www.gov.br\/mcti\/pt-br\">MCTI<\/a><\/strong>), respons\u00e1vel por formular, coordenar e executar a Pol\u00edtica Espacial Brasileira.<\/p>\n<p dir=\"ltr\">Desde a sua cria\u00e7\u00e3o, em 10 de fevereiro de 1994, a Ag\u00eancia trabalha para viabilizar os esfor\u00e7os do Estado Brasileiro na promo\u00e7\u00e3o do bem-estar da sociedade, por meio do emprego soberano do setor espacial.<\/p>\n<\/div>\n<p>Para mais informa\u00e7\u00f5es sobre a capacita\u00e7\u00e3o, acesse o site da AEB: <a href=\"http:\/\/www.gov.br\/aeb\" target=\"_blank\" rel=\"noopener\">www.gov.br\/aeb<\/a><\/p>\n","protected":false},"excerpt":{"rendered":"<p>Curso online ter\u00e1 turmas em setembro e outubro e abordar\u00e1<span class=\"excerpt-hellip\"> [\u2026]<\/span><\/p>\n","protected":false},"author":20,"featured_media":64819,"comment_status":"closed","ping_status":"closed","sticky":false,"template":"","format":"standard","meta":{"footnotes":"","_links_to":"","_links_to_target":""},"categories":[3],"tags":[],"calendar":[],"_links":{"self":[{"href":"https:\/\/anprotec.org.br\/site\/wp-json\/wp\/v2\/posts\/64818"}],"collection":[{"href":"https:\/\/anprotec.org.br\/site\/wp-json\/wp\/v2\/posts"}],"about":[{"href":"https:\/\/anprotec.org.br\/site\/wp-json\/wp\/v2\/types\/post"}],"author":[{"embeddable":true,"href":"https:\/\/anprotec.org.br\/site\/wp-json\/wp\/v2\/users\/20"}],"replies":[{"embeddable":true,"href":"https:\/\/anprotec.org.br\/site\/wp-json\/wp\/v2\/comments?post=64818"}],"version-history":[{"count":1,"href":"https:\/\/anprotec.org.br\/site\/wp-json\/wp\/v2\/posts\/64818\/revisions"}],"predecessor-version":[{"id":64820,"href":"https:\/\/anprotec.org.br\/site\/wp-json\/wp\/v2\/posts\/64818\/revisions\/64820"}],"wp:featuredmedia":[{"embeddable":true,"href":"https:\/\/anprotec.org.br\/site\/wp-json\/wp\/v2\/media\/64819"}],"wp:attachment":[{"href":"https:\/\/anprotec.org.br\/site\/wp-json\/wp\/v2\/media?parent=64818"}],"wp:term":[{"taxonomy":"category","embeddable":true,"href":"https:\/\/anprotec.org.br\/site\/wp-json\/wp\/v2\/categories?post=64818"},{"taxonomy":"post_tag","embeddable":true,"href":"https:\/\/anprotec.org.br\/site\/wp-json\/wp\/v2\/tags?post=64818"},{"taxonomy":"calendar","embeddable":true,"href":"https:\/\/anprotec.org.br\/site\/wp-json\/wp\/v2\/calendar?post=64818"}],"curies":[{"name":"wp","href":"https:\/\/api.w.org\/{rel}","templated":true}]}}