{"id":64814,"date":"2026-09-01T15:18:04","date_gmt":"2026-09-01T18:18:04","guid":{"rendered":"https:\/\/anprotec.org.br\/site\/?p=64814"},"modified":"2026-09-01T15:18:04","modified_gmt":"2026-09-01T18:18:04","slug":"anprotec-participa-do-forum-rnp-2026-e-avanca-na-estruturacao-da-rede-nacional-de-inovacao","status":"publish","type":"post","link":"https:\/\/anprotec.org.br\/site\/2026\/09\/anprotec-participa-do-forum-rnp-2026-e-avanca-na-estruturacao-da-rede-nacional-de-inovacao\/","title":{"rendered":"Anprotec participa do F\u00f3rum RNP 2026 e avan\u00e7a na estrutura\u00e7\u00e3o da Rede Nacional de Inova\u00e7\u00e3o"},"content":{"rendered":"<div class=\"wp-block-image\"><img decoding=\"async\" loading=\"lazy\" class=\"wpa-warning wpa-image-missing-alt aligncenter wp-image-64815 size-large\" src=\"https:\/\/anprotec.org.br\/site\/wp-content\/uploads\/2026\/09\/WhatsApp-Image-2026-08-26-at-17.10.58-768x1024.jpeg\" alt=\"\" width=\"768\" height=\"1024\" data-warning=\"Missing alt text\" srcset=\"https:\/\/anprotec.org.br\/site\/wp-content\/uploads\/2026\/09\/WhatsApp-Image-2026-08-26-at-17.10.58-768x1024.jpeg 768w, https:\/\/anprotec.org.br\/site\/wp-content\/uploads\/2026\/09\/WhatsApp-Image-2026-08-26-at-17.10.58-225x300.jpeg 225w, https:\/\/anprotec.org.br\/site\/wp-content\/uploads\/2026\/09\/WhatsApp-Image-2026-08-26-at-17.10.58-1152x1536.jpeg 1152w, https:\/\/anprotec.org.br\/site\/wp-content\/uploads\/2026\/09\/WhatsApp-Image-2026-08-26-at-17.10.58-110x146.jpeg 110w, https:\/\/anprotec.org.br\/site\/wp-content\/uploads\/2026\/09\/WhatsApp-Image-2026-08-26-at-17.10.58-38x50.jpeg 38w, https:\/\/anprotec.org.br\/site\/wp-content\/uploads\/2026\/09\/WhatsApp-Image-2026-08-26-at-17.10.58-56x75.jpeg 56w, https:\/\/anprotec.org.br\/site\/wp-content\/uploads\/2026\/09\/WhatsApp-Image-2026-08-26-at-17.10.58.jpeg 1200w\" sizes=\"(max-width: 768px) 100vw, 768px\" \/><\/div>\n<p><span style=\"font-weight: 400;\">A presidente da Anprotec, Adriana Ferreira de Faria, participou do F\u00f3rum RNP 2026, promovido pela Rede Nacional de Ensino e Pesquisa (RNP) entre os dias 24 e 27 de agosto, em Bras\u00edlia (DF). Com o tema &#8220;Soberania Digital: Dados, IA e Pessoas&#8221;, o encontro reuniu lideran\u00e7as, pesquisadores e representantes institucionais em debates sobre governan\u00e7a de dados, autonomia tecnol\u00f3gica, intelig\u00eancia artificial, seguran\u00e7a cibern\u00e9tica e infraestrutura digital.<\/span><\/p>\n<p><span style=\"font-weight: 400;\">A presen\u00e7a da dirigente ocorre no contexto do Acordo de Coopera\u00e7\u00e3o assinado pelas duas institui\u00e7\u00f5es em 30 de junho, durante a 36\u00aa Confer\u00eancia Anprotec de Empreendedorismo e Ambientes de Inova\u00e7\u00e3o, em Manaus (AM). O documento estrutura a Rede Nacional de Inova\u00e7\u00e3o, iniciativa que conecta a infraestrutura digital e os servi\u00e7os avan\u00e7ados da RNP aos parques tecnol\u00f3gicos, incubadoras e aceleradoras associados \u00e0 Anprotec, com o objetivo de fortalecer a conectividade, acelerar a transforma\u00e7\u00e3o digital e ampliar a integra\u00e7\u00e3o desses ecossistemas.<\/span><\/p>\n<p><span style=\"font-weight: 400;\">Na ocasi\u00e3o da assinatura, a presidente da Anprotec destacou o alcance da coopera\u00e7\u00e3o. &#8220;Conectar parques tecnol\u00f3gicos, incubadoras e aceleradoras a uma infraestrutura digital de excel\u00eancia \u00e9 fortalecer sua capacidade de gerar neg\u00f3cios, promover transfer\u00eancia de tecnologia e operar agendas de ci\u00eancia, tecnologia e inova\u00e7\u00e3o em escala nacional. A Rede Nacional de Inova\u00e7\u00e3o que estamos estruturando em conjunto com a RNP dar\u00e1 materialidade a essa agenda&#8221;, afirmou Adriana Ferreira de Faria.<\/span><\/p>\n<p><span style=\"font-weight: 400;\">A aproxima\u00e7\u00e3o entre as institui\u00e7\u00f5es tem base normativa desde 2019, quando o Comit\u00ea Gestor da RNP passou a qualificar os ambientes promotores de inova\u00e7\u00e3o como classe apta a integrar o Sistema RNP, ao lado de institui\u00e7\u00f5es de ensino superior e pesquisa, ag\u00eancias de fomento, estabelecimentos de sa\u00fade com ensino e pesquisa e institutos culturais.<\/span><\/p>\n<h4><strong>Sobre o Acordo de Coopera\u00e7\u00e3o<\/strong><\/h4>\n<p><span style=\"font-weight: 400;\">A coopera\u00e7\u00e3o est\u00e1 organizada em quatro eixos:<\/span><\/p>\n<ul>\n<li style=\"font-weight: 400;\" aria-level=\"1\"><span style=\"font-weight: 400;\">cria\u00e7\u00e3o de um F\u00f3rum permanente de Gestores de Tecnologia da Informa\u00e7\u00e3o e Comunica\u00e7\u00e3o (TIC) dos ambientes de inova\u00e7\u00e3o;<\/span><\/li>\n<li style=\"font-weight: 400;\" aria-level=\"1\"><span style=\"font-weight: 400;\">desenvolvimento de um cat\u00e1logo de servi\u00e7os digitais e de infraestrutura da RNP voltado ao setor;<\/span><\/li>\n<li style=\"font-weight: 400;\" aria-level=\"1\"><span style=\"font-weight: 400;\">amplia\u00e7\u00e3o da participa\u00e7\u00e3o dos ambientes de inova\u00e7\u00e3o no Sistema RNP;<\/span><\/li>\n<li style=\"font-weight: 400;\" aria-level=\"1\"><span style=\"font-weight: 400;\">implanta\u00e7\u00e3o de uma governan\u00e7a compartilhada para acompanhar e aperfei\u00e7oar as a\u00e7\u00f5es desenvolvidas pelas duas institui\u00e7\u00f5es.<\/span><\/li>\n<\/ul>\n<p><span style=\"font-weight: 400;\">Organiza\u00e7\u00e3o social respons\u00e1vel por prover infraestrutura avan\u00e7ada de conectividade para institui\u00e7\u00f5es de ensino, pesquisa e inova\u00e7\u00e3o no Brasil, a RNP disponibilizar\u00e1 infraestrutura de conectividade, servi\u00e7os digitais e federa\u00e7\u00e3o de identidade aos ambientes que integrarem seu Sistema, al\u00e9m de coordenar o F\u00f3rum de Gestores de TIC e conduzir o desenvolvimento do cat\u00e1logo de servi\u00e7os.<\/span><\/p>\n<p><span style=\"font-weight: 400;\">\u00c0 Anprotec cabe mobilizar sua rede de associados, apoiar a prospec\u00e7\u00e3o de novos ambientes interessados em aderir ao Sistema RNP e colaborar na constru\u00e7\u00e3o e valida\u00e7\u00e3o do cat\u00e1logo de servi\u00e7os, contribuindo com informa\u00e7\u00f5es sobre as demandas e necessidades do setor. O acordo tem vig\u00eancia inicial de 12 meses, com possibilidade de prorroga\u00e7\u00e3o, e prev\u00ea o in\u00edcio da implementa\u00e7\u00e3o das a\u00e7\u00f5es em at\u00e9 60 dias ap\u00f3s a assinatura.<\/span><\/p>\n","protected":false},"excerpt":{"rendered":"<p>A presidente da Anprotec, Adriana Ferreira de Faria, participou do<span class=\"excerpt-hellip\"> [\u2026]<\/span><\/p>\n","protected":false},"author":20,"featured_media":64815,"comment_status":"closed","ping_status":"closed","sticky":false,"template":"","format":"standard","meta":{"footnotes":"","_links_to":"","_links_to_target":""},"categories":[3],"tags":[],"calendar":[],"_links":{"self":[{"href":"https:\/\/anprotec.org.br\/site\/wp-json\/wp\/v2\/posts\/64814"}],"collection":[{"href":"https:\/\/anprotec.org.br\/site\/wp-json\/wp\/v2\/posts"}],"about":[{"href":"https:\/\/anprotec.org.br\/site\/wp-json\/wp\/v2\/types\/post"}],"author":[{"embeddable":true,"href":"https:\/\/anprotec.org.br\/site\/wp-json\/wp\/v2\/users\/20"}],"replies":[{"embeddable":true,"href":"https:\/\/anprotec.org.br\/site\/wp-json\/wp\/v2\/comments?post=64814"}],"version-history":[{"count":1,"href":"https:\/\/anprotec.org.br\/site\/wp-json\/wp\/v2\/posts\/64814\/revisions"}],"predecessor-version":[{"id":64816,"href":"https:\/\/anprotec.org.br\/site\/wp-json\/wp\/v2\/posts\/64814\/revisions\/64816"}],"wp:featuredmedia":[{"embeddable":true,"href":"https:\/\/anprotec.org.br\/site\/wp-json\/wp\/v2\/media\/64815"}],"wp:attachment":[{"href":"https:\/\/anprotec.org.br\/site\/wp-json\/wp\/v2\/media?parent=64814"}],"wp:term":[{"taxonomy":"category","embeddable":true,"href":"https:\/\/anprotec.org.br\/site\/wp-json\/wp\/v2\/categories?post=64814"},{"taxonomy":"post_tag","embeddable":true,"href":"https:\/\/anprotec.org.br\/site\/wp-json\/wp\/v2\/tags?post=64814"},{"taxonomy":"calendar","embeddable":true,"href":"https:\/\/anprotec.org.br\/site\/wp-json\/wp\/v2\/calendar?post=64814"}],"curies":[{"name":"wp","href":"https:\/\/api.w.org\/{rel}","templated":true}]}}