{"id":64806,"date":"2026-09-01T12:21:26","date_gmt":"2026-09-01T15:21:26","guid":{"rendered":"https:\/\/anprotec.org.br\/site\/?p=64806"},"modified":"2026-09-01T13:41:56","modified_gmt":"2026-09-01T16:41:56","slug":"programa-de-incubacao-cruzada-brasil-chile-abre-inscricoes-para-startups-brasileiras","status":"publish","type":"post","link":"https:\/\/anprotec.org.br\/site\/2026\/09\/programa-de-incubacao-cruzada-brasil-chile-abre-inscricoes-para-startups-brasileiras\/","title":{"rendered":"Programa de Incuba\u00e7\u00e3o Cruzada Brasil-Chile abre inscri\u00e7\u00f5es para startups brasileiras"},"content":{"rendered":"<p><i><span style=\"font-weight: 400;\">Iniciativa da Embaixada do Brasil em Santiago, em parceria com o Centro de Inova\u00e7\u00e3o UC Anacleto Angelini, oferece programa de internacionaliza\u00e7\u00e3o e conex\u00e3o com o ecossistema chileno de inova\u00e7\u00e3o<\/span><\/i><\/p>\n<p><span style=\"font-weight: 400;\">Est\u00e3o abertas as inscri\u00e7\u00f5es para o <\/span><b>Programa de Incuba\u00e7\u00e3o Cruzada Brasil-Chile<\/b><span style=\"font-weight: 400;\">, iniciativa realizada pela Embaixada do Brasil em Santiago, no \u00e2mbito do <\/span><b>Programa de Diplomacia da Inova\u00e7\u00e3o (PDI) 2026<\/b><span style=\"font-weight: 400;\">. As inscri\u00e7\u00f5es seguem at\u00e9 <\/span><b>2 de outubro de 2026<\/b><span style=\"font-weight: 400;\">, e a programa\u00e7\u00e3o presencial ser\u00e1 realizada <\/span><b>de 16 a 20 de novembro<\/b><span style=\"font-weight: 400;\">, em Santiago, no Chile.<\/span><\/p>\n<p><span style=\"font-weight: 400;\">Realizado em parceria com o <\/span><b>Centro de Inova\u00e7\u00e3o UC Anacleto Angelini<\/b><span style=\"font-weight: 400;\">, da Pontif\u00edcia Universidade Cat\u00f3lica do Chile, o programa busca aproximar startups brasileiras do ecossistema chileno de empreendedorismo e inova\u00e7\u00e3o, contribuindo para sua inser\u00e7\u00e3o no mercado local. Ser\u00e3o selecionados <\/span><b>at\u00e9 10 participantes de startups brasileiras<\/b><span style=\"font-weight: 400;\">, com prefer\u00eancia para empreendimentos liderados por mulheres.<\/span><\/p>\n<p><span style=\"font-weight: 400;\">Durante a programa\u00e7\u00e3o, os participantes ter\u00e3o acesso \u00e0 infraestrutura e ao suporte t\u00e9cnico do Centro de Inova\u00e7\u00e3o UC Anacleto Angelini, al\u00e9m de <\/span><b>sess\u00f5es de mentoria e consultorias voltadas \u00e0 internacionaliza\u00e7\u00e3o<\/b><span style=\"font-weight: 400;\">. Tamb\u00e9m est\u00e3o previstas atividades de networking e matchmaking, workshops, capacita\u00e7\u00f5es e visitas a ambientes de inova\u00e7\u00e3o e outras institui\u00e7\u00f5es do ecossistema local.<\/span><\/p>\n<p><span style=\"font-weight: 400;\">A iniciativa inclui ainda ingressos para o <\/span><b>Emprende Tu Mente 2026 (EtMday)<\/b><span style=\"font-weight: 400;\">, encontro que re\u00fane startups, investidores, empresas e outros atores do ecossistema de inova\u00e7\u00e3o e empreendedorismo chileno. O evento ser\u00e1 realizado em Santiago, <\/span><b>de 19 a 21 de novembro<\/b><span style=\"font-weight: 400;\">.<\/span><\/p>\n<p><span style=\"font-weight: 400;\">Os detalhes sobre <\/span><b>requisitos, crit\u00e9rios e etapas de sele\u00e7\u00e3o<\/b><span style=\"font-weight: 400;\"> est\u00e3o dispon\u00edveis na p\u00e1gina da Embaixada do Brasil em Santiago, dedicada ao<\/span><a href=\"https:\/\/www.gov.br\/mre\/pt-br\/embaixada-santiago\/programa-de-incubacao-cruzada-brasil-chile\"> <span style=\"font-weight: 400;\">Programa de Incuba\u00e7\u00e3o Cruzada<\/span><\/a><span style=\"font-weight: 400;\">.<\/span><\/p>\n<p><span style=\"font-weight: 400;\">A a\u00e7\u00e3o integra o <\/span><b>Programa de Diplomacia da Inova\u00e7\u00e3o (PDI)<\/b><span style=\"font-weight: 400;\"> e amplia as oportunidades de internacionaliza\u00e7\u00e3o para startups brasileiras interessadas em conhecer o mercado chileno, estabelecer conex\u00f5es com atores locais e identificar possibilidades de parcerias e neg\u00f3cios no pa\u00eds.<\/span><\/p>\n<p><b>Servi\u00e7o<\/b><\/p>\n<p><b>Programa de Incuba\u00e7\u00e3o Cruzada Brasil-Chile<\/b><b><br \/>\n<\/b><b>Data:<\/b><span style=\"font-weight: 400;\"> 16 a 20 de novembro de 2026<\/span><span style=\"font-weight: 400;\"><br \/>\n<\/span><b>Local:<\/b><span style=\"font-weight: 400;\"> Santiago, Chile<\/span><span style=\"font-weight: 400;\"><br \/>\n<\/span><b>Inscri\u00e7\u00f5es:<\/b><span style=\"font-weight: 400;\"> at\u00e9 2 de outubro de 2026<\/span><\/p>\n<p><b>Inscreva-se:<\/b><a href=\"https:\/\/forms.gle\/ddRYmPen1J3tACyb8\"> <span style=\"font-weight: 400;\">https:\/\/forms.gle\/ddRYmPen1J3tACyb8<\/span><\/a><\/p>\n<p><b>Conhe\u00e7a o programa:<\/b><a href=\"https:\/\/www.gov.br\/mre\/pt-br\/embaixada-santiago\/programa-de-incubacao-cruzada-brasil-chile\"> <span style=\"font-weight: 400;\">Programa de Incuba\u00e7\u00e3o Cruzada<\/span><\/a><\/p>\n<p>&nbsp;<\/p>\n","protected":false},"excerpt":{"rendered":"<p>Iniciativa da Embaixada do Brasil em Santiago, em parceria com<span class=\"excerpt-hellip\"> [\u2026]<\/span><\/p>\n","protected":false},"author":21,"featured_media":64807,"comment_status":"closed","ping_status":"closed","sticky":false,"template":"","format":"standard","meta":{"footnotes":"","_links_to":"","_links_to_target":""},"categories":[3],"tags":[],"calendar":[],"_links":{"self":[{"href":"https:\/\/anprotec.org.br\/site\/wp-json\/wp\/v2\/posts\/64806"}],"collection":[{"href":"https:\/\/anprotec.org.br\/site\/wp-json\/wp\/v2\/posts"}],"about":[{"href":"https:\/\/anprotec.org.br\/site\/wp-json\/wp\/v2\/types\/post"}],"author":[{"embeddable":true,"href":"https:\/\/anprotec.org.br\/site\/wp-json\/wp\/v2\/users\/21"}],"replies":[{"embeddable":true,"href":"https:\/\/anprotec.org.br\/site\/wp-json\/wp\/v2\/comments?post=64806"}],"version-history":[{"count":1,"href":"https:\/\/anprotec.org.br\/site\/wp-json\/wp\/v2\/posts\/64806\/revisions"}],"predecessor-version":[{"id":64808,"href":"https:\/\/anprotec.org.br\/site\/wp-json\/wp\/v2\/posts\/64806\/revisions\/64808"}],"wp:featuredmedia":[{"embeddable":true,"href":"https:\/\/anprotec.org.br\/site\/wp-json\/wp\/v2\/media\/64807"}],"wp:attachment":[{"href":"https:\/\/anprotec.org.br\/site\/wp-json\/wp\/v2\/media?parent=64806"}],"wp:term":[{"taxonomy":"category","embeddable":true,"href":"https:\/\/anprotec.org.br\/site\/wp-json\/wp\/v2\/categories?post=64806"},{"taxonomy":"post_tag","embeddable":true,"href":"https:\/\/anprotec.org.br\/site\/wp-json\/wp\/v2\/tags?post=64806"},{"taxonomy":"calendar","embeddable":true,"href":"https:\/\/anprotec.org.br\/site\/wp-json\/wp\/v2\/calendar?post=64806"}],"curies":[{"name":"wp","href":"https:\/\/api.w.org\/{rel}","templated":true}]}}