{"id":64800,"date":"2026-09-01T12:19:52","date_gmt":"2026-09-01T15:19:52","guid":{"rendered":"https:\/\/anprotec.org.br\/site\/?p=64800"},"modified":"2026-09-01T13:40:13","modified_gmt":"2026-09-01T16:40:13","slug":"anprotalks-especial-sebraetec-ni-aborda-estrategias-para-contratacao-e-formacao-dos-primeiros-times-de-negocios-inovadores","status":"publish","type":"post","link":"https:\/\/anprotec.org.br\/site\/2026\/09\/anprotalks-especial-sebraetec-ni-aborda-estrategias-para-contratacao-e-formacao-dos-primeiros-times-de-negocios-inovadores\/","title":{"rendered":"AnproTalks Especial Sebraetec NI aborda estrat\u00e9gias para contrata\u00e7\u00e3o e forma\u00e7\u00e3o dos primeiros times de neg\u00f3cios inovadores\u00a0"},"content":{"rendered":"<div class=\"wp-block-image\"><img decoding=\"async\" loading=\"lazy\" class=\"wpa-warning wpa-image-missing-alt wp-image-64803 aligncenter\" src=\"https:\/\/anprotec.org.br\/site\/wp-content\/uploads\/2026\/09\/AnproTalks-11.09-card--300x300.png\" alt=\"\" width=\"491\" height=\"491\" data-warning=\"Missing alt text\" srcset=\"https:\/\/anprotec.org.br\/site\/wp-content\/uploads\/2026\/09\/AnproTalks-11.09-card--300x300.png 300w, https:\/\/anprotec.org.br\/site\/wp-content\/uploads\/2026\/09\/AnproTalks-11.09-card--1024x1024.png 1024w, https:\/\/anprotec.org.br\/site\/wp-content\/uploads\/2026\/09\/AnproTalks-11.09-card--768x768.png 768w, https:\/\/anprotec.org.br\/site\/wp-content\/uploads\/2026\/09\/AnproTalks-11.09-card--1536x1536.png 1536w, https:\/\/anprotec.org.br\/site\/wp-content\/uploads\/2026\/09\/AnproTalks-11.09-card--146x146.png 146w, https:\/\/anprotec.org.br\/site\/wp-content\/uploads\/2026\/09\/AnproTalks-11.09-card--50x50.png 50w, https:\/\/anprotec.org.br\/site\/wp-content\/uploads\/2026\/09\/AnproTalks-11.09-card--75x75.png 75w, https:\/\/anprotec.org.br\/site\/wp-content\/uploads\/2026\/09\/AnproTalks-11.09-card--85x85.png 85w, https:\/\/anprotec.org.br\/site\/wp-content\/uploads\/2026\/09\/AnproTalks-11.09-card--80x80.png 80w, https:\/\/anprotec.org.br\/site\/wp-content\/uploads\/2026\/09\/AnproTalks-11.09-card-.png 2000w\" sizes=\"(max-width: 491px) 100vw, 491px\" \/><\/div>\n<p><i><span style=\"font-weight: 400;\">Webinar re\u00fane especialistas em empreendedorismo e gest\u00e3o para discutir estrat\u00e9gias para a contrata\u00e7\u00e3o dos primeiros funcion\u00e1rios em empresas em crescimento.<\/span><\/i><\/p>\n<p><span style=\"font-weight: 400;\">A Anprotec, em parceria com o Sebrae, promove o AnproTalks Especial Sebraetec NI intitulado <\/span><b>\u201cComo Contratar os Primeiros Funcion\u00e1rios\u201d<\/b><span style=\"font-weight: 400;\">, no dia <\/span><b>11 de setembro, <\/b><span style=\"font-weight: 400;\">\u00e0s 10h. O webinar integra o ciclo de capacita\u00e7\u00f5es do Sebraetec NI e ser\u00e1 transmitido via Zoom, exclusivamente para inscritos.e\u00a0<\/span><\/p>\n<p><span style=\"font-weight: 400;\">Voltado a empreendedores e profissionais interessados em estruturar os primeiros times de empresas em crescimento, a capacita\u00e7\u00e3o abordar\u00e1 os principais desafios relacionados \u00e0s primeiras contrata\u00e7\u00f5es, incluindo a escolha entre os regimes <\/span><b>CLT e PJ<\/b><span style=\"font-weight: 400;\">, a constru\u00e7\u00e3o da cultura organizacional desde o in\u00edcio da empresa e os modelos de remunera\u00e7\u00e3o vari\u00e1vel, como participa\u00e7\u00e3o nos resultados e stock options.<\/span><\/p>\n<p><span style=\"font-weight: 400;\">A programa\u00e7\u00e3o tamb\u00e9m discutir\u00e1 os erros mais comuns nos processos de sele\u00e7\u00e3o e apresentar\u00e1 casos pr\u00e1ticos de startups brasileiras, al\u00e9m de recomenda\u00e7\u00f5es para founders que est\u00e3o estruturando seus primeiros times e definindo os perfis profissionais necess\u00e1rios para o crescimento do neg\u00f3cio.<\/span><\/p>\n<p><span style=\"font-weight: 400;\">O webinar contar\u00e1 com a participa\u00e7\u00e3o de <\/span><b>Vinnie de Oliveira<\/b><span style=\"font-weight: 400;\">, jornalista, professor e empreendedor, CEO da consultoria Visual Revolution e CEO-founder da startup Go Beesiness, com atua\u00e7\u00e3o nas \u00e1reas de comunica\u00e7\u00e3o, marketing, educa\u00e7\u00e3o e empreendedorismo. \u00c9 mestre pelo programa de Computa\u00e7\u00e3o, Comunica\u00e7\u00e3o e Artes da Universidade Federal da Para\u00edba (UFPB), MBA Executivo em Marketing pela Funda\u00e7\u00e3o Getulio Vargas (FGV) e atualmente \u00e9 PhD Student no ISEG\/Universidade de Lisboa.<\/span><\/p>\n<p><span style=\"font-weight: 400;\">Tamb\u00e9m integra a programa\u00e7\u00e3o <\/span><b>Grey Lopes<\/b><span style=\"font-weight: 400;\">, publicit\u00e1ria e mestranda em Design pela Univille, com atua\u00e7\u00e3o voltada \u00e0 inova\u00e7\u00e3o e \u00e0 intelig\u00eancia artificial aplicada a neg\u00f3cios. \u00c9 CEO da Valens Academy, onde j\u00e1 impactou mais de 1.500 empreendedoras por meio de forma\u00e7\u00f5es e mentorias em marketing, inova\u00e7\u00e3o e economia criativa. Tamb\u00e9m \u00e9 Diretora Presidente do Instituto Valenttinas, neg\u00f3cio de impacto social com projetos direcionados a mulheres empreendedoras e jovens.<\/span><\/p>\n<p><span style=\"font-weight: 400;\">Fa\u00e7a a sua inscri\u00e7\u00e3o no formul\u00e1rio: <\/span><a href=\"https:\/\/airtable.com\/appZiCRDIJDbg9g3L\/shrYFSNPTgiec6i86\"><span style=\"font-weight: 400;\">https:\/\/airtable.com\/appZiCRDIJDbg9g3L\/shrYFSNPTgiec6i86<\/span><\/a><span style=\"font-weight: 400;\">\u00a0<\/span><\/p>\n<p>&nbsp;<\/p>\n<p><b>Calend\u00e1rio de capacita\u00e7\u00f5es<\/b><\/p>\n<p><span style=\"font-weight: 400;\">Os AnproTalks Especiais do Sebraetec NI seguem ao longo do segundo semestre com capacita\u00e7\u00f5es voltadas ao fortalecimento de startups e neg\u00f3cios inovadores em diferentes est\u00e1gios de desenvolvimento.<\/span><\/p>\n<p>&nbsp;<\/p>\n<p><span style=\"font-weight: 400;\">A iniciativa integra o calend\u00e1rio de capacita\u00e7\u00f5es do Sebraetec Neg\u00f3cios Inovadores, programa realizado em parceria entre a Anprotec e o Sebrae, que tem como objetivo fortalecer o ecossistema brasileiro de empreendedorismo inovador por meio da qualifica\u00e7\u00e3o de empreendedores, mecanismos de apoio e equipes estaduais do Sebrae.<\/span><\/p>\n<p>&nbsp;<\/p>\n<p><span style=\"font-weight: 400;\">Os webinars fazem parte da estrat\u00e9gia de constru\u00e7\u00e3o de uma biblioteca digital de conte\u00fados de refer\u00eancia do Sebraetec NI, reunindo materiais alinhados \u00e0s diferentes etapas da jornada empreendedora e \u00e0s tr\u00eas fichas de atendimento do programa.<\/span><\/p>\n<p>&nbsp;<\/p>\n<p><span style=\"font-weight: 400;\">Acesse a biblioteca do Sebraetec NI: <\/span><a href=\"https:\/\/sebraetecni.anprotec.org.br\/\"><span style=\"font-weight: 400;\">https:\/\/sebraetecni.anprotec.org.br\/<\/span><\/a><\/p>\n","protected":false},"excerpt":{"rendered":"<p>Webinar re\u00fane especialistas em empreendedorismo e gest\u00e3o para discutir estrat\u00e9gias<span class=\"excerpt-hellip\"> [\u2026]<\/span><\/p>\n","protected":false},"author":21,"featured_media":64804,"comment_status":"closed","ping_status":"closed","sticky":false,"template":"","format":"standard","meta":{"footnotes":"","_links_to":"","_links_to_target":""},"categories":[391,395,412],"tags":[],"calendar":[],"_links":{"self":[{"href":"https:\/\/anprotec.org.br\/site\/wp-json\/wp\/v2\/posts\/64800"}],"collection":[{"href":"https:\/\/anprotec.org.br\/site\/wp-json\/wp\/v2\/posts"}],"about":[{"href":"https:\/\/anprotec.org.br\/site\/wp-json\/wp\/v2\/types\/post"}],"author":[{"embeddable":true,"href":"https:\/\/anprotec.org.br\/site\/wp-json\/wp\/v2\/users\/21"}],"replies":[{"embeddable":true,"href":"https:\/\/anprotec.org.br\/site\/wp-json\/wp\/v2\/comments?post=64800"}],"version-history":[{"count":1,"href":"https:\/\/anprotec.org.br\/site\/wp-json\/wp\/v2\/posts\/64800\/revisions"}],"predecessor-version":[{"id":64805,"href":"https:\/\/anprotec.org.br\/site\/wp-json\/wp\/v2\/posts\/64800\/revisions\/64805"}],"wp:featuredmedia":[{"embeddable":true,"href":"https:\/\/anprotec.org.br\/site\/wp-json\/wp\/v2\/media\/64804"}],"wp:attachment":[{"href":"https:\/\/anprotec.org.br\/site\/wp-json\/wp\/v2\/media?parent=64800"}],"wp:term":[{"taxonomy":"category","embeddable":true,"href":"https:\/\/anprotec.org.br\/site\/wp-json\/wp\/v2\/categories?post=64800"},{"taxonomy":"post_tag","embeddable":true,"href":"https:\/\/anprotec.org.br\/site\/wp-json\/wp\/v2\/tags?post=64800"},{"taxonomy":"calendar","embeddable":true,"href":"https:\/\/anprotec.org.br\/site\/wp-json\/wp\/v2\/calendar?post=64800"}],"curies":[{"name":"wp","href":"https:\/\/api.w.org\/{rel}","templated":true}]}}