{"id":64792,"date":"2026-09-01T12:28:54","date_gmt":"2026-09-01T15:28:54","guid":{"rendered":"https:\/\/anprotec.org.br\/site\/?p=64792"},"modified":"2026-09-01T12:28:54","modified_gmt":"2026-09-01T15:28:54","slug":"presidente-da-anprotec-recebe-medalha-de-merito-em-extensao-da-ufv","status":"publish","type":"post","link":"https:\/\/anprotec.org.br\/site\/2026\/09\/presidente-da-anprotec-recebe-medalha-de-merito-em-extensao-da-ufv\/","title":{"rendered":"Presidente da Anprotec recebe Medalha de M\u00e9rito em Extens\u00e3o da UFV"},"content":{"rendered":"<div class=\"wp-block-image\">\n<div id=\"attachment_64793\" style=\"width: 1034px\" class=\"wp-caption aligncenter\"><img aria-describedby=\"caption-attachment-64793\" decoding=\"async\" loading=\"lazy\" class=\"wpa-warning wpa-image-missing-alt wp-image-64793 size-large\" src=\"https:\/\/anprotec.org.br\/site\/wp-content\/uploads\/2026\/09\/image-3-1024x682.png\" alt=\"\" width=\"1024\" height=\"682\" data-warning=\"Missing alt text\" srcset=\"https:\/\/anprotec.org.br\/site\/wp-content\/uploads\/2026\/09\/image-3-1024x682.png 1024w, https:\/\/anprotec.org.br\/site\/wp-content\/uploads\/2026\/09\/image-3-300x200.png 300w, https:\/\/anprotec.org.br\/site\/wp-content\/uploads\/2026\/09\/image-3-768x512.png 768w, https:\/\/anprotec.org.br\/site\/wp-content\/uploads\/2026\/09\/image-3-1536x1023.png 1536w, https:\/\/anprotec.org.br\/site\/wp-content\/uploads\/2026\/09\/image-3-219x146.png 219w, https:\/\/anprotec.org.br\/site\/wp-content\/uploads\/2026\/09\/image-3-50x33.png 50w, https:\/\/anprotec.org.br\/site\/wp-content\/uploads\/2026\/09\/image-3-113x75.png 113w, https:\/\/anprotec.org.br\/site\/wp-content\/uploads\/2026\/09\/image-3.png 1600w\" sizes=\"(max-width: 1024px) 100vw, 1024px\" \/><p id=\"caption-attachment-64793\" class=\"wp-caption-text\">Presidente da Anprotec recebe a Medalha de M\u00e9rito em Extens\u00e3o da Universidade Federal de Vi\u00e7osa (UFV).<\/p><\/div>\n<\/div>\n<p><i><span style=\"font-weight: 400;\">Em comemora\u00e7\u00e3o ao centen\u00e1rio da Universidade Federal de Vi\u00e7osa (UFV), Adriana Faria foi agraciada com a honraria Peter Henry Rolfs por sua contribui\u00e7\u00e3o \u00e0 extens\u00e3o universit\u00e1ria<\/span><\/i><\/p>\n<p><span style=\"font-weight: 400;\">No dia 28 de agosto, a presidente da Anprotec, Adriana Faria, recebeu a Medalha Peter Henry Rolfs de M\u00e9rito em Extens\u00e3o pela Universidade Federal de Vi\u00e7osa (UFV). A honraria foi entregue na Cerim\u00f4nia Oficial de Anivers\u00e1rio de 100 anos da universidade, em que foram concedidos t\u00edtulos e homenagens. Adriana Faria teve seu nome indicado pelo Departamento de Engenharia de Produ\u00e7\u00e3o e Mec\u00e2nica (DEP) da institui\u00e7\u00e3o.<\/span><\/p>\n<p><span style=\"font-weight: 400;\">Ao longo deste ano, a UFV est\u00e1 realizando uma programa\u00e7\u00e3o especial em comemora\u00e7\u00e3o ao centen\u00e1rio, com atividades que promovem uma reflex\u00e3o sobre o impacto da educa\u00e7\u00e3o p\u00fablica de qualidade e a for\u00e7a transformadora da ci\u00eancia.<\/span><\/p>\n<p><span style=\"font-weight: 400;\">O reconhecimento de Adriana Faria por sua atua\u00e7\u00e3o na extens\u00e3o universit\u00e1ria refor\u00e7a o compromisso da Anprotec em conectar os conhecimentos cient\u00edficos \u00e0 sociedade.<\/span><\/p>\n<h4><b>Discurso de Adriana Faria<\/b><\/h4>\n<p><span style=\"font-weight: 400;\">Em quase duas d\u00e9cadas de trajet\u00f3ria na UFV, a presidente da Anprotec atuou como professora, pesquisadora, extensionista e gestora, com trabalho voltado a ci\u00eancia, tecnologia, inova\u00e7\u00e3o e empreendedorismo. Em seu pronunciamento, agradeceu aos colegas do DEP e ao Centro Tecnol\u00f3gico de Desenvolvimento Regional de Vi\u00e7osa (CenTev UFV) \u2014 que abriga a incubadora de empresas de base tecnol\u00f3gica e o parque tecnol\u00f3gico da universidade \u2014, al\u00e9m dos representantes da Administra\u00e7\u00e3o Superior presentes na cerim\u00f4nia, entre eles o Reitor, professor Demetrius David da Silva, e a Vice-Reitora, professora Rejane Nascentes. Adriana Faria tamb\u00e9m mencionou seus familiares como parte importante de sua trajet\u00f3ria profissional e pessoal.<\/span><\/p>\n<p><span style=\"font-weight: 400;\">Sobre o CenTev, destacou: &#8220;Foi no CenTev que grande parte daquilo que acredito encontrou espa\u00e7o para se transformar em a\u00e7\u00e3o: aproxima\u00e7\u00e3o da Universidade com a sociedade, empreendedorismo, inova\u00e7\u00e3o, desenvolvimento social e constru\u00e7\u00e3o de oportunidades para as pessoas.&#8221;<\/span><\/p>\n<p><span style=\"font-weight: 400;\">O ponto central de sua fala foi a rela\u00e7\u00e3o entre extens\u00e3o e inova\u00e7\u00e3o. Para a presidente da Anprotec, as duas dimens\u00f5es s\u00e3o insepar\u00e1veis em uma universidade empreendedora: enquanto a extens\u00e3o cria pontes entre a universidade e a sociedade, permitindo que o conhecimento acad\u00eamico encontre os problemas reais, a inova\u00e7\u00e3o transforma esse conhecimento em solu\u00e7\u00f5es, oportunidades e impacto. Ela defendeu ainda uma compreens\u00e3o ampliada do que \u00e9 inovar.<\/span><\/p>\n<blockquote><p><span style=\"font-weight: 400;\">&#8220;Inovar n\u00e3o significa apenas desenvolver uma nova tecnologia ou criar uma empresa. Inovar tamb\u00e9m \u00e9 encontrar novas maneiras de enfrentar desigualdades, gerar oportunidades, melhorar pol\u00edticas p\u00fablicas, fortalecer comunidades e promover desenvolvimento econ\u00f4mico e social. Isso \u00e9 Extens\u00e3o!&#8221; &#8211; <\/span>Presidente da Anprotec, Adriana Faria, em seu pronunciamento ao receber a Medalha de M\u00e9rito em Extens\u00e3o da Universidade Federal de Vi\u00e7osa (UFV).<\/p><\/blockquote>\n<div id=\"attachment_64794\" style=\"width: 1034px\" class=\"wp-caption aligncenter\"><img aria-describedby=\"caption-attachment-64794\" decoding=\"async\" loading=\"lazy\" class=\"wpa-warning wpa-image-missing-alt wp-image-64794 size-large\" src=\"https:\/\/anprotec.org.br\/site\/wp-content\/uploads\/2026\/09\/Captura-de-tela-2026-08-31-131834-1024x576.png\" alt=\"\" width=\"1024\" height=\"576\" data-warning=\"Missing alt text\" srcset=\"https:\/\/anprotec.org.br\/site\/wp-content\/uploads\/2026\/09\/Captura-de-tela-2026-08-31-131834-1024x576.png 1024w, https:\/\/anprotec.org.br\/site\/wp-content\/uploads\/2026\/09\/Captura-de-tela-2026-08-31-131834-300x169.png 300w, https:\/\/anprotec.org.br\/site\/wp-content\/uploads\/2026\/09\/Captura-de-tela-2026-08-31-131834-768x432.png 768w, https:\/\/anprotec.org.br\/site\/wp-content\/uploads\/2026\/09\/Captura-de-tela-2026-08-31-131834-1536x864.png 1536w, https:\/\/anprotec.org.br\/site\/wp-content\/uploads\/2026\/09\/Captura-de-tela-2026-08-31-131834-260x146.png 260w, https:\/\/anprotec.org.br\/site\/wp-content\/uploads\/2026\/09\/Captura-de-tela-2026-08-31-131834-50x28.png 50w, https:\/\/anprotec.org.br\/site\/wp-content\/uploads\/2026\/09\/Captura-de-tela-2026-08-31-131834-133x75.png 133w, https:\/\/anprotec.org.br\/site\/wp-content\/uploads\/2026\/09\/Captura-de-tela-2026-08-31-131834-1200x675.png 1200w, https:\/\/anprotec.org.br\/site\/wp-content\/uploads\/2026\/09\/Captura-de-tela-2026-08-31-131834.png 1920w\" sizes=\"(max-width: 1024px) 100vw, 1024px\" \/><p id=\"caption-attachment-64794\" class=\"wp-caption-text\">Presidente da Anprotec, Adriana Faria, em seu pronunciamento ao receber a Medalha de M\u00e9rito em Extens\u00e3o da Universidade Federal de Vi\u00e7osa (UFV).<\/p><\/div>\n<p>&nbsp;<\/p>\n<p><span style=\"font-weight: 400;\">Ao celebrar a extens\u00e3o no centen\u00e1rio, reconheceu a origem da universidade como essencialmente extensionista, com voca\u00e7\u00e3o para levar conhecimento &#8220;para al\u00e9m das 4 Pilastras&#8221; e apoiar o desenvolvimento econ\u00f4mico e social de Vi\u00e7osa, de Minas Gerais e do Brasil. Ao final, deixou uma pergunta sobre o futuro da institui\u00e7\u00e3o: &#8220;Qual Universidade queremos construir para os pr\u00f3ximos cem anos?&#8221;<\/span><\/p>\n<p><span style=\"font-weight: 400;\">&#8220;Esta medalha representa para mim muito mais do que um reconhecimento pessoal. Ela reafirma uma convic\u00e7\u00e3o que orientou minha trajet\u00f3ria: conhecimento s\u00f3 alcan\u00e7a seu prop\u00f3sito quando \u00e9 capaz de transformar vidas&#8221;, concluiu a presidente da Anprotec.<\/span><\/p>\n","protected":false},"excerpt":{"rendered":"<p>Em comemora\u00e7\u00e3o ao centen\u00e1rio da Universidade Federal de Vi\u00e7osa (UFV),<span class=\"excerpt-hellip\"> [\u2026]<\/span><\/p>\n","protected":false},"author":20,"featured_media":64793,"comment_status":"closed","ping_status":"closed","sticky":false,"template":"","format":"standard","meta":{"footnotes":"","_links_to":"","_links_to_target":""},"categories":[3],"tags":[],"calendar":[],"_links":{"self":[{"href":"https:\/\/anprotec.org.br\/site\/wp-json\/wp\/v2\/posts\/64792"}],"collection":[{"href":"https:\/\/anprotec.org.br\/site\/wp-json\/wp\/v2\/posts"}],"about":[{"href":"https:\/\/anprotec.org.br\/site\/wp-json\/wp\/v2\/types\/post"}],"author":[{"embeddable":true,"href":"https:\/\/anprotec.org.br\/site\/wp-json\/wp\/v2\/users\/20"}],"replies":[{"embeddable":true,"href":"https:\/\/anprotec.org.br\/site\/wp-json\/wp\/v2\/comments?post=64792"}],"version-history":[{"count":1,"href":"https:\/\/anprotec.org.br\/site\/wp-json\/wp\/v2\/posts\/64792\/revisions"}],"predecessor-version":[{"id":64795,"href":"https:\/\/anprotec.org.br\/site\/wp-json\/wp\/v2\/posts\/64792\/revisions\/64795"}],"wp:featuredmedia":[{"embeddable":true,"href":"https:\/\/anprotec.org.br\/site\/wp-json\/wp\/v2\/media\/64793"}],"wp:attachment":[{"href":"https:\/\/anprotec.org.br\/site\/wp-json\/wp\/v2\/media?parent=64792"}],"wp:term":[{"taxonomy":"category","embeddable":true,"href":"https:\/\/anprotec.org.br\/site\/wp-json\/wp\/v2\/categories?post=64792"},{"taxonomy":"post_tag","embeddable":true,"href":"https:\/\/anprotec.org.br\/site\/wp-json\/wp\/v2\/tags?post=64792"},{"taxonomy":"calendar","embeddable":true,"href":"https:\/\/anprotec.org.br\/site\/wp-json\/wp\/v2\/calendar?post=64792"}],"curies":[{"name":"wp","href":"https:\/\/api.w.org\/{rel}","templated":true}]}}