{"id":62860,"date":"2026-04-30T16:14:02","date_gmt":"2026-04-30T19:14:02","guid":{"rendered":"https:\/\/anprotec.org.br\/site\/?p=62860"},"modified":"2026-04-30T16:14:02","modified_gmt":"2026-04-30T19:14:02","slug":"programa-sprintuy-abre-inscricoes-para-startups-que-queiram-expandir-negocios-a-partir-do-uruguai","status":"publish","type":"post","link":"https:\/\/anprotec.org.br\/site\/2026\/04\/programa-sprintuy-abre-inscricoes-para-startups-que-queiram-expandir-negocios-a-partir-do-uruguai\/","title":{"rendered":"Programa SprintUy abre inscri\u00e7\u00f5es para startups que queiram expandir neg\u00f3cios a partir do Uruguai"},"content":{"rendered":"<div class=\"wp-block-image\"><img decoding=\"async\" loading=\"lazy\" class=\"wpa-warning wpa-image-missing-alt  wp-image-62862 aligncenter\" src=\"https:\/\/anprotec.org.br\/site\/wp-content\/uploads\/2026\/04\/SPRINT-UY.png\" alt=\"\" width=\"830\" height=\"532\" data-warning=\"Missing alt text\" srcset=\"https:\/\/anprotec.org.br\/site\/wp-content\/uploads\/2026\/04\/SPRINT-UY.png 920w, https:\/\/anprotec.org.br\/site\/wp-content\/uploads\/2026\/04\/SPRINT-UY-300x192.png 300w, https:\/\/anprotec.org.br\/site\/wp-content\/uploads\/2026\/04\/SPRINT-UY-768x493.png 768w, https:\/\/anprotec.org.br\/site\/wp-content\/uploads\/2026\/04\/SPRINT-UY-228x146.png 228w, https:\/\/anprotec.org.br\/site\/wp-content\/uploads\/2026\/04\/SPRINT-UY-50x32.png 50w, https:\/\/anprotec.org.br\/site\/wp-content\/uploads\/2026\/04\/SPRINT-UY-117x75.png 117w\" sizes=\"(max-width: 830px) 100vw, 830px\" \/><\/div>\n<p><i><span style=\"font-weight: 400;\">Terceira edi\u00e7\u00e3o da iniciativa da ANII e da Uruguay XXI oferece uma semana de imers\u00e3o no ecossistema de inova\u00e7\u00e3o uruguaio, com custos de deslocamento e estadia cobertos pelo programa. Inscri\u00e7\u00f5es v\u00e3o de 19 de maio a 14 de julho de 2026<\/span><\/i><\/p>\n<p><span style=\"font-weight: 400;\">O programa <\/span><b>SprintUy<\/b><span style=\"font-weight: 400;\">, iniciativa da Ag\u00eancia Nacional de Pesquisa e Inova\u00e7\u00e3o (ANII) do Uruguai em conjunto com a Uruguay XXI, abre em maio de 2026 as inscri\u00e7\u00f5es para sua terceira edi\u00e7\u00e3o. O objetivo \u00e9 atrair startups inovadoras do exterior que busquem utilizar o Uruguai como plataforma de expans\u00e3o regional na Am\u00e9rica Latina.<\/span><\/p>\n<p><span style=\"font-weight: 400;\">Os founders selecionados participam de uma semana de imers\u00e3o no ecossistema empreendedor uruguaio, com uma agenda que inclui visitas a institui\u00e7\u00f5es de inova\u00e7\u00e3o e ao campus tecnol\u00f3gico do pa\u00eds, apresenta\u00e7\u00e3o de instrumentos de financiamento, oficinas sobre internacionaliza\u00e7\u00e3o e atividades de networking com investidores, lideran\u00e7as do setor e startups locais. O programa cobre os custos de deslocamento e estadia de um founder por startup selecionada.<\/span><\/p>\n<h4><b>Quem pode participar<\/b><\/h4>\n<p><span style=\"font-weight: 400;\">O SprintUy busca empresas constitu\u00eddas no exterior com at\u00e9 cinco anos de exist\u00eancia, em est\u00e1gios iniciais, que apresentem valida\u00e7\u00e3o t\u00e9cnica, produto m\u00ednimo vi\u00e1vel, prot\u00f3tipo funcional e tra\u00e7\u00e3o demonstr\u00e1vel. Tamb\u00e9m \u00e9 requisito que a startup ofere\u00e7a uma proposta de valor com diferencial significativo em rela\u00e7\u00e3o \u00e0s solu\u00e7\u00f5es j\u00e1 dispon\u00edveis no mercado uruguaio.<\/span><\/p>\n<p><span style=\"font-weight: 400;\">Entre as verticais contempladas est\u00e3o agtech, biotech, cybersecurity, deeptech, edtech, fintech, foodtech, greentech, healthtech, ind\u00fastrias criativas, legaltech e robotics, entre outras.<\/span><\/p>\n<h4><b>Trajet\u00f3ria do programa<\/b><\/h4>\n<p><span style=\"font-weight: 400;\">Nas duas primeiras edi\u00e7\u00f5es, realizadas em 2024 e 2025, o SprintUy recebeu 25 startups de Argentina, Brasil, Chile, Espanha, Peru e Estados Unidos. A participa\u00e7\u00e3o de startups brasileiras nas edi\u00e7\u00f5es anteriores refor\u00e7a a relev\u00e2ncia do programa para empreendedores que buscam caminhos de internacionaliza\u00e7\u00e3o na regi\u00e3o.<\/span><\/p>\n<h4><b>Inscri\u00e7\u00f5es<\/b><\/h4>\n<p><span style=\"font-weight: 400;\">As inscri\u00e7\u00f5es para a terceira edi\u00e7\u00e3o estar\u00e3o abertas de <\/span><b>19 de maio a 14 de julho de 2026<\/b><span style=\"font-weight: 400;\">. Informa\u00e7\u00f5es completas sobre o programa, bases da convocat\u00f3ria e formul\u00e1rio de inscri\u00e7\u00e3o est\u00e3o dispon\u00edveis em<\/span><a href=\"https:\/\/sprintuy.com\"> <span style=\"font-weight: 400;\">https:\/\/sprintuy.com<\/span><\/a><span style=\"font-weight: 400;\">. D\u00favidas podem ser encaminhadas para sprintuy@anii.org.uy.<\/span><\/p>\n","protected":false},"excerpt":{"rendered":"<p>Terceira edi\u00e7\u00e3o da iniciativa da ANII e da Uruguay XXI<span class=\"excerpt-hellip\"> [\u2026]<\/span><\/p>\n","protected":false},"author":21,"featured_media":62862,"comment_status":"closed","ping_status":"closed","sticky":false,"template":"","format":"standard","meta":{"footnotes":"","_links_to":"","_links_to_target":""},"categories":[3],"tags":[],"calendar":[],"_links":{"self":[{"href":"https:\/\/anprotec.org.br\/site\/wp-json\/wp\/v2\/posts\/62860"}],"collection":[{"href":"https:\/\/anprotec.org.br\/site\/wp-json\/wp\/v2\/posts"}],"about":[{"href":"https:\/\/anprotec.org.br\/site\/wp-json\/wp\/v2\/types\/post"}],"author":[{"embeddable":true,"href":"https:\/\/anprotec.org.br\/site\/wp-json\/wp\/v2\/users\/21"}],"replies":[{"embeddable":true,"href":"https:\/\/anprotec.org.br\/site\/wp-json\/wp\/v2\/comments?post=62860"}],"version-history":[{"count":1,"href":"https:\/\/anprotec.org.br\/site\/wp-json\/wp\/v2\/posts\/62860\/revisions"}],"predecessor-version":[{"id":62863,"href":"https:\/\/anprotec.org.br\/site\/wp-json\/wp\/v2\/posts\/62860\/revisions\/62863"}],"wp:featuredmedia":[{"embeddable":true,"href":"https:\/\/anprotec.org.br\/site\/wp-json\/wp\/v2\/media\/62862"}],"wp:attachment":[{"href":"https:\/\/anprotec.org.br\/site\/wp-json\/wp\/v2\/media?parent=62860"}],"wp:term":[{"taxonomy":"category","embeddable":true,"href":"https:\/\/anprotec.org.br\/site\/wp-json\/wp\/v2\/categories?post=62860"},{"taxonomy":"post_tag","embeddable":true,"href":"https:\/\/anprotec.org.br\/site\/wp-json\/wp\/v2\/tags?post=62860"},{"taxonomy":"calendar","embeddable":true,"href":"https:\/\/anprotec.org.br\/site\/wp-json\/wp\/v2\/calendar?post=62860"}],"curies":[{"name":"wp","href":"https:\/\/api.w.org\/{rel}","templated":true}]}}