{"id":62842,"date":"2026-04-30T15:21:45","date_gmt":"2026-04-30T18:21:45","guid":{"rendered":"https:\/\/anprotec.org.br\/site\/?p=62842"},"modified":"2026-04-30T16:51:58","modified_gmt":"2026-04-30T19:51:58","slug":"fapeam-e-patrocinadora-platina-da-36a-conferencia-anprotec-2026-em-manaus","status":"publish","type":"post","link":"https:\/\/anprotec.org.br\/site\/2026\/04\/fapeam-e-patrocinadora-platina-da-36a-conferencia-anprotec-2026-em-manaus\/","title":{"rendered":"Fapeam \u00e9 patrocinadora Prata da 36\u00aa Confer\u00eancia Anprotec 2026 em Manaus"},"content":{"rendered":"<div class=\"wp-block-image\"><img decoding=\"async\" loading=\"lazy\" class=\"wpa-warning wpa-image-missing-alt aligncenter wp-image-62866 size-large\" src=\"https:\/\/anprotec.org.br\/site\/wp-content\/uploads\/2026\/04\/20260430_Fapeam_instagram-1-819x1024.jpg\" alt=\"\" width=\"819\" height=\"1024\" data-warning=\"Missing alt text\" srcset=\"https:\/\/anprotec.org.br\/site\/wp-content\/uploads\/2026\/04\/20260430_Fapeam_instagram-1-819x1024.jpg 819w, https:\/\/anprotec.org.br\/site\/wp-content\/uploads\/2026\/04\/20260430_Fapeam_instagram-1-240x300.jpg 240w, https:\/\/anprotec.org.br\/site\/wp-content\/uploads\/2026\/04\/20260430_Fapeam_instagram-1-768x960.jpg 768w, https:\/\/anprotec.org.br\/site\/wp-content\/uploads\/2026\/04\/20260430_Fapeam_instagram-1-117x146.jpg 117w, https:\/\/anprotec.org.br\/site\/wp-content\/uploads\/2026\/04\/20260430_Fapeam_instagram-1-40x50.jpg 40w, https:\/\/anprotec.org.br\/site\/wp-content\/uploads\/2026\/04\/20260430_Fapeam_instagram-1-60x75.jpg 60w, https:\/\/anprotec.org.br\/site\/wp-content\/uploads\/2026\/04\/20260430_Fapeam_instagram-1.jpg 1081w\" sizes=\"(max-width: 819px) 100vw, 819px\" \/><\/div>\n<p><i><span style=\"font-weight: 400;\">Funda\u00e7\u00e3o de Amparo \u00e0 Pesquisa do Estado do Amazonas refor\u00e7a apoio ao maior evento brasileiro de ambientes de inova\u00e7\u00e3o, que ser\u00e1 realizado de 29 de junho a 2 de julho, na capital amazonense<\/span><\/i><\/p>\n<p><span style=\"font-weight: 400;\">A Funda\u00e7\u00e3o de Amparo \u00e0 Pesquisa do Estado do Amazonas (Fapeam) \u00e9 patrocinadora Prata da 36\u00aa Confer\u00eancia Anprotec de Empreendedorismo e Ambientes de Inova\u00e7\u00e3o, que ser\u00e1 realizada de 29 de junho a 2 de julho de 2026, em Manaus (AM). O an\u00fancio refor\u00e7a o compromisso da funda\u00e7\u00e3o com o fortalecimento dos ecossistemas de inova\u00e7\u00e3o no Brasil, especialmente no contexto do evento promovido pela Anprotec.<\/span><\/p>\n<p><span style=\"font-weight: 400;\">Vinculada ao Governo do Estado do Amazonas, a Fapeam atua no fomento \u00e0 pesquisa cient\u00edfica b\u00e1sica e aplicada, al\u00e9m do desenvolvimento tecnol\u00f3gico. Em 2025, a institui\u00e7\u00e3o destinou mais de R$ 90 milh\u00f5es a programas, projetos e iniciativas voltados ao fortalecimento da ci\u00eancia, \u00e0 qualifica\u00e7\u00e3o de recursos humanos e ao est\u00edmulo \u00e0 inova\u00e7\u00e3o em diversas \u00e1reas do conhecimento.<\/span><\/p>\n<p><span style=\"font-weight: 400;\">A confer\u00eancia deste ano \u2014 com o tema \u201cConsolidando Ecossistemas: Empreendedorismo Inovador para a Economia do Futuro\u201d \u2014 abordar\u00e1 t\u00f3picos como bioeconomia, inova\u00e7\u00e3o aberta, P&amp;D colaborativo, tecnologias de fronteira e internacionaliza\u00e7\u00e3o. Esses temas dialogam diretamente com o programa Deep Tech Fapeam, iniciativa da funda\u00e7\u00e3o que apoia o desenvolvimento e a consolida\u00e7\u00e3o de startups de base cient\u00edfica e tecnol\u00f3gica no Amazonas.<\/span><\/p>\n<blockquote><p><span style=\"font-weight: 400;\">\u201cA Confer\u00eancia Anprotec se consolida como um dos principais espa\u00e7os de articula\u00e7\u00e3o, interc\u00e2mbio de conhecimento e formula\u00e7\u00e3o de diretrizes para o fortalecimento dos ambientes de inova\u00e7\u00e3o no Brasil. A realiza\u00e7\u00e3o desta edi\u00e7\u00e3o em Manaus representa um movimento estrat\u00e9gico de valoriza\u00e7\u00e3o da Regi\u00e3o Norte, ampliando a integra\u00e7\u00e3o entre diferentes ecossistemas e promovendo uma agenda alinhada aos desafios contempor\u00e2neos do desenvolvimento sustent\u00e1vel, especialmente no contexto da Amaz\u00f4nia, que tem assumido crescente relev\u00e2ncia no cen\u00e1rio internacional\u201d, afirma <\/span><b>Adriana Ferreira de Faria, presidente da Anprotec.<\/b><\/p><\/blockquote>\n<p><span style=\"font-weight: 400;\">A parceria entre Fapeam e Anprotec \u00e9 uma novidade nesta edi\u00e7\u00e3o. Com isso, a funda\u00e7\u00e3o passa a integrar o grupo de patrocinadores do evento, contribuindo para o avan\u00e7o cient\u00edfico e tecnol\u00f3gico e para o fortalecimento do ecossistema de inova\u00e7\u00e3o no estado, que sediar\u00e1 a confer\u00eancia.<\/span><\/p>\n<p><span style=\"font-weight: 400;\">A escolha de Manaus como sede ganha relev\u00e2ncia adicional com o apoio da Fapeam. A Regi\u00e3o Norte vive um momento de expans\u00e3o dos ambientes de inova\u00e7\u00e3o, marcado pela cria\u00e7\u00e3o de hubs setoriais, pelo fortalecimento da bioeconomia e pela amplia\u00e7\u00e3o dos investimentos em P&amp;D associados ao Polo Industrial de Manaus (PIM). Esta ser\u00e1 a primeira vez desde 2014 que o evento retorna \u00e0 regi\u00e3o, em um contexto de p\u00f3s-COP30 e de crescente aten\u00e7\u00e3o internacional \u00e0 Amaz\u00f4nia como territ\u00f3rio estrat\u00e9gico para a inova\u00e7\u00e3o sustent\u00e1vel.<\/span><\/p>\n<blockquote><p><span style=\"font-weight: 400;\">\u201cO tema escolhido para esta edi\u00e7\u00e3o evidencia o est\u00e1gio de amadurecimento dos ecossistemas de inova\u00e7\u00e3o brasileiros e refor\u00e7a da Anprotec com a constru\u00e7\u00e3o de uma agenda estruturante para o futuro do pa\u00eds. Realizar esse debate em Manaus contribui para a promo\u00e7\u00e3o de iniciativas que valorizem os ativos territoriais \u2014 como a biodiversidade, o conhecimento tradicional e as compet\u00eancias cient\u00edficas e tecnol\u00f3gicas \u2014 como vetores estrat\u00e9gicos para o desenvolvimento sustent\u00e1vel, a gera\u00e7\u00e3o de valor e o aumento da competitividade\u201d, destaca <\/span><b>Deolinda Garcia, diretora t\u00e9cnica da Anprotec e coordenadora do evento.<\/b><\/p><\/blockquote>\n<p><span style=\"font-weight: 400;\">A programa\u00e7\u00e3o da 36\u00aa Confer\u00eancia Anprotec contar\u00e1 com plen\u00e1rias, pain\u00e9is tem\u00e1ticos, workshops, rodas de conversa e apresenta\u00e7\u00e3o dos melhores trabalhos selecionados na Chamada de Trabalhos, que recebeu 296 submiss\u00f5es de 229 institui\u00e7\u00f5es de todo o pa\u00eds. O evento tamb\u00e9m ter\u00e1 participa\u00e7\u00e3o de palestrantes internacionais, al\u00e9m do Demoday do Pr\u00eamio de Empreendedorismo Inovador Anprotec e do F\u00f3rum Sebrae Convida.<\/span><\/p>\n<p><span style=\"font-weight: 400;\">A 36\u00aa Confer\u00eancia Anprotec \u00e9 uma realiza\u00e7\u00e3o da Anprotec em parceria com o Sebrae, com organiza\u00e7\u00e3o local da Funda\u00e7\u00e3o Paulo Feitoza (FPFTech) e da Universidade do Estado do Amazonas (UEA). Inscri\u00e7\u00f5es e informa\u00e7\u00f5es est\u00e3o dispon\u00edveis no site <\/span><a href=\"http:\/\/www.conferenciaanprotec.com.br\" target=\"_blank\" rel=\"noopener\"><b>www.conferenciaanprotec.com.br<\/b><span style=\"font-weight: 400;\">.<\/span><\/a><\/p>\n<h3><b>Sobre a Fapeam<\/b><\/h3>\n<p><span style=\"font-weight: 400;\">A Funda\u00e7\u00e3o de Amparo \u00e0 Pesquisa do Estado do Amazonas (Fapeam) \u00e9 uma funda\u00e7\u00e3o vinculada ao Governo do Estado do Amazonas, criada em 2003. Atua no fomento \u00e0 pesquisa cient\u00edfica b\u00e1sica e aplicada e ao desenvolvimento tecnol\u00f3gico experimental no estado, com o objetivo de ampliar a produ\u00e7\u00e3o de conhecimento cient\u00edfico e tecnol\u00f3gico e sua aplica\u00e7\u00e3o em benef\u00edcio do desenvolvimento econ\u00f4mico e social da regi\u00e3o.<\/span><\/p>\n<h3><b>Sobre a Anprotec<\/b><\/h3>\n<p><span style=\"font-weight: 400;\">A Associa\u00e7\u00e3o Nacional de Entidades Promotoras de Empreendimentos Inovadores (Anprotec) re\u00fane incubadoras de empresas, parques tecnol\u00f3gicos, aceleradoras, coworkings e outros ambientes de inova\u00e7\u00e3o no Brasil. A Confer\u00eancia Anprotec \u00e9 o principal evento brasileiro dedicado ao fortalecimento desses ecossistemas.<\/span><\/p>\n","protected":false},"excerpt":{"rendered":"<p>Funda\u00e7\u00e3o de Amparo \u00e0 Pesquisa do Estado do Amazonas refor\u00e7a<span class=\"excerpt-hellip\"> [\u2026]<\/span><\/p>\n","protected":false},"author":20,"featured_media":62866,"comment_status":"closed","ping_status":"closed","sticky":false,"template":"","format":"standard","meta":{"footnotes":"","_links_to":"","_links_to_target":""},"categories":[3],"tags":[],"calendar":[],"_links":{"self":[{"href":"https:\/\/anprotec.org.br\/site\/wp-json\/wp\/v2\/posts\/62842"}],"collection":[{"href":"https:\/\/anprotec.org.br\/site\/wp-json\/wp\/v2\/posts"}],"about":[{"href":"https:\/\/anprotec.org.br\/site\/wp-json\/wp\/v2\/types\/post"}],"author":[{"embeddable":true,"href":"https:\/\/anprotec.org.br\/site\/wp-json\/wp\/v2\/users\/20"}],"replies":[{"embeddable":true,"href":"https:\/\/anprotec.org.br\/site\/wp-json\/wp\/v2\/comments?post=62842"}],"version-history":[{"count":2,"href":"https:\/\/anprotec.org.br\/site\/wp-json\/wp\/v2\/posts\/62842\/revisions"}],"predecessor-version":[{"id":62867,"href":"https:\/\/anprotec.org.br\/site\/wp-json\/wp\/v2\/posts\/62842\/revisions\/62867"}],"wp:featuredmedia":[{"embeddable":true,"href":"https:\/\/anprotec.org.br\/site\/wp-json\/wp\/v2\/media\/62866"}],"wp:attachment":[{"href":"https:\/\/anprotec.org.br\/site\/wp-json\/wp\/v2\/media?parent=62842"}],"wp:term":[{"taxonomy":"category","embeddable":true,"href":"https:\/\/anprotec.org.br\/site\/wp-json\/wp\/v2\/categories?post=62842"},{"taxonomy":"post_tag","embeddable":true,"href":"https:\/\/anprotec.org.br\/site\/wp-json\/wp\/v2\/tags?post=62842"},{"taxonomy":"calendar","embeddable":true,"href":"https:\/\/anprotec.org.br\/site\/wp-json\/wp\/v2\/calendar?post=62842"}],"curies":[{"name":"wp","href":"https:\/\/api.w.org\/{rel}","templated":true}]}}