{"id":62823,"date":"2026-04-29T13:02:48","date_gmt":"2026-04-29T16:02:48","guid":{"rendered":"https:\/\/anprotec.org.br\/site\/?p=62823"},"modified":"2026-04-29T13:02:48","modified_gmt":"2026-04-29T16:02:48","slug":"votacao-popular-do-premio-anprotec-esta-aberta-ao-publico","status":"publish","type":"post","link":"https:\/\/anprotec.org.br\/site\/2026\/04\/votacao-popular-do-premio-anprotec-esta-aberta-ao-publico\/","title":{"rendered":"Vota\u00e7\u00e3o popular do Pr\u00eamio Anprotec est\u00e1 aberta ao p\u00fablico"},"content":{"rendered":"<div class=\"wp-block-image\"><img decoding=\"async\" loading=\"lazy\" class=\"wpa-warning wpa-image-missing-alt aligncenter wp-image-62575\" src=\"https:\/\/anprotec.org.br\/site\/wp-content\/uploads\/2026\/04\/Anprotec-Finalistas-Premio-Anprotec-2026-Card-300x300.jpg\" alt=\"\" width=\"800\" height=\"800\" data-warning=\"Missing alt text\" srcset=\"https:\/\/anprotec.org.br\/site\/wp-content\/uploads\/2026\/04\/Anprotec-Finalistas-Premio-Anprotec-2026-Card-300x300.jpg 300w, https:\/\/anprotec.org.br\/site\/wp-content\/uploads\/2026\/04\/Anprotec-Finalistas-Premio-Anprotec-2026-Card-1024x1024.jpg 1024w, https:\/\/anprotec.org.br\/site\/wp-content\/uploads\/2026\/04\/Anprotec-Finalistas-Premio-Anprotec-2026-Card-768x768.jpg 768w, https:\/\/anprotec.org.br\/site\/wp-content\/uploads\/2026\/04\/Anprotec-Finalistas-Premio-Anprotec-2026-Card-146x146.jpg 146w, https:\/\/anprotec.org.br\/site\/wp-content\/uploads\/2026\/04\/Anprotec-Finalistas-Premio-Anprotec-2026-Card-50x50.jpg 50w, https:\/\/anprotec.org.br\/site\/wp-content\/uploads\/2026\/04\/Anprotec-Finalistas-Premio-Anprotec-2026-Card-75x75.jpg 75w, https:\/\/anprotec.org.br\/site\/wp-content\/uploads\/2026\/04\/Anprotec-Finalistas-Premio-Anprotec-2026-Card-85x85.jpg 85w, https:\/\/anprotec.org.br\/site\/wp-content\/uploads\/2026\/04\/Anprotec-Finalistas-Premio-Anprotec-2026-Card-80x80.jpg 80w, https:\/\/anprotec.org.br\/site\/wp-content\/uploads\/2026\/04\/Anprotec-Finalistas-Premio-Anprotec-2026-Card.jpg 1081w\" sizes=\"(max-width: 800px) 100vw, 800px\" \/><\/div>\n<div>\n<p><span style=\"font-weight: 400;\">O Pr\u00eamio Nacional de Empreendedorismo Inovador 2026 busca reconhecer os melhores programas, pr\u00e1ticas e projetos desenvolvidos por ambientes promotores de inova\u00e7\u00e3o associados \u00e0 Anprotec. A premia\u00e7\u00e3o contempla incubadoras, aceleradoras, hubs, parques tecnol\u00f3gicos e neg\u00f3cios de impacto.<\/span><\/p>\n<p><span style=\"font-weight: 400;\">Entre as etapas de avalia\u00e7\u00e3o, est\u00e1 a vota\u00e7\u00e3o do p\u00fablico pelo engajamento nas redes sociais da Anprotec. Para a edi\u00e7\u00e3o deste ano, a <\/span><b>vota\u00e7\u00e3o j\u00e1 est\u00e1 aberta<\/b><span style=\"font-weight: 400;\"> e vai <\/span><b>at\u00e9 dia 08 de maio. <\/b><span style=\"font-weight: 400;\">Os finalistas apresentam v\u00eddeos, que est\u00e3o dispon\u00edveis no Instagram, LinkedIn e YouTube, sobre os seus cases e ambientes de inova\u00e7\u00e3o. Os <\/span><b>associados <\/b><span style=\"font-weight: 400;\">receber\u00e3o um link para vota\u00e7\u00e3o exclusiva.\u00a0<\/span><\/p>\n<p><span style=\"font-weight: 400;\">A premia\u00e7\u00e3o dos vencedores do Pr\u00eamio Anprotec 2025 acontecer\u00e1 no dia <\/span><b>1<\/b><b>o<\/b><b> de julho<\/b><span style=\"font-weight: 400;\"> durante a <\/span><b>36<\/b><b>a<\/b><b> Confer\u00eancia Anprotec<\/b><span style=\"font-weight: 400;\">, em Manaus, AM. Conhe\u00e7a os finalistas, veja os v\u00eddeos e d\u00ea seu voto:\u00a0<\/span><\/p>\n<h3><b>Incubadora de Empresas \u2013 Trof\u00e9u Adelino Medeiros<\/b><\/h3>\n<ul>\n<li style=\"font-weight: 400;\" aria-level=\"1\"><span style=\"font-weight: 400;\">Pulsar Incubadora Tecnol\u00f3gica da Universidade Federal de Santa Maria (UFSM)<\/span>\n<ul>\n<li style=\"font-weight: 400;\" aria-level=\"2\"><a href=\"https:\/\/www.instagram.com\/p\/DXr0Zz8DJHJ\/\" target=\"_blank\" rel=\"noopener\"><span style=\"font-weight: 400;\">Instagram <\/span><\/a><span style=\"font-weight: 400;\">I <\/span><a href=\"https:\/\/www.linkedin.com\/posts\/anprotec_premioanprotec2026-conferenciaanprotec2026-activity-7454953560217288704-_m5f?utm_source=share&amp;utm_medium=member_desktop&amp;rcm=ACoAAEOFLR8BD-Qs7WvaZXeN5c9zgU9iA2S47rM\" target=\"_blank\" rel=\"noopener\"><span style=\"font-weight: 400;\">LinkedIn<\/span><\/a><span style=\"font-weight: 400;\"> I <\/span><a href=\"https:\/\/youtu.be\/YD2iwUmNZCQ\" target=\"_blank\" rel=\"noopener\"><span style=\"font-weight: 400;\">Youtube<\/span><\/a><\/li>\n<\/ul>\n<\/li>\n<li style=\"font-weight: 400;\" aria-level=\"1\"><span style=\"font-weight: 400;\">Centro de Empreendimentos em Inform\u00e1tica da Universidade Federal do Rio Grande do Sul (CEI\/UFRGS)<\/span>\n<ul>\n<li style=\"font-weight: 400;\" aria-level=\"2\"><a href=\"https:\/\/www.instagram.com\/p\/DXr05fpjC99\/\" target=\"_blank\" rel=\"noopener\"><span style=\"font-weight: 400;\">Instagram<\/span><\/a><span style=\"font-weight: 400;\"> I <\/span><a href=\"https:\/\/www.linkedin.com\/posts\/anprotec_premioanprotec2026-conferenciaanprotec2026-activity-7454953750605127680-uxIF?utm_source=share&amp;utm_medium=member_desktop&amp;rcm=ACoAAEOFLR8BD-Qs7WvaZXeN5c9zgU9iA2S47rM\" target=\"_blank\" rel=\"noopener\"><span style=\"font-weight: 400;\">LinkedIn<\/span><\/a><span style=\"font-weight: 400;\"> I <\/span><a href=\"https:\/\/youtu.be\/i-7LtDo1M7s\" target=\"_blank\" rel=\"noopener\"><span style=\"font-weight: 400;\">Youtube<\/span><\/a><\/li>\n<\/ul>\n<\/li>\n<li style=\"font-weight: 400;\" aria-level=\"1\"><span style=\"font-weight: 400;\">Unitec &#8211; Tecnosinos<\/span>\n<ul>\n<li style=\"font-weight: 400;\" aria-level=\"2\"><a href=\"https:\/\/www.instagram.com\/p\/DXrzy1gjGeL\/\" target=\"_blank\" rel=\"noopener\"><span style=\"font-weight: 400;\">Instagram<\/span><\/a><span style=\"font-weight: 400;\"> I <\/span><a href=\"https:\/\/www.linkedin.com\/posts\/anprotec_premioanprotec2026-conferenciaanprotec2026-activity-7454952984263757825-Bk-g?utm_source=share&amp;utm_medium=member_desktop&amp;rcm=ACoAAEOFLR8BD-Qs7WvaZXeN5c9zgU9iA2S47rM\" target=\"_blank\" rel=\"noopener\"><span style=\"font-weight: 400;\">LinkedIn<\/span><\/a><span style=\"font-weight: 400;\"> I <\/span><a href=\"https:\/\/youtube.com\/shorts\/LumjpTLjjL4\" target=\"_blank\" rel=\"noopener\"><span style=\"font-weight: 400;\">Youtube<\/span><\/a><\/li>\n<\/ul>\n<\/li>\n<\/ul>\n<h3><b>Aceleradora \u2013 Trof\u00e9u Lynaldo Cavalcanti<\/b><\/h3>\n<ul>\n<li style=\"font-weight: 400;\" aria-level=\"1\"><span style=\"font-weight: 400;\">Feevale Techpark \u2013 BRDE Labs RS<\/span>\n<ul>\n<li style=\"font-weight: 400;\" aria-level=\"2\"><a href=\"https:\/\/www.instagram.com\/p\/DXrfkIqDK7b\/\" target=\"_blank\" rel=\"noopener\"><span style=\"font-weight: 400;\">Instagram<\/span><\/a><span style=\"font-weight: 400;\"> I <\/span><a href=\"https:\/\/www.linkedin.com\/posts\/anprotec_premioanprotec2026-conferenciaanprotec2026-activity-7454920656388907011-F61y?utm_source=share&amp;utm_medium=member_desktop&amp;rcm=ACoAAEOFLR8BD-Qs7WvaZXeN5c9zgU9iA2S47rM\" target=\"_blank\" rel=\"noopener\"><span style=\"font-weight: 400;\">LinkedIn<\/span><\/a><span style=\"font-weight: 400;\"> I <\/span><a href=\"https:\/\/youtube.com\/shorts\/rFKgCHH7-bw\" target=\"_blank\" rel=\"noopener\"><span style=\"font-weight: 400;\">Youtube<\/span><\/a><\/li>\n<\/ul>\n<\/li>\n<li style=\"font-weight: 400;\" aria-level=\"1\"><span style=\"font-weight: 400;\">Ventiur Investimentos em Novos Neg\u00f3cios S.A.<\/span>\n<ul>\n<li style=\"font-weight: 400;\" aria-level=\"2\"><a href=\"https:\/\/www.instagram.com\/p\/DXrfHapjIhd\/\" target=\"_blank\" rel=\"noopener\"><span style=\"font-weight: 400;\">Instagram<\/span><\/a><span style=\"font-weight: 400;\"> I <\/span><a href=\"https:\/\/www.linkedin.com\/posts\/anprotec_premioanprotec2026-conferenciaanprotec2026-activity-7454917558740193280-ulvN?utm_source=share&amp;utm_medium=member_desktop&amp;rcm=ACoAAEOFLR8BD-Qs7WvaZXeN5c9zgU9iA2S47rM\" target=\"_blank\" rel=\"noopener\"><span style=\"font-weight: 400;\">LinkedIn<\/span><\/a><span style=\"font-weight: 400;\"> I <\/span><a href=\"https:\/\/youtube.com\/shorts\/uErMBWNnLjA?feature=share\" target=\"_blank\" rel=\"noopener\"><span style=\"font-weight: 400;\">Youtube<\/span><\/a><\/li>\n<\/ul>\n<\/li>\n<li style=\"font-weight: 400;\" aria-level=\"1\"><span style=\"font-weight: 400;\">TecnoPARQ Acelera, do Centev\/UFV<\/span>\n<ul>\n<li style=\"font-weight: 400;\" aria-level=\"2\"><a href=\"https:\/\/www.instagram.com\/p\/DXreWxwDLj_\/\" target=\"_blank\" rel=\"noopener\"><span style=\"font-weight: 400;\">Instagram<\/span><\/a><span style=\"font-weight: 400;\"> I <\/span><a href=\"https:\/\/www.linkedin.com\/posts\/anprotec_premioanprotec2026-conferenciaanprotec2026-activity-7454917181290635264-8bma?utm_source=share&amp;utm_medium=member_desktop&amp;rcm=ACoAAEOFLR8BD-Qs7WvaZXeN5c9zgU9iA2S47rM\" target=\"_blank\" rel=\"noopener\"><span style=\"font-weight: 400;\">LinkedIn<\/span><\/a><span style=\"font-weight: 400;\"> I <\/span><a href=\"https:\/\/youtu.be\/pvT6eT_wFI0\" target=\"_blank\" rel=\"noopener\"><span style=\"font-weight: 400;\">Youtube<\/span><\/a><\/li>\n<\/ul>\n<\/li>\n<\/ul>\n<h3><b>Hub de Inova\u00e7\u00e3o \u2013 Trof\u00e9u Cristiano Becker<\/b><\/h3>\n<ul>\n<li style=\"font-weight: 400;\" aria-level=\"1\"><span style=\"font-weight: 400;\">Biopark\u00a0<\/span>\n<ul>\n<li style=\"font-weight: 400;\" aria-level=\"2\"><a href=\"https:\/\/www.instagram.com\/p\/DXr2K3GDLtT\/\" target=\"_blank\" rel=\"noopener\"><span style=\"font-weight: 400;\">Instagram<\/span><\/a><span style=\"font-weight: 400;\"> I <\/span><a href=\"https:\/\/www.linkedin.com\/posts\/anprotec_premioanprotec2026-conferenciaanprotec2026-activity-7454957496441421827-pbua?utm_source=share&amp;utm_medium=member_desktop&amp;rcm=ACoAAEOFLR8BD-Qs7WvaZXeN5c9zgU9iA2S47rM\" target=\"_blank\" rel=\"noopener\"><span style=\"font-weight: 400;\">LinkedIn<\/span><\/a><span style=\"font-weight: 400;\"> I <\/span><a href=\"https:\/\/www.youtube.com\/watch?v=XG_FAFFK-ls\" target=\"_blank\" rel=\"noopener\"><span style=\"font-weight: 400;\">Youtube<\/span><\/a><\/li>\n<\/ul>\n<\/li>\n<li style=\"font-weight: 400;\" aria-level=\"1\"><span style=\"font-weight: 400;\">Casa Firjan<\/span>\n<ul>\n<li style=\"font-weight: 400;\" aria-level=\"2\"><a href=\"https:\/\/www.instagram.com\/p\/DXr1iGqjMwY\/\" target=\"_blank\" rel=\"noopener\"><span style=\"font-weight: 400;\">Instagram<\/span><\/a><span style=\"font-weight: 400;\"> I <\/span><a href=\"https:\/\/www.linkedin.com\/posts\/anprotec_premioanprotec2026-conferenciaanprotec2026-activity-7454957273262661632-GklX?utm_source=share&amp;utm_medium=member_desktop&amp;rcm=ACoAAEOFLR8BD-Qs7WvaZXeN5c9zgU9iA2S47rM\" target=\"_blank\" rel=\"noopener\"><span style=\"font-weight: 400;\">LinkedIn<\/span><\/a><span style=\"font-weight: 400;\"> I <\/span><a href=\"https:\/\/youtu.be\/WQUAtIfmeAE\" target=\"_blank\" rel=\"noopener\"><span style=\"font-weight: 400;\">Youtube<\/span><\/a><\/li>\n<\/ul>\n<\/li>\n<\/ul>\n<h3><b>Parque Cient\u00edfico e Tecnol\u00f3gico \u2013 Trof\u00e9u Telmo Silva Ara\u00fajo<\/b><\/h3>\n<ul>\n<li style=\"font-weight: 400;\" aria-level=\"1\"><span style=\"font-weight: 400;\">Parque Tecnol\u00f3gico da UFRJ<\/span>\n<ul>\n<li style=\"font-weight: 400;\" aria-level=\"2\"><a href=\"https:\/\/www.instagram.com\/p\/DXrf-tFjBVZ\/\" target=\"_blank\" rel=\"noopener\"><span style=\"font-weight: 400;\">Instagram<\/span><\/a><span style=\"font-weight: 400;\"> I <\/span><a href=\"https:\/\/www.linkedin.com\/posts\/anprotec_premioanprotec2026-conferenciaanprotec2026-activity-7454920680392835073-uk8B?utm_source=share&amp;utm_medium=member_desktop&amp;rcm=ACoAAEOFLR8BD-Qs7WvaZXeN5c9zgU9iA2S47rM\" target=\"_blank\" rel=\"noopener\"><span style=\"font-weight: 400;\">LinkedIn<\/span><\/a><span style=\"font-weight: 400;\"> I <\/span><a href=\"https:\/\/youtu.be\/Q9_SkZSoqHw\" target=\"_blank\" rel=\"noopener\"><span style=\"font-weight: 400;\">Youtube<\/span><\/a><\/li>\n<\/ul>\n<\/li>\n<li style=\"font-weight: 400;\" aria-level=\"1\"><span style=\"font-weight: 400;\">UPF Parque Cient\u00edfico e Tecnol\u00f3gico<\/span>\n<ul>\n<li style=\"font-weight: 400;\" aria-level=\"2\"><a href=\"https:\/\/www.instagram.com\/p\/DXrgSL-DLXZ\/\" target=\"_blank\" rel=\"noopener\"><span style=\"font-weight: 400;\">Instagram<\/span><\/a><span style=\"font-weight: 400;\"> I <\/span><a href=\"https:\/\/www.linkedin.com\/posts\/anprotec_premioanprotec2026-conferenciaanprotec2026-activity-7454921147567177728-s90Y?utm_source=share&amp;utm_medium=member_desktop&amp;rcm=ACoAAEOFLR8BD-Qs7WvaZXeN5c9zgU9iA2S47rM\" target=\"_blank\" rel=\"noopener\"><span style=\"font-weight: 400;\">LinkedIn<\/span><\/a><span style=\"font-weight: 400;\"> I <\/span><a href=\"https:\/\/youtu.be\/gKotV76buw8\" target=\"_blank\" rel=\"noopener\"><span style=\"font-weight: 400;\">Youtube<\/span><\/a><\/li>\n<\/ul>\n<\/li>\n<li style=\"font-weight: 400;\" aria-level=\"1\"><span style=\"font-weight: 400;\">Porto Digital<\/span>\n<ul>\n<li style=\"font-weight: 400;\" aria-level=\"2\"><a href=\"https:\/\/www.instagram.com\/p\/DXrg2tiDFQu\/\" target=\"_blank\" rel=\"noopener\"><span style=\"font-weight: 400;\">Instagram<\/span><\/a><span style=\"font-weight: 400;\"> I <\/span><a href=\"https:\/\/www.linkedin.com\/company\/portodigital\/\" target=\"_blank\" rel=\"noopener\"><span style=\"font-weight: 400;\">LinkedIn<\/span><\/a><span style=\"font-weight: 400;\"> I <\/span><a href=\"https:\/\/youtu.be\/aTZ_x_DvwGU\" target=\"_blank\" rel=\"noopener\"><span style=\"font-weight: 400;\">Youtube<\/span><\/a><\/li>\n<\/ul>\n<\/li>\n<\/ul>\n<h3><b>Neg\u00f3cios de Impacto \u2013 Trof\u00e9u Carlos Eduardo Negr\u00e3o Bizzotto<\/b><\/h3>\n<ul>\n<li style=\"font-weight: 400;\" aria-level=\"1\"><span style=\"font-weight: 400;\">Biovalor, incubada da Nutec (CE)<\/span>\n<ul>\n<li style=\"font-weight: 400;\" aria-level=\"2\"><a href=\"https:\/\/www.instagram.com\/p\/DXrcnt2jAco\/\" target=\"_blank\" rel=\"noopener\"><span style=\"font-weight: 400;\">Instagram<\/span><\/a><span style=\"font-weight: 400;\"> I <\/span><a href=\"https:\/\/www.linkedin.com\/posts\/anprotec_premioanprotec2026-conferenciaanprotec2026-activity-7454912892786589696-2lix?utm_source=share&amp;utm_medium=member_desktop&amp;rcm=ACoAAEOFLR8BD-Qs7WvaZXeN5c9zgU9iA2S47rM\" target=\"_blank\" rel=\"noopener\"><span style=\"font-weight: 400;\">LinkedIn<\/span><\/a><span style=\"font-weight: 400;\"> I <\/span><a href=\"https:\/\/youtube.com\/shorts\/282pQaAkDWU?feature=share\" target=\"_blank\" rel=\"noopener\"><span style=\"font-weight: 400;\">Youtube<\/span><\/a><\/li>\n<\/ul>\n<\/li>\n<li style=\"font-weight: 400;\" aria-level=\"1\"><span style=\"font-weight: 400;\">Sem Frascos, incubada no BH-TEC<\/span>\n<ul>\n<li style=\"font-weight: 400;\" aria-level=\"2\"><a href=\"https:\/\/www.instagram.com\/p\/DXrc99AjKBM\/\" target=\"_blank\" rel=\"noopener\"><span style=\"font-weight: 400;\">Instagram<\/span><\/a><span style=\"font-weight: 400;\"> I <\/span><a href=\"https:\/\/www.linkedin.com\/posts\/anprotec_premioanprotec2026-conferenciaanprotec2026-activity-7454914677211295744-hwJk?utm_source=share&amp;utm_medium=member_desktop&amp;rcm=ACoAAEOFLR8BD-Qs7WvaZXeN5c9zgU9iA2S47rM\" target=\"_blank\" rel=\"noopener\"><span style=\"font-weight: 400;\">LinkedIn<\/span><\/a><span style=\"font-weight: 400;\"> I <\/span><a href=\"https:\/\/youtube.com\/shorts\/Q8zxGU0WTV4?feature=share\" target=\"_blank\" rel=\"noopener\"><span style=\"font-weight: 400;\">Youtube<\/span><\/a><\/li>\n<\/ul>\n<\/li>\n<li style=\"font-weight: 400;\" aria-level=\"1\"><span style=\"font-weight: 400;\">Monitorai, incubada na SprinT Curitiba \u2013 UTFPR<\/span>\n<ul>\n<li style=\"font-weight: 400;\" aria-level=\"2\"><a href=\"https:\/\/www.instagram.com\/p\/DXrdXYRDNRx\/\" target=\"_blank\" rel=\"noopener\"><span style=\"font-weight: 400;\">Instagram<\/span><\/a><span style=\"font-weight: 400;\"> I <\/span><a href=\"https:\/\/www.linkedin.com\/posts\/anprotec_premioanprotec2026-conferenciaanprotec2026-activity-7454915609743560704-mUpL?utm_source=share&amp;utm_medium=member_desktop&amp;rcm=ACoAAEOFLR8BD-Qs7WvaZXeN5c9zgU9iA2S47rM\" target=\"_blank\" rel=\"noopener\"><span style=\"font-weight: 400;\">LinkedIn<\/span><\/a><span style=\"font-weight: 400;\"> I <\/span><a href=\"https:\/\/youtu.be\/xZH64PDWgSg\" target=\"_blank\" rel=\"noopener\"><span style=\"font-weight: 400;\">Youtube<\/span><\/a><\/li>\n<\/ul>\n<\/li>\n<\/ul>\n<p><span style=\"font-weight: 400;\">Vote e contribua para a valoriza\u00e7\u00e3o do ecossistema de inova\u00e7\u00e3o nacional.<\/span><\/p>\n<\/div>\n","protected":false},"excerpt":{"rendered":"<p>O Pr\u00eamio Nacional de Empreendedorismo Inovador 2026 busca reconhecer os<span class=\"excerpt-hellip\"> [\u2026]<\/span><\/p>\n","protected":false},"author":20,"featured_media":62576,"comment_status":"closed","ping_status":"closed","sticky":false,"template":"","format":"standard","meta":{"footnotes":"","_links_to":"","_links_to_target":""},"categories":[395,3],"tags":[],"calendar":[],"_links":{"self":[{"href":"https:\/\/anprotec.org.br\/site\/wp-json\/wp\/v2\/posts\/62823"}],"collection":[{"href":"https:\/\/anprotec.org.br\/site\/wp-json\/wp\/v2\/posts"}],"about":[{"href":"https:\/\/anprotec.org.br\/site\/wp-json\/wp\/v2\/types\/post"}],"author":[{"embeddable":true,"href":"https:\/\/anprotec.org.br\/site\/wp-json\/wp\/v2\/users\/20"}],"replies":[{"embeddable":true,"href":"https:\/\/anprotec.org.br\/site\/wp-json\/wp\/v2\/comments?post=62823"}],"version-history":[{"count":1,"href":"https:\/\/anprotec.org.br\/site\/wp-json\/wp\/v2\/posts\/62823\/revisions"}],"predecessor-version":[{"id":62824,"href":"https:\/\/anprotec.org.br\/site\/wp-json\/wp\/v2\/posts\/62823\/revisions\/62824"}],"wp:featuredmedia":[{"embeddable":true,"href":"https:\/\/anprotec.org.br\/site\/wp-json\/wp\/v2\/media\/62576"}],"wp:attachment":[{"href":"https:\/\/anprotec.org.br\/site\/wp-json\/wp\/v2\/media?parent=62823"}],"wp:term":[{"taxonomy":"category","embeddable":true,"href":"https:\/\/anprotec.org.br\/site\/wp-json\/wp\/v2\/categories?post=62823"},{"taxonomy":"post_tag","embeddable":true,"href":"https:\/\/anprotec.org.br\/site\/wp-json\/wp\/v2\/tags?post=62823"},{"taxonomy":"calendar","embeddable":true,"href":"https:\/\/anprotec.org.br\/site\/wp-json\/wp\/v2\/calendar?post=62823"}],"curies":[{"name":"wp","href":"https:\/\/api.w.org\/{rel}","templated":true}]}}