{"id":62819,"date":"2026-04-29T12:24:46","date_gmt":"2026-04-29T15:24:46","guid":{"rendered":"https:\/\/anprotec.org.br\/site\/?p=62819"},"modified":"2026-04-29T13:34:44","modified_gmt":"2026-04-29T16:34:44","slug":"desafio-bioinovacao-amazonia-abre-chamada-internacional-para-solucoes-que-unem-ciencia-floresta-e-mercado","status":"publish","type":"post","link":"https:\/\/anprotec.org.br\/site\/2026\/04\/desafio-bioinovacao-amazonia-abre-chamada-internacional-para-solucoes-que-unem-ciencia-floresta-e-mercado\/","title":{"rendered":"Desafio Bioinova\u00e7\u00e3o Amaz\u00f4nia abre chamada internacional para solu\u00e7\u00f5es que unem ci\u00eancia, floresta e mercado"},"content":{"rendered":"<div class=\"wp-block-image\"><img decoding=\"async\" loading=\"lazy\" class=\"wpa-warning wpa-image-missing-alt wp-image-62820 aligncenter\" src=\"https:\/\/anprotec.org.br\/site\/wp-content\/uploads\/2026\/04\/01.png\" alt=\"\" width=\"915\" height=\"1144\" data-warning=\"Missing alt text\" srcset=\"https:\/\/anprotec.org.br\/site\/wp-content\/uploads\/2026\/04\/01.png 1080w, https:\/\/anprotec.org.br\/site\/wp-content\/uploads\/2026\/04\/01-240x300.png 240w, https:\/\/anprotec.org.br\/site\/wp-content\/uploads\/2026\/04\/01-819x1024.png 819w, https:\/\/anprotec.org.br\/site\/wp-content\/uploads\/2026\/04\/01-768x960.png 768w, https:\/\/anprotec.org.br\/site\/wp-content\/uploads\/2026\/04\/01-117x146.png 117w, https:\/\/anprotec.org.br\/site\/wp-content\/uploads\/2026\/04\/01-40x50.png 40w, https:\/\/anprotec.org.br\/site\/wp-content\/uploads\/2026\/04\/01-60x75.png 60w\" sizes=\"(max-width: 915px) 100vw, 915px\" \/><\/div>\n<p><i><span style=\"font-weight: 400;\">Iniciativa do Idesam busca transformar pesquisas sobre a biodiversidade amaz\u00f4nica em neg\u00f3cios de impacto; ecossistema de inova\u00e7\u00e3o \u00e9 convidado a participar e a divulgar a oportunidade<\/span><\/i><\/p>\n<p><span style=\"font-weight: 400;\">O Instituto de Conserva\u00e7\u00e3o e Desenvolvimento Sustent\u00e1vel da Amaz\u00f4nia (Idesam) lan\u00e7ou o <\/span><b>Desafio Bioinova\u00e7\u00e3o Amaz\u00f4nia<\/b><span style=\"font-weight: 400;\">, chamada internacional voltada a identificar e apoiar solu\u00e7\u00f5es inovadoras que transformem a biodiversidade da regi\u00e3o em neg\u00f3cios de impacto. A iniciativa conecta conhecimento cient\u00edfico, conserva\u00e7\u00e3o ambiental e desenvolvimento econ\u00f4mico sustent\u00e1vel \u2014 e representa uma oportunidade relevante para pesquisadores, empreendedores e organiza\u00e7\u00f5es do ecossistema de inova\u00e7\u00e3o brasileiro.<\/span><\/p>\n<p><span style=\"font-weight: 400;\">A Anprotec, como entidade que representa parques tecnol\u00f3gicos, incubadoras e aceleradoras em todo o pa\u00eds, acolhe a iniciativa e convida suas organiza\u00e7\u00f5es associadas e suas redes a conhecerem e divulgarem o Desafio junto a pesquisadores e empreendedores com projetos alinhados \u00e0 bioeconomia amaz\u00f4nica.<\/span><\/p>\n<h4><b>O que o Desafio oferece<\/b><\/h4>\n<p><span style=\"font-weight: 400;\">Os projetos selecionados ter\u00e3o acesso a uma s\u00e9rie de benef\u00edcios, incluindo:<\/span><\/p>\n<ul>\n<li style=\"font-weight: 400;\" aria-level=\"1\"><span style=\"font-weight: 400;\">Apoio financeiro direto, por meio de bolsas e pr\u00eamios para desenvolvimento das solu\u00e7\u00f5es;<\/span><\/li>\n<li style=\"font-weight: 400;\" aria-level=\"1\"><span style=\"font-weight: 400;\">Mentoria especializada em neg\u00f3cios de impacto e bioeconomia;<\/span><\/li>\n<li style=\"font-weight: 400;\" aria-level=\"1\"><span style=\"font-weight: 400;\">Conex\u00e3o com investidores e parceiros estrat\u00e9gicos do ecossistema.<\/span><\/li>\n<\/ul>\n<p><span style=\"font-weight: 400;\">O foco est\u00e1 em iniciativas que consigam traduzir pesquisa cient\u00edfica em solu\u00e7\u00f5es escal\u00e1veis \u2014 exatamente o tipo de transi\u00e7\u00e3o que incubadoras e parques tecnol\u00f3gicos est\u00e3o posicionados para apoiar.<\/span><\/p>\n<p><span style=\"font-weight: 400;\">O Idesam reconhece nos institutos de pesquisa e nas organiza\u00e7\u00f5es de suporte \u00e0 inova\u00e7\u00e3o um papel central na gera\u00e7\u00e3o de solu\u00e7\u00f5es tecnol\u00f3gicas para a Amaz\u00f4nia. Parques tecnol\u00f3gicos, incubadoras e aceleradoras t\u00eam papel estrat\u00e9gico nesse processo \u2014 seja identificando projetos com potencial entre seus incubados e residentes, seja amplificando o alcance da chamada em suas redes.<\/span><\/p>\n<h4><b>Como participar e apoiar\u00a0<\/b><\/h4>\n<p><span style=\"font-weight: 400;\">Detalhes sobre crit\u00e9rios de elegibilidade, cronograma e processo de inscri\u00e7\u00e3o est\u00e3o dispon\u00edveis na<\/span><a href=\"https:\/\/chamadas.idesam.org\/chamada\/bioinovacao\/\"> <span style=\"font-weight: 400;\">p\u00e1gina oficial do Desafio Bioinova\u00e7\u00e3o Amaz\u00f4nia<\/span><\/a><span style=\"font-weight: 400;\">. O Idesam tamb\u00e9m disponibiliza um<\/span><a href=\"https:\/\/drive.google.com\/drive\/folders\/11osm7vlnI5EJt276KOrO0a72Wqkt78o9?usp=sharing\"> <span style=\"font-weight: 400;\">kit de m\u00eddia para divulga\u00e7\u00e3o<\/span><\/a><span style=\"font-weight: 400;\">, com pe\u00e7as para redes sociais e textos prontos para uso em sites e murais. Organiza\u00e7\u00f5es interessadas em firmar parceria formal de divulga\u00e7\u00e3o podem solicitar o termo de coopera\u00e7\u00e3o diretamente ao Idesam.<\/span><\/p>\n","protected":false},"excerpt":{"rendered":"<p>Iniciativa do Idesam busca transformar pesquisas sobre a biodiversidade amaz\u00f4nica<span class=\"excerpt-hellip\"> [\u2026]<\/span><\/p>\n","protected":false},"author":21,"featured_media":62820,"comment_status":"closed","ping_status":"closed","sticky":false,"template":"","format":"standard","meta":{"footnotes":"","_links_to":"","_links_to_target":""},"categories":[3],"tags":[],"calendar":[],"_links":{"self":[{"href":"https:\/\/anprotec.org.br\/site\/wp-json\/wp\/v2\/posts\/62819"}],"collection":[{"href":"https:\/\/anprotec.org.br\/site\/wp-json\/wp\/v2\/posts"}],"about":[{"href":"https:\/\/anprotec.org.br\/site\/wp-json\/wp\/v2\/types\/post"}],"author":[{"embeddable":true,"href":"https:\/\/anprotec.org.br\/site\/wp-json\/wp\/v2\/users\/21"}],"replies":[{"embeddable":true,"href":"https:\/\/anprotec.org.br\/site\/wp-json\/wp\/v2\/comments?post=62819"}],"version-history":[{"count":1,"href":"https:\/\/anprotec.org.br\/site\/wp-json\/wp\/v2\/posts\/62819\/revisions"}],"predecessor-version":[{"id":62821,"href":"https:\/\/anprotec.org.br\/site\/wp-json\/wp\/v2\/posts\/62819\/revisions\/62821"}],"wp:featuredmedia":[{"embeddable":true,"href":"https:\/\/anprotec.org.br\/site\/wp-json\/wp\/v2\/media\/62820"}],"wp:attachment":[{"href":"https:\/\/anprotec.org.br\/site\/wp-json\/wp\/v2\/media?parent=62819"}],"wp:term":[{"taxonomy":"category","embeddable":true,"href":"https:\/\/anprotec.org.br\/site\/wp-json\/wp\/v2\/categories?post=62819"},{"taxonomy":"post_tag","embeddable":true,"href":"https:\/\/anprotec.org.br\/site\/wp-json\/wp\/v2\/tags?post=62819"},{"taxonomy":"calendar","embeddable":true,"href":"https:\/\/anprotec.org.br\/site\/wp-json\/wp\/v2\/calendar?post=62819"}],"curies":[{"name":"wp","href":"https:\/\/api.w.org\/{rel}","templated":true}]}}