{"id":62809,"date":"2026-04-27T18:01:44","date_gmt":"2026-04-27T21:01:44","guid":{"rendered":"https:\/\/anprotec.org.br\/site\/?p=62809"},"modified":"2026-04-27T18:01:44","modified_gmt":"2026-04-27T21:01:44","slug":"conferencia-anprotec-2026-anuncia-novos-palestrantes-com-foco-em-integracao-entre-ciencia-e-mercado-da-inovacao","status":"publish","type":"post","link":"https:\/\/anprotec.org.br\/site\/2026\/04\/conferencia-anprotec-2026-anuncia-novos-palestrantes-com-foco-em-integracao-entre-ciencia-e-mercado-da-inovacao\/","title":{"rendered":"Confer\u00eancia Anprotec 2026 anuncia novos palestrantes com foco em integra\u00e7\u00e3o entre ci\u00eancia e mercado da inova\u00e7\u00e3o\u00a0"},"content":{"rendered":"<div class=\"wp-block-image\"><img decoding=\"async\" loading=\"lazy\" class=\"wpa-warning wpa-image-missing-alt  wp-image-62811 aligncenter\" src=\"https:\/\/anprotec.org.br\/site\/wp-content\/uploads\/2026\/04\/Cards-Palestrantes-Trio-Marcel.png\" alt=\"\" width=\"844\" height=\"1055\" data-warning=\"Missing alt text\" srcset=\"https:\/\/anprotec.org.br\/site\/wp-content\/uploads\/2026\/04\/Cards-Palestrantes-Trio-Marcel.png 1080w, https:\/\/anprotec.org.br\/site\/wp-content\/uploads\/2026\/04\/Cards-Palestrantes-Trio-Marcel-240x300.png 240w, https:\/\/anprotec.org.br\/site\/wp-content\/uploads\/2026\/04\/Cards-Palestrantes-Trio-Marcel-819x1024.png 819w, https:\/\/anprotec.org.br\/site\/wp-content\/uploads\/2026\/04\/Cards-Palestrantes-Trio-Marcel-768x960.png 768w, https:\/\/anprotec.org.br\/site\/wp-content\/uploads\/2026\/04\/Cards-Palestrantes-Trio-Marcel-117x146.png 117w, https:\/\/anprotec.org.br\/site\/wp-content\/uploads\/2026\/04\/Cards-Palestrantes-Trio-Marcel-40x50.png 40w, https:\/\/anprotec.org.br\/site\/wp-content\/uploads\/2026\/04\/Cards-Palestrantes-Trio-Marcel-60x75.png 60w\" sizes=\"(max-width: 844px) 100vw, 844px\" \/><\/div>\n<p><span style=\"font-weight: 400;\">A 36\u00aa Confer\u00eancia Anprotec de Empreendedorismo e Ambientes de Inova\u00e7\u00e3o divulga novos palestrantes que far\u00e3o parte da extensa programa\u00e7\u00e3o do evento. A Confer\u00eancia ser\u00e1 realizada de <\/span><b>29 de junho a 2 de julho, em Manaus (AM)<\/b><span style=\"font-weight: 400;\">. <\/span><b>Marcel Botelho, Ima Vieira <\/b><span style=\"font-weight: 400;\">e<\/span><b> Carbio Almeida<\/b><span style=\"font-weight: 400;\"> trar\u00e3o diferentes perspectivas sobre integra\u00e7\u00e3o entre ci\u00eancia, mercado da inova\u00e7\u00e3o e desenvolvimento regional da Amaz\u00f4nia.<\/span><\/p>\n<h4><b>Marcel Botelho<\/b><span style=\"font-weight: 400;\"> &#8211; (FAPESPA\/CONFAP)<\/span><\/h4>\n<p><span style=\"font-weight: 400;\">Para integrar os debates sobre pol\u00edticas p\u00fablicas e fortalecimento institucional, Marcel Botelho participa da programa\u00e7\u00e3o da Confer\u00eancia. Atual diretor-presidente da FAPESPA e presidente do CONFAP, possui trajet\u00f3ria consolidada na articula\u00e7\u00e3o entre ensino, pesquisa e desenvolvimento regional.<\/span><\/p>\n<p><span style=\"font-weight: 400;\">Ao longo de sua carreira, foi reitor da Universidade Federal Rural da Amaz\u00f4nia e ocupou posi\u00e7\u00f5es estrat\u00e9gicas em f\u00f3runs e institui\u00e7\u00f5es de ensino e pesquisa, contribuindo para o avan\u00e7o das pol\u00edticas de ci\u00eancia, tecnologia e inova\u00e7\u00e3o no pa\u00eds.<\/span><\/p>\n<p><span style=\"font-weight: 400;\">Na Confer\u00eancia Anprotec 2026, participar\u00e1 da <\/span><b>Roda de Conversa 2 \u2013 \u201cProgramas de Impacto e Inova\u00e7\u00e3o: A\u00e7\u00e3o do Governo Federal, Institui\u00e7\u00f5es Envolvidas e Oportunidades para os Territ\u00f3rios\u201d, no dia<\/b> <b>1\u00ba de julho, \u00e0s 8h30<\/b><span style=\"font-weight: 400;\">. Marcel contribuir\u00e1 com o debate sobre o papel das institui\u00e7\u00f5es no fortalecimento dos ecossistemas de inova\u00e7\u00e3o.<\/span><\/p>\n<h4><b>Ima Vieira &#8211; <\/b><span style=\"font-weight: 400;\">\u00a0(Museu Goeldi\/FINEP)<\/span><\/h4>\n<p><span style=\"font-weight: 400;\">Tamb\u00e9m integra a programa\u00e7\u00e3o Ima Vieira, pesquisadora titular do Museu Paraense Em\u00edlio Goeldi e assessora da presid\u00eancia da FINEP. Doutora em Ecologia e membro da Academia Brasileira de Ci\u00eancias, possui ampla trajet\u00f3ria na produ\u00e7\u00e3o cient\u00edfica voltada \u00e0 Amaz\u00f4nia.<\/span><\/p>\n<p><span style=\"font-weight: 400;\">Com experi\u00eancia em pesquisa e gest\u00e3o cient\u00edfica, Ima tem contribu\u00eddo para a constru\u00e7\u00e3o de agendas estrat\u00e9gicas que conectam conhecimento cient\u00edfico, biodiversidade e desenvolvimento sustent\u00e1vel.<\/span><\/p>\n<p><span style=\"font-weight: 400;\">Na Confer\u00eancia, participar\u00e1 do <\/span><b>Painel Tem\u00e1tico 2 \u2013 \u201cEcossistemas amaz\u00f4nicos e inova\u00e7\u00e3o sustent\u00e1vel: experi\u00eancias da regi\u00e3o Norte e conex\u00f5es com agendas globais\u201d, no dia<\/b> <b>30 de junho, \u00e0s 14h<\/b><span style=\"font-weight: 400;\">. Ima trar\u00e1 reflex\u00f5es sobre a integra\u00e7\u00e3o entre ci\u00eancia e inova\u00e7\u00e3o no contexto da bioeconomia amaz\u00f4nica.<\/span><\/p>\n<h4><b>Carbio Almeida &#8211; <\/b><span style=\"font-weight: 400;\">\u00a0(Rede GO)<\/span><\/h4>\n<p><span style=\"font-weight: 400;\">O evento contar\u00e1 ainda com a participa\u00e7\u00e3o de Carbio Almeida, presidente da Rede Goiana de Inova\u00e7\u00e3o. Administrador de empresas, estrategista e palestrante, possui experi\u00eancia na forma\u00e7\u00e3o de redes e no desenvolvimento de iniciativas voltadas ao empreendedorismo e \u00e0 inova\u00e7\u00e3o.<\/span><\/p>\n<p><span style=\"font-weight: 400;\">Com atua\u00e7\u00e3o tamb\u00e9m como professor e coordenador de cursos de p\u00f3s-gradua\u00e7\u00e3o, Carbio contribui para a dissemina\u00e7\u00e3o de conhecimento aplicado \u00e0 gest\u00e3o da inova\u00e7\u00e3o e ao fortalecimento de ecossistemas regionais.<\/span><\/p>\n<p><span style=\"font-weight: 400;\">Na Confer\u00eancia Anprotec 2026, participar\u00e1 do <\/span><b>Painel Speaker Anprotec 02 \u2013 \u201cRelatos de Boas Pr\u00e1ticas\u201d, no dia 29 de junho, \u00e0s 8h30. <\/b><span style=\"font-weight: 400;\">Carbio compartilhar\u00e1 experi\u00eancias pr\u00e1ticas na articula\u00e7\u00e3o de redes e no desenvolvimento de iniciativas de inova\u00e7\u00e3o em diferentes contextos regionais.<\/span><\/p>\n<h4><b>Sobre a Confer\u00eancia Anprotec 2026<\/b><\/h4>\n<p><span style=\"font-weight: 400;\">A 36\u00aa Confer\u00eancia Anprotec de Empreendedorismo e Ambientes de Inova\u00e7\u00e3o ser\u00e1 realizada de <\/span><b>29 de junho a 2 de julho de 2026, em Manaus (AM),<\/b><span style=\"font-weight: 400;\"> sob o tema \u201cConsolidando Ecossistemas: Empreendedorismo Inovador para a Economia do Futuro\u201d.\u00a0<\/span><\/p>\n<p><span style=\"font-weight: 400;\">O evento reunir\u00e1 gestores de incubadoras, parques tecnol\u00f3gicos, aceleradoras e hubs de inova\u00e7\u00e3o, al\u00e9m de representantes de universidades, empresas e governos, para discutir agendas estrat\u00e9gicas relacionadas ao desenvolvimento regional, bioeconomia, tecnologias emergentes, internacionaliza\u00e7\u00e3o e forma\u00e7\u00e3o de capital humano.<\/span><\/p>\n<p><span style=\"font-weight: 400;\">A confer\u00eancia \u00e9 realizada pela <\/span><b>Anprotec<\/b><span style=\"font-weight: 400;\">, em parceria com o<\/span><b> Sebrae<\/b><span style=\"font-weight: 400;\">, e tem como organizadores locais a <\/span><b>Funda\u00e7\u00e3o Paulo Feitoza<\/b><span style=\"font-weight: 400;\"> e a <\/span><b>Universidade do Estado do Amazonas<\/b><span style=\"font-weight: 400;\">.<\/span><\/p>\n","protected":false},"excerpt":{"rendered":"<p>A 36\u00aa Confer\u00eancia Anprotec de Empreendedorismo e Ambientes de Inova\u00e7\u00e3o<span class=\"excerpt-hellip\"> [\u2026]<\/span><\/p>\n","protected":false},"author":21,"featured_media":62812,"comment_status":"closed","ping_status":"closed","sticky":false,"template":"","format":"standard","meta":{"footnotes":"","_links_to":"","_links_to_target":""},"categories":[395],"tags":[],"calendar":[],"_links":{"self":[{"href":"https:\/\/anprotec.org.br\/site\/wp-json\/wp\/v2\/posts\/62809"}],"collection":[{"href":"https:\/\/anprotec.org.br\/site\/wp-json\/wp\/v2\/posts"}],"about":[{"href":"https:\/\/anprotec.org.br\/site\/wp-json\/wp\/v2\/types\/post"}],"author":[{"embeddable":true,"href":"https:\/\/anprotec.org.br\/site\/wp-json\/wp\/v2\/users\/21"}],"replies":[{"embeddable":true,"href":"https:\/\/anprotec.org.br\/site\/wp-json\/wp\/v2\/comments?post=62809"}],"version-history":[{"count":1,"href":"https:\/\/anprotec.org.br\/site\/wp-json\/wp\/v2\/posts\/62809\/revisions"}],"predecessor-version":[{"id":62813,"href":"https:\/\/anprotec.org.br\/site\/wp-json\/wp\/v2\/posts\/62809\/revisions\/62813"}],"wp:featuredmedia":[{"embeddable":true,"href":"https:\/\/anprotec.org.br\/site\/wp-json\/wp\/v2\/media\/62812"}],"wp:attachment":[{"href":"https:\/\/anprotec.org.br\/site\/wp-json\/wp\/v2\/media?parent=62809"}],"wp:term":[{"taxonomy":"category","embeddable":true,"href":"https:\/\/anprotec.org.br\/site\/wp-json\/wp\/v2\/categories?post=62809"},{"taxonomy":"post_tag","embeddable":true,"href":"https:\/\/anprotec.org.br\/site\/wp-json\/wp\/v2\/tags?post=62809"},{"taxonomy":"calendar","embeddable":true,"href":"https:\/\/anprotec.org.br\/site\/wp-json\/wp\/v2\/calendar?post=62809"}],"curies":[{"name":"wp","href":"https:\/\/api.w.org\/{rel}","templated":true}]}}