{"id":61588,"date":"2025-12-10T13:04:24","date_gmt":"2025-12-10T16:04:24","guid":{"rendered":"https:\/\/anprotec.org.br\/site\/?p=61588"},"modified":"2025-12-10T13:04:24","modified_gmt":"2025-12-10T16:04:24","slug":"ex-presidente-da-anprotec-francilene-garcia-assume-presidencia-do-conselho-de-administracao-da-embrapii","status":"publish","type":"post","link":"https:\/\/anprotec.org.br\/site\/2025\/12\/ex-presidente-da-anprotec-francilene-garcia-assume-presidencia-do-conselho-de-administracao-da-embrapii\/","title":{"rendered":"Ex-presidente da Anprotec, Francilene Garcia assume presid\u00eancia do Conselho de Administra\u00e7\u00e3o da Embrapii"},"content":{"rendered":"<div id=\"attachment_61589\" style=\"width: 778px\" class=\"wp-caption aligncenter\"><img aria-describedby=\"caption-attachment-61589\" decoding=\"async\" loading=\"lazy\" class=\"wpa-warning wpa-image-missing-alt wp-image-61589 size-full\" src=\"https:\/\/anprotec.org.br\/site\/wp-content\/uploads\/2025\/12\/5ac94204-b530-4c4b-9e5f-a4bfd6a8dd90.jpeg\" alt=\"\" width=\"768\" height=\"354\" data-warning=\"Missing alt text\" srcset=\"https:\/\/anprotec.org.br\/site\/wp-content\/uploads\/2025\/12\/5ac94204-b530-4c4b-9e5f-a4bfd6a8dd90.jpeg 768w, https:\/\/anprotec.org.br\/site\/wp-content\/uploads\/2025\/12\/5ac94204-b530-4c4b-9e5f-a4bfd6a8dd90-300x138.jpeg 300w, https:\/\/anprotec.org.br\/site\/wp-content\/uploads\/2025\/12\/5ac94204-b530-4c4b-9e5f-a4bfd6a8dd90-260x120.jpeg 260w, https:\/\/anprotec.org.br\/site\/wp-content\/uploads\/2025\/12\/5ac94204-b530-4c4b-9e5f-a4bfd6a8dd90-50x23.jpeg 50w, https:\/\/anprotec.org.br\/site\/wp-content\/uploads\/2025\/12\/5ac94204-b530-4c4b-9e5f-a4bfd6a8dd90-150x69.jpeg 150w\" sizes=\"(max-width: 768px) 100vw, 768px\" \/><p id=\"caption-attachment-61589\" class=\"wp-caption-text\">Foto: Jardel Rodrigues\/SBPC<\/p><\/div>\n<p><i><span style=\"font-weight: 400;\">Professora da UFCG e atual presidente da SBPC acumula d\u00e9cadas de atua\u00e7\u00e3o em pol\u00edticas de ci\u00eancia, tecnologia e inova\u00e7\u00e3o<\/span><\/i><\/p>\n<p><span style=\"font-weight: 400;\">A professora e pesquisadora Francilene Proc\u00f3pio Garcia foi eleita presidente do Conselho de Administra\u00e7\u00e3o da Empresa Brasileira de Pesquisa e Inova\u00e7\u00e3o Industrial (Embrapii) no dia 28 de novembro, durante a 40\u00aa Reuni\u00e3o Ordin\u00e1ria do Conselho de Administra\u00e7\u00e3o, assumindo o mandato em 1\u00ba de dezembro de 2025. Ex-presidente da Anprotec (2012-2015), Francilene traz para o cargo uma trajet\u00f3ria de mais de tr\u00eas d\u00e9cadas dedicadas ao fortalecimento do ecossistema de inova\u00e7\u00e3o brasileiro.<\/span><\/p>\n<p><span style=\"font-weight: 400;\">A nomea\u00e7\u00e3o representa mais um reconhecimento \u00e0 lideran\u00e7a de Francilene Garcia no cen\u00e1rio nacional de CT&amp;I. Desde julho de 2025, ela preside a Sociedade Brasileira para o Progresso da Ci\u00eancia (SBPC), a maior entidade cient\u00edfica da Am\u00e9rica Latina, sendo a primeira mulher nordestina a ocupar o cargo em quase 80 anos de hist\u00f3ria da institui\u00e7\u00e3o.<\/span><\/p>\n<p><span style=\"font-weight: 400;\">Bacharel em Ci\u00eancia da Computa\u00e7\u00e3o, mestre em Inform\u00e1tica e doutora em Engenharia El\u00e9trica, todas pela UFPB, Francilene tamb\u00e9m realizou est\u00e1gio como pesquisadora visitante na Tsinghua University, na China. Sua carreira inclui a dire\u00e7\u00e3o-geral da Funda\u00e7\u00e3o Parque Tecnol\u00f3gico da Para\u00edba (2007-2016) e a Secretaria Executiva de Ci\u00eancia, Tecnologia e Inova\u00e7\u00e3o do Estado da Para\u00edba (2011-2018), per\u00edodo em que presidiu o F\u00f3rum de Secret\u00e1rios para Assuntos de Ci\u00eancia, Tecnologia e Inova\u00e7\u00e3o (CONSECTI).<\/span><\/p>\n<p><span style=\"font-weight: 400;\">Al\u00e9m da presid\u00eancia da SBPC e do Conselho da Embrapii, Francilene Garcia integra atualmente os conselhos do CCT (Conselho Nacional de Ci\u00eancia e Tecnologia), da Finep e do Instituto Serrapilheira, e \u00e9 professora da Universidade Federal de Campina Grande (UFCG). Tamb\u00e9m atua como coordenadora do Parque Tecnol\u00f3gico Horizontes de Inova\u00e7\u00e3o, vinculado ao governo da Para\u00edba.<\/span><\/p>\n<p><span style=\"font-weight: 400;\">A Embrapii \u00e9 uma organiza\u00e7\u00e3o social que atua em parceria com institui\u00e7\u00f5es de pesquisa cient\u00edfica e tecnol\u00f3gica para fomentar a inova\u00e7\u00e3o na ind\u00fastria brasileira. Com contrato de gest\u00e3o junto aos minist\u00e9rios da Ci\u00eancia, Tecnologia e Inova\u00e7\u00e3o; do Desenvolvimento, Ind\u00fastria, Com\u00e9rcio e Servi\u00e7os; da Educa\u00e7\u00e3o; e da Sa\u00fade, a institui\u00e7\u00e3o opera por meio de unidades credenciadas em todo o pa\u00eds, apoiando projetos de pesquisa, desenvolvimento e inova\u00e7\u00e3o em parceria com o setor empresarial.<\/span><\/p>\n<p>&nbsp;<\/p>\n","protected":false},"excerpt":{"rendered":"<p>Professora da UFCG e atual presidente da SBPC acumula d\u00e9cadas<span class=\"excerpt-hellip\"> [\u2026]<\/span><\/p>\n","protected":false},"author":8,"featured_media":61590,"comment_status":"closed","ping_status":"closed","sticky":false,"template":"","format":"standard","meta":{"footnotes":"","_links_to":"","_links_to_target":""},"categories":[3],"tags":[],"calendar":[],"_links":{"self":[{"href":"https:\/\/anprotec.org.br\/site\/wp-json\/wp\/v2\/posts\/61588"}],"collection":[{"href":"https:\/\/anprotec.org.br\/site\/wp-json\/wp\/v2\/posts"}],"about":[{"href":"https:\/\/anprotec.org.br\/site\/wp-json\/wp\/v2\/types\/post"}],"author":[{"embeddable":true,"href":"https:\/\/anprotec.org.br\/site\/wp-json\/wp\/v2\/users\/8"}],"replies":[{"embeddable":true,"href":"https:\/\/anprotec.org.br\/site\/wp-json\/wp\/v2\/comments?post=61588"}],"version-history":[{"count":1,"href":"https:\/\/anprotec.org.br\/site\/wp-json\/wp\/v2\/posts\/61588\/revisions"}],"predecessor-version":[{"id":61591,"href":"https:\/\/anprotec.org.br\/site\/wp-json\/wp\/v2\/posts\/61588\/revisions\/61591"}],"wp:featuredmedia":[{"embeddable":true,"href":"https:\/\/anprotec.org.br\/site\/wp-json\/wp\/v2\/media\/61590"}],"wp:attachment":[{"href":"https:\/\/anprotec.org.br\/site\/wp-json\/wp\/v2\/media?parent=61588"}],"wp:term":[{"taxonomy":"category","embeddable":true,"href":"https:\/\/anprotec.org.br\/site\/wp-json\/wp\/v2\/categories?post=61588"},{"taxonomy":"post_tag","embeddable":true,"href":"https:\/\/anprotec.org.br\/site\/wp-json\/wp\/v2\/tags?post=61588"},{"taxonomy":"calendar","embeddable":true,"href":"https:\/\/anprotec.org.br\/site\/wp-json\/wp\/v2\/calendar?post=61588"}],"curies":[{"name":"wp","href":"https:\/\/api.w.org\/{rel}","templated":true}]}}