{"id":6054,"date":"2014-03-31T10:37:58","date_gmt":"2014-03-31T13:37:58","guid":{"rendered":"http:\/\/anprotec.org.br\/site\/?p=6054"},"modified":"2014-03-31T10:46:39","modified_gmt":"2014-03-31T13:46:39","slug":"pct-guama-e-banco-da-amazonia-firmam-parceria-para-desenvolver-negocios-inovadores","status":"publish","type":"post","link":"https:\/\/anprotec.org.br\/site\/2014\/03\/pct-guama-e-banco-da-amazonia-firmam-parceria-para-desenvolver-negocios-inovadores\/","title":{"rendered":"PCT Guam\u00e1 e Banco da Amaz\u00f4nia firmam parceria"},"content":{"rendered":"<p style=\"text-align: justify\"><img decoding=\"async\" loading=\"lazy\" class=\"alignleft size-thumbnail wp-image-6055\" alt=\"parque guam\u00e1\" src=\"https:\/\/anprotec.org.br\/site\/wp-content\/uploads\/2014\/03\/parque-guam\u00e1-270x160.jpg\" width=\"270\" height=\"160\" \/>Na pr\u00f3xima quarta-feira, dia 4 de abril, o\u00a0Parque de Ci\u00eancia e Tecnologia Guam\u00e1 (PCT Guam\u00e1) e o Banco da Amaz\u00f4nia v\u00e3o formalizar o conv\u00eanio de coopera\u00e7\u00e3o no desenvolvimento de empreendimentos inovadores nas \u00e1reas de capta\u00e7\u00e3o de recursos e intelig\u00eancia competitiva. A cerim\u00f4nia que consolidar\u00e1 essa parceria ocorrer\u00e1, a partir das 8h30, no audit\u00f3rio do Instituto Nacional de Pesquisas Espaciais (INPE), no PCT Guam\u00e1, durante o evento Arena de Investimento em Inova\u00e7\u00e3o, com a presen\u00e7a do diretor-presidente do PCT Guam\u00e1, Ant\u00f4nio Jorge Gomes Abel\u00e9m, e do presidente do Banco da Amaz\u00f4nia, Valmir Rossi.<\/p>\n<p style=\"text-align: justify\">Na ocasi\u00e3o, Abel\u00e9m e o diretor administrativo-financeiro do PCT Guam\u00e1, M\u00e1rcio Roberto do Carmo Pereira, v\u00e3o apresentar os servi\u00e7os de apoio \u00e0 capta\u00e7\u00e3o de recursos e intelig\u00eancia competitiva dispon\u00edveis na unidade de neg\u00f3cios Guam\u00e1 Business, do parque paraense. \u201cA expectativa \u00e9 engajar empresas de base tecnol\u00f3gica em associa\u00e7\u00e3o ao Guam\u00e1 Business, contribuindo para agilizar o acesso destes empreendimentos a servi\u00e7os em gest\u00e3o de inova\u00e7\u00e3o, que v\u00e3o garantir maior competitividade a estes neg\u00f3cios\u201d, assinala o diretor-presidente do PCT Guam\u00e1.<\/p>\n<p style=\"text-align: justify\">Em seguida, o gerente de Programas Governamentais do Banco da Amaz\u00f4nia, Oduval Lobato Neto, far\u00e1 palestra sobre as linhas de financiamento nas \u00e1reas de ci\u00eancia, tecnologia e inova\u00e7\u00e3o, operacionalizadas pela institui\u00e7\u00e3o financeira, com destaque para o FNO Amaz\u00f4nia Sustent\u00e1vel, que, entre outras opera\u00e7\u00f5es, prev\u00ea o financiamento de atividades na \u00e1rea.<\/p>\n<p style=\"text-align: justify\">\u201cUm dos nossos principais carros-chefe \u00e9 a linha FNO-Ci\u00eancia, Tecnologia e Inova\u00e7\u00e3o, para empreendimentos considerados de grande import\u00e2ncia para o desenvolvimento sustent\u00e1vel, especialmente para a localidade onde ser\u00e1 implantado. Tamb\u00e9m levamos em conta \u00e0queles considerados priorit\u00e1rios n\u00e3o s\u00f3 quanto \u00e0 aplica\u00e7\u00e3o dos recursos, mas tamb\u00e9m sob os aspectos sociais, econ\u00f4micos, tecnol\u00f3gicos e espaciais\u201d, explica Oduval Lobato Neto.<\/p>\n<p style=\"text-align: justify\">\u00a0Por meio da parceria entre PCT Guam\u00e1 e Banco da Amaz\u00f4nia tamb\u00e9m se pretende contribuir com o aumento da competitividade e efici\u00eancia das empresas instaladas no parque paraense por meio de iniciativas gerais e integradas de difus\u00e3o de informa\u00e7\u00f5es, mobiliza\u00e7\u00e3o e capacita\u00e7\u00e3o. \u201cEsta interface com o Banco da Amaz\u00f4nia traz oportunidades acess\u00edveis de financiamento para empresas do setor de inova\u00e7\u00e3o, contribuindo para o desenvolvimento mais acelerado destes neg\u00f3cios em nossa regi\u00e3o\u201d, comenta Ant\u00f4nio Abel\u00e9m, diretor-presidente do PCT Guam\u00e1.<\/p>\n<p style=\"text-align: justify\"><b>Linhas de Financiamento para CT&amp;I \u2013\u00a0<\/b>Entre os benefici\u00e1rios do FNO Ci\u00eancia, Tecnologia e Inova\u00e7\u00e3o est\u00e3o pessoas jur\u00eddicas de direito privado, inclusive empresas individuais, associa\u00e7\u00f5es e cooperativas. Os recursos podem ser destinados a investimento fixo ou misto (capital de giro associado ao investimento fixo), al\u00e9m de capital de giro n\u00e3o associado a investimento fixo (capital de giro isolado). Com taxas diferenciadas, esses recursos podem ser determinantes para a alavancagem dos neg\u00f3cios desenvolvidos pelas empresas que mant\u00eam interface com o PCT Guam\u00e1.<\/p>\n<p style=\"text-align: justify\">Outra oportunidade para capta\u00e7\u00e3o de recursos, por meio do Banco da Amaz\u00f4nia, \u00e9 o Finep Inovacred, programa que abrange todo o ciclo de ci\u00eancia, tecnologia e inova\u00e7\u00e3o da pesquisa b\u00e1sica at\u00e9 o desenvolvimento de produtos, servi\u00e7os e processos nas empresas. Realizado em parceria com a Financiadora de Estudos e Projetos &#8211; FINEP, empresa p\u00fablica vinculada ao Minist\u00e9rio da Ci\u00eancia, Tecnologia e Inova\u00e7\u00e3o (MCTI), o Banco da Amaz\u00f4nia est\u00e1 operacionalizando esse programa, que objetiva ampliar a competitividade das micro, pequenas e m\u00e9dias empresas.\u00a0Por meio do Inovacred, o Banco da Amaz\u00f4nia pode financiar projetos a partir de R$ 150 mil, com juros de TJLP menos 1,5% ao ano para empresas da regi\u00e3o Norte.<\/p>\n<p style=\"text-align: justify\"><b>Inova\u00e7\u00e3o\u00a0<\/b>&#8211; Em opera\u00e7\u00e3o h\u00e1 tr\u00eas anos nos campi da Universidade Federal do Par\u00e1 (UFPA) e da Universidade Federal Rural da Amaz\u00f4nia (UFRA), em Bel\u00e9m (PA), o PCT Guam\u00e1 re\u00fane, atualmente, 18 empreendimentos de base tecnol\u00f3gica em distintos ciclos de desenvolvimento e apoia startups nas \u00e1reas de biotecnologia e tecnologia da informa\u00e7\u00e3o e comunica\u00e7\u00e3o, presentes na Incubadora de Empresas de Base Tecnol\u00f3gica da Universidade Federal do Par\u00e1 (PIEBT-UNIVERSITEC-UFPA).<\/p>\n<p style=\"text-align: justify\">O parque paraense tem gest\u00e3o da Funda\u00e7\u00e3o Guam\u00e1, por meio de um conv\u00eanio entre\u00a0 a Secretaria de Estado, Ci\u00eancia, Tecnologia e Inova\u00e7\u00e3o (Secti), a UFPA e a UFRA e conta com o aporte financeiro da Secretaria de Estado, Ci\u00eancia, Tecnologia e Inova\u00e7\u00e3o (Secti), do Banco Nacional de Desenvolvimento Econ\u00f4mico e Social (BNDES) e da Financiadora de Estudos e Projetos (Finep), por meio da Funda\u00e7\u00e3o Amaz\u00f4nia Paraense de Amparo \u00e0 Pesquisa (Fapespa).<\/p>\n<p style=\"text-align: justify\">Tamb\u00e9m tem o apoio da Embrapa Amaz\u00f4nia Oriental, da Eletrobras\/Eletronorte, do Servi\u00e7o de Apoio \u00e0s Micro e Pequenas Empresas no Par\u00e1 (Sebrae-PA), da Ag\u00eancia de Inova\u00e7\u00e3o da Universidade Federal do Par\u00e1 (UNIVERSITEC\/UFPA), do Banco da Amaz\u00f4nia, da Universidade do Estado do Par\u00e1 (UEPA), do Museu Paraense Em\u00edlio Goeldi, da Federa\u00e7\u00e3o das Ind\u00fastrias do Estado do Par\u00e1 (Fiepa), da Secretaria de Ind\u00fastria, Com\u00e9rcio e Minera\u00e7\u00e3o (Seicom), da\u00a0 Rede de Desenvolvimento de Fornecedores do Par\u00e1 e do Centro Universit\u00e1rio do Estado do Par\u00e1 (Cesupa).<\/p>\n<p>Fonte e foto:\u00a0Parque de Ci\u00eancia e Tecnologia Guam\u00e1<\/p>\n","protected":false},"excerpt":{"rendered":"<p><!--:pt-->O Parque de Ci\u00eancia e Tecnologia Guam\u00e1 e o Banco da Amaz\u00f4nia iniciam coopera\u00e7\u00e3o no desenvolvimento de a\u00e7\u00f5es e projetos nas \u00e1reas de ci\u00eancia, tecnologia e inova\u00e7\u00e3o na regi\u00e3o amaz\u00f4nica.<!--:--><\/p>\n","protected":false},"author":8,"featured_media":6058,"comment_status":"open","ping_status":"open","sticky":false,"template":"","format":"standard","meta":{"footnotes":"","_links_to":"","_links_to_target":""},"categories":[3],"tags":[],"calendar":[],"_links":{"self":[{"href":"https:\/\/anprotec.org.br\/site\/wp-json\/wp\/v2\/posts\/6054"}],"collection":[{"href":"https:\/\/anprotec.org.br\/site\/wp-json\/wp\/v2\/posts"}],"about":[{"href":"https:\/\/anprotec.org.br\/site\/wp-json\/wp\/v2\/types\/post"}],"author":[{"embeddable":true,"href":"https:\/\/anprotec.org.br\/site\/wp-json\/wp\/v2\/users\/8"}],"replies":[{"embeddable":true,"href":"https:\/\/anprotec.org.br\/site\/wp-json\/wp\/v2\/comments?post=6054"}],"version-history":[{"count":5,"href":"https:\/\/anprotec.org.br\/site\/wp-json\/wp\/v2\/posts\/6054\/revisions"}],"predecessor-version":[{"id":6057,"href":"https:\/\/anprotec.org.br\/site\/wp-json\/wp\/v2\/posts\/6054\/revisions\/6057"}],"wp:featuredmedia":[{"embeddable":true,"href":"https:\/\/anprotec.org.br\/site\/wp-json\/wp\/v2\/media\/6058"}],"wp:attachment":[{"href":"https:\/\/anprotec.org.br\/site\/wp-json\/wp\/v2\/media?parent=6054"}],"wp:term":[{"taxonomy":"category","embeddable":true,"href":"https:\/\/anprotec.org.br\/site\/wp-json\/wp\/v2\/categories?post=6054"},{"taxonomy":"post_tag","embeddable":true,"href":"https:\/\/anprotec.org.br\/site\/wp-json\/wp\/v2\/tags?post=6054"},{"taxonomy":"calendar","embeddable":true,"href":"https:\/\/anprotec.org.br\/site\/wp-json\/wp\/v2\/calendar?post=6054"}],"curies":[{"name":"wp","href":"https:\/\/api.w.org\/{rel}","templated":true}]}}