{"id":6014,"date":"2014-03-27T10:22:25","date_gmt":"2014-03-27T13:22:25","guid":{"rendered":"http:\/\/anprotec.org.br\/site\/?p=6014"},"modified":"2014-03-27T10:22:25","modified_gmt":"2014-03-27T13:22:25","slug":"supera-parque-e-inaugurado-em-ribeirao-preto","status":"publish","type":"post","link":"https:\/\/anprotec.org.br\/site\/2014\/03\/supera-parque-e-inaugurado-em-ribeirao-preto\/","title":{"rendered":"Supera Parque \u00e9 inaugurado em Ribeir\u00e3o Preto"},"content":{"rendered":"<p style=\"text-align: justify\"><img decoding=\"async\" loading=\"lazy\" class=\"alignleft size-thumbnail wp-image-6016\" alt=\"inauguracao parque tecnologico (98)\" src=\"https:\/\/anprotec.org.br\/site\/wp-content\/uploads\/2014\/03\/inauguracao-parque-tecnologico-98-270x160.jpg\" width=\"270\" height=\"160\" \/>Uma parceria entre o poder p\u00fablico e a Universidade de S\u00e3o Paulo, com investimentos de R$ 15 milh\u00f5es, resultou no Supera Parque de Inova\u00e7\u00e3o e Tecnologia de Ribeir\u00e3o Preto. Inaugurado nesta quarta-feira, 26, com a presen\u00e7a do governador Geraldo Alckmin, da prefeita D\u00e1rcy Vera (Ribeir\u00e3o Preto), e do reitor da Universidade de S\u00e3o Paulo (USP), Marco Antonio Zago, o Parque deve incentivar pesquisas e cria\u00e7\u00e3o de novas tecnologias, aproximando os setores industrial, empresarial com a universidade. Tamb\u00e9m participaram da inaugura\u00e7\u00e3o deputados federais e estaduais, prefeitos e vereadores da regi\u00e3o.<\/p>\n<p style=\"text-align: justify\">Em seu discurso, o governador Geraldo Alckmin afirmou que o Parque Tecnol\u00f3gico de Ribeir\u00e3o Preto estar\u00e1 entre os melhores gra\u00e7as a parceria e proximidade com a Universidade de S\u00e3o Paulo . \u201cO que separa as na\u00e7\u00f5es desenvolvidas daquelas que t\u00eam dificuldades \u00e9, exatamente, o conhecimento e inova\u00e7\u00e3o tecnol\u00f3gica\u201d, pontuou.<\/p>\n<p style=\"text-align: justify\">O governador apontou que por estar dentro do campus da USP, o Supera Parque tem um diferencial em rela\u00e7\u00e3o aos outros parques e que o empreendimento deve impulsionar o desenvolvimento da regi\u00e3o. \u201cEstamos muito otimistas. Acho que foi um gol marcado em benef\u00edcio da ci\u00eancia, do desenvolvimento, dos empregos e oportunidades da regi\u00e3o\u201d, disse.<\/p>\n<p style=\"text-align: justify\">A prefeita D\u00e1rcy Vera tamb\u00e9m acredita no potencial do Supera Parque que, na sua vis\u00e3o, se mostra como uma das maiores for\u00e7as tecnol\u00f3gicas do Brasil. \u201cO Supera dar\u00e1 oportunidade para que ideias saiam do papel e avancem mundo a fora\u201d, avaliou.<\/p>\n<p style=\"text-align: justify\">J\u00e1 o secret\u00e1rio estadual de Desenvolvimento, Rodrigo Garcia, acredita que o Parque vai proporcionar um investimento ainda maior para as empresas inovadoras na cidade. \u2018O Parque Tecnol\u00f3gico \u00e9 o \u00e1pice da cadeia produtiva da pesquisa e da inova\u00e7\u00e3o\u201d, afirmou.<\/p>\n<p style=\"text-align: justify\">Durante o evento, o governador anunciou um conv\u00eanio entre a Fipase (Funda\u00e7\u00e3o Instituto Polo Avan\u00e7ado de Sa\u00fade), gestora do Parque, e a Secretaria de Desenvolvimento Econ\u00f4mico, Ci\u00eancia e Tecnologia, que ir\u00e1 adquirir equipamentos para o Supera Centro de Tecnologia, no total de R$ 1,6 mi.<\/p>\n<p style=\"text-align: justify\"><b>Supera Parque<\/b><\/p>\n<p style=\"text-align: justify\">O empreendimento tamb\u00e9m vai promover a gera\u00e7\u00e3o de emprego e renda para a regi\u00e3o de Ribeir\u00e3o Preto: hoje, o Parque gera pelo menos 120 empregos diretos, que s\u00e3o divididos entre a unidade gestora e empresas incubadas. Com a inaugura\u00e7\u00e3o, o n\u00famero deve aumentar.<\/p>\n<p style=\"text-align: justify\">O Supera Parque tem \u00e1rea de aproximadamente 300 mil m<sup>2<\/sup>, dos quais 5 mil m<sup>2 <\/sup>j\u00e1 est\u00e3o ocupados com dois pr\u00e9dios que abrigam a Supera Incubadora de Empresas de Base Tecnol\u00f3gica, o Supera Centro de Tecnologia e a Fipase, al\u00e9m de um Centro de Neg\u00f3cios. A inten\u00e7\u00e3o \u00e9 que, em breve, o Parque ganhe outros dois pr\u00e9dios que abrigar\u00e3o uma aceleradora de empresas e o n\u00facleo administrativo, onde haver\u00e1 servi\u00e7os como restaurante, bancos e audit\u00f3rios.<\/p>\n<p style=\"text-align: justify\">Na \u00e1rea restante, com aproximadamente 150 mil m<sup>2<\/sup>, est\u00e1 prevista a urbaniza\u00e7\u00e3o de lotes para a instala\u00e7\u00e3o de empresas de grande porte. O projeto urban\u00edstico j\u00e1 recebeu recursos na ordem de R$ 437 mil, repassados da Secretaria de Desenvolvimento Econ\u00f4mico, Ci\u00eancia e Tecnologia \u00e0 Fipase para que o projeto executivo urban\u00edstico seja realizado.<\/p>\n<p style=\"text-align: justify\">\u201cA ideia \u00e9 incentivar as empresas nascentes em Ribeir\u00e3o Preto, mas tamb\u00e9m atrair novas empresas que possam se instalar na cidade\u201d, revelou Eduardo Cicconi, gerente do Supera Parque. O Parque deve atender, prioritariamente, empresas que trabalhem com pesquisa e desenvolvimento (P&amp;D) e que invistam em produtos e processos inovadores, nas \u00e1reas do Complexo Industrial da Sa\u00fade (CIS), biotecnologia, tecnologia da informa\u00e7\u00e3o e bioenergia.<\/p>\n<p style=\"text-align: justify\">\u00a0<b>Consolida\u00e7\u00e3o<\/b><\/p>\n<p style=\"text-align: justify\">A inaugura\u00e7\u00e3o do Supera Parque de Ribeir\u00e3o Preto \u00e9 a consolida\u00e7\u00e3o de a\u00e7\u00f5es realizadas no passado. Segundo Eduardo Cicconi, o empreendimento \u00e9 resultado do trabalho desenvolvido pela Fipase desde 2001, da cria\u00e7\u00e3o da Incubadora de empresas em 2003, e tamb\u00e9m da for\u00e7a-tarefa para a cria\u00e7\u00e3o de dois Arranjos Produtivos Locais: o da Sa\u00fade e da Ind\u00fastria do Software. \u201cO Parque ser\u00e1 o ponto de refer\u00eancia para que outras a\u00e7\u00f5es como essas sejam desenvolvidas e para que Ribeir\u00e3o Preto se desenvolva ainda mais nessas duas \u00e1reas que s\u00e3o voca\u00e7\u00e3o natural da regi\u00e3o\u201d, disse Cicconi.<\/p>\n<p style=\"text-align: justify\">O Parque j\u00e1 entrou em opera\u00e7\u00e3o, com o Centro de Neg\u00f3cios \u2013 local para instala\u00e7\u00e3o de empresas que j\u00e1 atuam no mercado que sejam graduadas na Incubadora. \u201cO pr\u00e9-requisito \u00e9 que as empresas sejam de base tecnol\u00f3gica, inovadora e tenham plano de pesquisa conjunta com a Universidade\u201d, explicou Cicconi. Ao todo, o Centro de Neg\u00f3cios oferece 11 vagas, das quais duas j\u00e1 est\u00e3o ocupadas e outras cinco em processo de sele\u00e7\u00e3o de empresas.<\/p>\n<p style=\"text-align: justify\">Para o futuro, a equipe administrativa prev\u00ea tamb\u00e9m um Centro Tecnol\u00f3gico de Biotecnologia (em fase de capta\u00e7\u00e3o de recursos) e busca parcerias para a instala\u00e7\u00e3o de uma FATEC (Faculdade de Tecnologia de S\u00e3o Paulo), de um laborat\u00f3rio da FURP (Funda\u00e7\u00e3o para o Rem\u00e9dio Popular) e de uma unidade da Embrapa.<\/p>\n<p style=\"text-align: justify\">* Com informa\u00e7\u00f5es da Fipase<br \/>\n* Foto: Jo\u00e3o Neves<\/p>\n","protected":false},"excerpt":{"rendered":"<p><!--:pt-->Localizado no campus da USP, parque foi inaugurado nesta quarta-feira com a presen\u00e7a do governador Geraldo Alckmin,  que anunciou recursos de R$ 1,6 milh\u00e3o para compra de equipamentos. <!--:--><\/p>\n","protected":false},"author":8,"featured_media":6016,"comment_status":"open","ping_status":"open","sticky":false,"template":"","format":"standard","meta":{"footnotes":"","_links_to":"","_links_to_target":""},"categories":[3],"tags":[],"calendar":[],"_links":{"self":[{"href":"https:\/\/anprotec.org.br\/site\/wp-json\/wp\/v2\/posts\/6014"}],"collection":[{"href":"https:\/\/anprotec.org.br\/site\/wp-json\/wp\/v2\/posts"}],"about":[{"href":"https:\/\/anprotec.org.br\/site\/wp-json\/wp\/v2\/types\/post"}],"author":[{"embeddable":true,"href":"https:\/\/anprotec.org.br\/site\/wp-json\/wp\/v2\/users\/8"}],"replies":[{"embeddable":true,"href":"https:\/\/anprotec.org.br\/site\/wp-json\/wp\/v2\/comments?post=6014"}],"version-history":[{"count":1,"href":"https:\/\/anprotec.org.br\/site\/wp-json\/wp\/v2\/posts\/6014\/revisions"}],"predecessor-version":[{"id":6017,"href":"https:\/\/anprotec.org.br\/site\/wp-json\/wp\/v2\/posts\/6014\/revisions\/6017"}],"wp:featuredmedia":[{"embeddable":true,"href":"https:\/\/anprotec.org.br\/site\/wp-json\/wp\/v2\/media\/6016"}],"wp:attachment":[{"href":"https:\/\/anprotec.org.br\/site\/wp-json\/wp\/v2\/media?parent=6014"}],"wp:term":[{"taxonomy":"category","embeddable":true,"href":"https:\/\/anprotec.org.br\/site\/wp-json\/wp\/v2\/categories?post=6014"},{"taxonomy":"post_tag","embeddable":true,"href":"https:\/\/anprotec.org.br\/site\/wp-json\/wp\/v2\/tags?post=6014"},{"taxonomy":"calendar","embeddable":true,"href":"https:\/\/anprotec.org.br\/site\/wp-json\/wp\/v2\/calendar?post=6014"}],"curies":[{"name":"wp","href":"https:\/\/api.w.org\/{rel}","templated":true}]}}