{"id":5993,"date":"2014-03-26T15:04:56","date_gmt":"2014-03-26T18:04:56","guid":{"rendered":"http:\/\/anprotec.org.br\/site\/?p=5993"},"modified":"2014-07-15T15:41:35","modified_gmt":"2014-07-15T18:41:35","slug":"inscricoes-para-o-xxiv-seminario-nacional-abrem-em-breve","status":"publish","type":"post","link":"https:\/\/anprotec.org.br\/site\/2014\/03\/inscricoes-para-o-xxiv-seminario-nacional-abrem-em-breve\/","title":{"rendered":"Inscri\u00e7\u00f5es para o Semin\u00e1rio Nacional abrir\u00e3o em breve"},"content":{"rendered":"<p><!--:pt--><\/p>\n<p style=\"text-align: justify\"><img decoding=\"async\" loading=\"lazy\" class=\"alignleft size-thumbnail wp-image-5859\" src=\"https:\/\/anprotec.org.br\/site\/wp-content\/uploads\/2014\/03\/logo-semin\u00e1rio-2014-horizontal3-270x160.jpg\" alt=\"logo semin\u00e1rio 2014 - horizontal\" width=\"270\" height=\"160\" \/>Em breve, estar\u00e3o abertas as inscri\u00e7\u00f5es do XXIV Semin\u00e1rio Nacional de Parques Tecnol\u00f3gicos e Incubadoras. Nesta edi\u00e7\u00e3o, a novidade s\u00e3o as inscri\u00e7\u00f5es por \u201ctrilhas\u201d, pacotes com programa\u00e7\u00e3o pr\u00e9-definida e pre\u00e7os promocionais, voltados para os diferentes p\u00fablicos do evento \u2013 Empreendedores, Parques e Incubadoras. <a href=\"http:\/\/www.anprotec.org.br\/Relata\/20140710Anprotec_Inscricoes_FN_V6.pdf\" target=\"_blank\">Veja aqui<\/a>.<\/p>\n<p style=\"text-align: justify\">Na primeira fase, que vai at\u00e9 o dia 30 de abril, \u00a0estar\u00e3o abertas as inscri\u00e7\u00f5es em trilha, com os maiores descontos. A partir de 1\u00ba de maio at\u00e9 21 de julho, todas as modalidades estar\u00e3o dispon\u00edveis, mas os descontos ser\u00e3o menores. Nesse caso, o p\u00fablico pode optar em se inscrever apenas nas atividades de interesse (veja o <a href=\"http:\/\/www.anprotec.org.br\/Relata\/20140715Anprotec_Programacao%20preliminar_FN_V6.pdf\" target=\"_blank\">programa preliminar<\/a>) ou nas trilhas. A partir de 22 de julho, os valores ser\u00e3o alterados, permanecendo assim at\u00e9 o evento.<\/p>\n<p>As inscri\u00e7\u00f5es ser\u00e3o feitas <a href=\"http:\/\/seminarionacional.com.br\/seminario2014\/seminario\/inscricao\/\" target=\"_blank\">no site do evento<\/a>.<!--:--><!--:en--><\/p>\n<p style=\"text-align: justify\"><img decoding=\"async\" loading=\"lazy\" class=\"alignleft size-thumbnail wp-image-5859\" alt=\"logo semin\u00e1rio 2014 - horizontal\" src=\"https:\/\/anprotec.org.br\/site\/wp-content\/uploads\/2014\/03\/logo-semin\u00e1rio-2014-horizontal3-270x160.jpg\" width=\"270\" height=\"160\" \/>Em breve, estar\u00e3o abertas as inscri\u00e7\u00f5es do XXIV Semin\u00e1rio Nacional de Parques Tecnol\u00f3gicos e Incubadoras. Nesta edi\u00e7\u00e3o, a novidade s\u00e3o as inscri\u00e7\u00f5es por \u201ctrilhas\u201d, pacotes com programa\u00e7\u00e3o pr\u00e9-definida e pre\u00e7os promocionais, voltados para os diferentes p\u00fablicos do evento \u2013 Empreendedores, Parques e Incubadoras. <a href=\"http:\/\/www.anprotec.org.br\/Relata\/Inscricoes.pdftp:\/\/\" target=\"_blank\">Veja aqui<\/a>.<\/p>\n<p style=\"text-align: justify\">Na primeira fase, que vai at\u00e9 o dia 30 de abril, \u00a0estar\u00e3o abertas as inscri\u00e7\u00f5es em trilha, com os maiores descontos. A partir de 1\u00ba de maio at\u00e9 21 de julho, todas as modalidades estar\u00e3o dispon\u00edveis, mas os descontos ser\u00e3o menores. Nesse caso, o p\u00fablico pode optar em se inscrever apenas nas atividades de interesse (veja o <a href=\"http:\/\/www.anprotec.org.br\/Relata\/Programa%20preliminar.pdf\" target=\"_blank\">programa preliminar<\/a>) ou nas trilhas. A partir de 22 de julho, os valores ser\u00e3o alterados, permanecendo assim at\u00e9 o evento.<\/p>\n<p>As inscri\u00e7\u00f5es ser\u00e3o feitas <a href=\"http:\/\/seminarionacional.com.br\/seminario2014\/seminario\/inscricao\/\" target=\"_blank\">no site do evento<\/a>.<!--:--><\/p>\n","protected":false},"excerpt":{"rendered":"<p><!--:pt-->Nesta edi\u00e7\u00e3o, os interessados em participar do evento podem optar pela inscri\u00e7\u00e3o em \u201ctrilhas\u201d, pacotes com programa\u00e7\u00e3o pr\u00e9-definida e pre\u00e7os promocionais. <!--:--><\/p>\n","protected":false},"author":8,"featured_media":5859,"comment_status":"open","ping_status":"open","sticky":false,"template":"","format":"standard","meta":{"footnotes":"","_links_to":"","_links_to_target":""},"categories":[3],"tags":[],"calendar":[],"_links":{"self":[{"href":"https:\/\/anprotec.org.br\/site\/wp-json\/wp\/v2\/posts\/5993"}],"collection":[{"href":"https:\/\/anprotec.org.br\/site\/wp-json\/wp\/v2\/posts"}],"about":[{"href":"https:\/\/anprotec.org.br\/site\/wp-json\/wp\/v2\/types\/post"}],"author":[{"embeddable":true,"href":"https:\/\/anprotec.org.br\/site\/wp-json\/wp\/v2\/users\/8"}],"replies":[{"embeddable":true,"href":"https:\/\/anprotec.org.br\/site\/wp-json\/wp\/v2\/comments?post=5993"}],"version-history":[{"count":8,"href":"https:\/\/anprotec.org.br\/site\/wp-json\/wp\/v2\/posts\/5993\/revisions"}],"predecessor-version":[{"id":5996,"href":"https:\/\/anprotec.org.br\/site\/wp-json\/wp\/v2\/posts\/5993\/revisions\/5996"}],"wp:featuredmedia":[{"embeddable":true,"href":"https:\/\/anprotec.org.br\/site\/wp-json\/wp\/v2\/media\/5859"}],"wp:attachment":[{"href":"https:\/\/anprotec.org.br\/site\/wp-json\/wp\/v2\/media?parent=5993"}],"wp:term":[{"taxonomy":"category","embeddable":true,"href":"https:\/\/anprotec.org.br\/site\/wp-json\/wp\/v2\/categories?post=5993"},{"taxonomy":"post_tag","embeddable":true,"href":"https:\/\/anprotec.org.br\/site\/wp-json\/wp\/v2\/tags?post=5993"},{"taxonomy":"calendar","embeddable":true,"href":"https:\/\/anprotec.org.br\/site\/wp-json\/wp\/v2\/calendar?post=5993"}],"curies":[{"name":"wp","href":"https:\/\/api.w.org\/{rel}","templated":true}]}}