{"id":59840,"date":"2025-10-28T13:27:53","date_gmt":"2025-10-28T16:27:53","guid":{"rendered":"https:\/\/anprotec.org.br\/site\/?p=59840"},"modified":"2025-10-28T15:03:54","modified_gmt":"2025-10-28T18:03:54","slug":"instituto-brasileiro-de-inovacao-em-saude-oferece-desconto-para-associados-da-anprotec-no-biolatam-digital-2025","status":"publish","type":"post","link":"https:\/\/anprotec.org.br\/site\/2025\/10\/instituto-brasileiro-de-inovacao-em-saude-oferece-desconto-para-associados-da-anprotec-no-biolatam-digital-2025\/","title":{"rendered":"Instituto Brasileiro de Inova\u00e7\u00e3o em Sa\u00fade oferece desconto para associados da Anprotec no BioLatam\u00ae Digital 2025"},"content":{"rendered":"<div class=\"wp-block-image\"><img decoding=\"async\" loading=\"lazy\" class=\"wpa-warning wpa-image-missing-alt wp-image-59841 aligncenter\" src=\"https:\/\/anprotec.org.br\/site\/wp-content\/uploads\/2025\/10\/Captura-de-tela-2025-10-28-132338-300x115.png\" alt=\"\" width=\"770\" height=\"295\" data-warning=\"Missing alt text\" srcset=\"https:\/\/anprotec.org.br\/site\/wp-content\/uploads\/2025\/10\/Captura-de-tela-2025-10-28-132338-300x115.png 300w, https:\/\/anprotec.org.br\/site\/wp-content\/uploads\/2025\/10\/Captura-de-tela-2025-10-28-132338-1024x394.png 1024w, https:\/\/anprotec.org.br\/site\/wp-content\/uploads\/2025\/10\/Captura-de-tela-2025-10-28-132338-768x295.png 768w, https:\/\/anprotec.org.br\/site\/wp-content\/uploads\/2025\/10\/Captura-de-tela-2025-10-28-132338-260x100.png 260w, https:\/\/anprotec.org.br\/site\/wp-content\/uploads\/2025\/10\/Captura-de-tela-2025-10-28-132338-50x19.png 50w, https:\/\/anprotec.org.br\/site\/wp-content\/uploads\/2025\/10\/Captura-de-tela-2025-10-28-132338-150x58.png 150w, https:\/\/anprotec.org.br\/site\/wp-content\/uploads\/2025\/10\/Captura-de-tela-2025-10-28-132338.png 1110w\" sizes=\"(max-width: 770px) 100vw, 770px\" \/><\/div>\n<p><span style=\"font-weight: 400;\">\u00a0<\/span><\/p>\n<p><span style=\"font-weight: 400;\">O Instituto Brasileiro de Inova\u00e7\u00e3o em Sa\u00fade, membro associado do Sistema Paulista de Ambientes de Inova\u00e7\u00e3o (SPAI), convida a comunidade de ambientes de inova\u00e7\u00e3o a participar do BioLatam\u00ae Digital 2025, principal f\u00f3rum internacional que conecta os ecossistemas de biotecnologia da Europa e da Am\u00e9rica Latina.<\/span><\/p>\n<p><span style=\"font-weight: 400;\">O evento acontece entre os dias 11 e 14 de novembro de 2025, em formato 100% online, por meio de uma plataforma internacional de matchmaking. Organizado pela ASEBIO (Associa\u00e7\u00e3o Espanhola de Bioempresas), com parceria regional do Instituto Brasileiro de Inova\u00e7\u00e3o em Sa\u00fade, o BioLatam\u00ae re\u00fane empresas, startups, investidores, universidades e institui\u00e7\u00f5es p\u00fablicas e privadas de mais de 15 pa\u00edses.<\/span><\/p>\n<p><span style=\"font-weight: 400;\">Durante uma semana, os participantes ter\u00e3o acesso a sess\u00f5es tem\u00e1ticas, pain\u00e9is internacionais e reuni\u00f5es bilaterais online. A edi\u00e7\u00e3o de 2024 contou com mais de 170 organiza\u00e7\u00f5es participantes, consolidando o encontro como um dos mais relevantes do setor de biotecnologia e inova\u00e7\u00e3o na regi\u00e3o ibero-latino-americana.<\/span><\/p>\n<h2><b>Benef\u00edcio para a rede Anprotec<\/b><\/h2>\n<p><span style=\"font-weight: 400;\">Como cortesia para os membros da rede Anprotec, o Instituto Brasileiro de Inova\u00e7\u00e3o em Sa\u00fade oferece o cupom de desconto &#8220;ibis10&#8221;, que garante EUR 10,00 de abatimento, representando aproximadamente 33% sobre o valor da inscri\u00e7\u00e3o.<\/span><\/p>\n<p><span style=\"font-weight: 400;\">A participa\u00e7\u00e3o no BioLatam\u00ae Digital 2025 representa uma oportunidade estrat\u00e9gica para fortalecer conex\u00f5es com os principais hubs de biotecnologia da Europa e da Am\u00e9rica Latina, ampliar oportunidades de neg\u00f3cios, coopera\u00e7\u00e3o cient\u00edfica e internacionaliza\u00e7\u00e3o de startups. O ambiente digital din\u00e2mico proporciona matchmaking internacional e sess\u00f5es dispon\u00edveis 24 horas por dia.<\/span><\/p>\n<p><b>Inscri\u00e7\u00f5es e mais informa\u00e7\u00f5es:<\/b><a href=\"https:\/\/biolatam.asebioevents.com\"> <span style=\"font-weight: 400;\">https:\/\/biolatam.asebioevents.com<\/span><\/a><\/p>\n","protected":false},"excerpt":{"rendered":"<p>\u00a0 O Instituto Brasileiro de Inova\u00e7\u00e3o em Sa\u00fade, membro associado<span class=\"excerpt-hellip\"> [\u2026]<\/span><\/p>\n","protected":false},"author":8,"featured_media":59848,"comment_status":"closed","ping_status":"closed","sticky":false,"template":"","format":"standard","meta":{"footnotes":"","_links_to":"","_links_to_target":""},"categories":[3,383,414],"tags":[],"calendar":[],"_links":{"self":[{"href":"https:\/\/anprotec.org.br\/site\/wp-json\/wp\/v2\/posts\/59840"}],"collection":[{"href":"https:\/\/anprotec.org.br\/site\/wp-json\/wp\/v2\/posts"}],"about":[{"href":"https:\/\/anprotec.org.br\/site\/wp-json\/wp\/v2\/types\/post"}],"author":[{"embeddable":true,"href":"https:\/\/anprotec.org.br\/site\/wp-json\/wp\/v2\/users\/8"}],"replies":[{"embeddable":true,"href":"https:\/\/anprotec.org.br\/site\/wp-json\/wp\/v2\/comments?post=59840"}],"version-history":[{"count":1,"href":"https:\/\/anprotec.org.br\/site\/wp-json\/wp\/v2\/posts\/59840\/revisions"}],"predecessor-version":[{"id":59843,"href":"https:\/\/anprotec.org.br\/site\/wp-json\/wp\/v2\/posts\/59840\/revisions\/59843"}],"wp:featuredmedia":[{"embeddable":true,"href":"https:\/\/anprotec.org.br\/site\/wp-json\/wp\/v2\/media\/59848"}],"wp:attachment":[{"href":"https:\/\/anprotec.org.br\/site\/wp-json\/wp\/v2\/media?parent=59840"}],"wp:term":[{"taxonomy":"category","embeddable":true,"href":"https:\/\/anprotec.org.br\/site\/wp-json\/wp\/v2\/categories?post=59840"},{"taxonomy":"post_tag","embeddable":true,"href":"https:\/\/anprotec.org.br\/site\/wp-json\/wp\/v2\/tags?post=59840"},{"taxonomy":"calendar","embeddable":true,"href":"https:\/\/anprotec.org.br\/site\/wp-json\/wp\/v2\/calendar?post=59840"}],"curies":[{"name":"wp","href":"https:\/\/api.w.org\/{rel}","templated":true}]}}