{"id":5981,"date":"2014-03-26T11:48:55","date_gmt":"2014-03-26T14:48:55","guid":{"rendered":"http:\/\/anprotec.org.br\/site\/?p=5981"},"modified":"2014-03-26T11:48:55","modified_gmt":"2014-03-26T14:48:55","slug":"anprotec-articula-acordo-com-secretarios-de-cti","status":"publish","type":"post","link":"https:\/\/anprotec.org.br\/site\/2014\/03\/anprotec-articula-acordo-com-secretarios-de-cti\/","title":{"rendered":"Anprotec articula acordo com secret\u00e1rios de CT&amp;I"},"content":{"rendered":"<p style=\"text-align: justify\"><img decoding=\"async\" loading=\"lazy\" class=\"alignleft size-thumbnail wp-image-5985\" alt=\"unnamed\" src=\"https:\/\/anprotec.org.br\/site\/wp-content\/uploads\/2014\/03\/unnamed1-270x160.jpg\" width=\"270\" height=\"160\" \/>Nos dias 20 e 21 de mar\u00e7o, aconteceu o F\u00f3rum do Conselho Nacional de Secret\u00e1rios Estaduais para assuntos de CT&amp;I (Consecti), na capital mato-grossense, Cuiab\u00e1. O F\u00f3rum teve a presen\u00e7a de novos ministros, do governador do Mato Grosso, Sinval Pereira, do vice-presidente do F\u00f3rum Nacional de Secret\u00e1rios e Dirigentes Municipais de CT&amp;I, Marcos Bernardo, do Secret\u00e1rio Executivo, Ketno Lucas e da presidente da Anprotec, Francilene Proc\u00f3pio Garcia. Durante os dois dias, foi discutido um conjunto de demandas consideradas priorit\u00e1rias para o desenvolvimento cient\u00edfico e tecnol\u00f3gico do pa\u00eds.<\/p>\n<p style=\"text-align: justify\">No evento, o novo ministro de Ci\u00eancia, Tecnologia e Inova\u00e7\u00e3o, Clelio Campolina, abordou temas que devem ser mantidos na agenda do minist\u00e9rio, afirmou dar prosseguimento a projetos em andamento, convocou a comunidade acad\u00eamica para atuar em conjunto com o governo e recebeu demandas de secret\u00e1rios estaduais e reivindica\u00e7\u00f5es do Consecti. Em defesa do desenvolvimento regional, Campolina reiterou ser um estudioso sobre o tema. \u201cFui professor universit\u00e1rio ao longo de 40 anos, sempre preocupado com o desenvolvimento econ\u00f4mico, seja na dimens\u00e3o territorial da integra\u00e7\u00e3o do Brasil com Am\u00e9rica do Sul, seja na preocupa\u00e7\u00e3o com educa\u00e7\u00e3o, ci\u00eancia e tecnologia e inova\u00e7\u00e3o, que para mim s\u00e3o os instrumentos decisivos para o desenvolvimento de qualquer lugar do mundo\u201d.<\/p>\n<p style=\"text-align: justify\"><b>Parceria com a Anprotec<\/b><\/p>\n<p style=\"text-align: justify\">Durante o F\u00f3rum do Consecti, foi articulado um acordo de coopera\u00e7\u00e3o t\u00e9cnica entre a Anprotec e o F\u00f3rum de Secret\u00e1rios Municipais de CTI, visando\u00a0regulamentar a lei municipal de inova\u00e7\u00e3o, com o objetivo de inserir os munic\u00edpios no Sistema Nacional de Inova\u00e7\u00e3o e em editais CNPQ, FINEP e FAP&#8217;s.<\/p>\n<p style=\"text-align: justify\">&#8220;Temos o interesse de firmar uma parceria com a ANPROTEC, assim como fizeram em 2013\u00a0com o Consecti. Os acordos de coopera\u00e7\u00e3o t\u00e9cnica tem resultados concretos e queremos fazer o mesmo trabalho no \u00e2mbito dos munic\u00edpios\u00a0com o apoio\u00a0da ANPROTEC a partir de 2014&#8221;, afirmou o vice-presidente do F\u00f3rum Nacional de Dirigentes Municipais de CTI, Marcos Bernardo.<\/p>\n<p style=\"text-align: justify\">A presidente da Anprotec, Francilene Proc\u00f3pio Garcia, falou sobre &#8220;Plataformas para o desenvolvimento: planejamento, implanta\u00e7\u00e3o e opera\u00e7\u00e3o de ambientes de inova\u00e7\u00e3o&#8221;. Em sua apresenta\u00e7\u00e3o, Francilene tra\u00e7ou um panorama da evolu\u00e7\u00e3o dos Ambientes de\u00a0 Inova\u00e7\u00e3o no Brasil e como os estados podem ajudar na elabora\u00e7\u00e3o de pol\u00edticas p\u00fablicas e no maior fomento ao setor.<\/p>\n<p style=\"text-align: justify\">* Com informa\u00e7\u00f5es do Consecti<\/p>\n","protected":false},"excerpt":{"rendered":"<p><!--:pt-->Ao participar do F\u00f3rum do Consecti,  Anprotec e secret\u00e1rios de CT&amp;I desenvolvem parceria para incluir os munic\u00edpios  no Sistema Nacional de Inova\u00e7\u00e3o e editais CNPQ, FINEP e FAP&#8217;s.<!--:--><\/p>\n","protected":false},"author":8,"featured_media":5985,"comment_status":"open","ping_status":"open","sticky":false,"template":"","format":"standard","meta":{"footnotes":"","_links_to":"","_links_to_target":""},"categories":[3],"tags":[],"calendar":[],"_links":{"self":[{"href":"https:\/\/anprotec.org.br\/site\/wp-json\/wp\/v2\/posts\/5981"}],"collection":[{"href":"https:\/\/anprotec.org.br\/site\/wp-json\/wp\/v2\/posts"}],"about":[{"href":"https:\/\/anprotec.org.br\/site\/wp-json\/wp\/v2\/types\/post"}],"author":[{"embeddable":true,"href":"https:\/\/anprotec.org.br\/site\/wp-json\/wp\/v2\/users\/8"}],"replies":[{"embeddable":true,"href":"https:\/\/anprotec.org.br\/site\/wp-json\/wp\/v2\/comments?post=5981"}],"version-history":[{"count":4,"href":"https:\/\/anprotec.org.br\/site\/wp-json\/wp\/v2\/posts\/5981\/revisions"}],"predecessor-version":[{"id":5992,"href":"https:\/\/anprotec.org.br\/site\/wp-json\/wp\/v2\/posts\/5981\/revisions\/5992"}],"wp:featuredmedia":[{"embeddable":true,"href":"https:\/\/anprotec.org.br\/site\/wp-json\/wp\/v2\/media\/5985"}],"wp:attachment":[{"href":"https:\/\/anprotec.org.br\/site\/wp-json\/wp\/v2\/media?parent=5981"}],"wp:term":[{"taxonomy":"category","embeddable":true,"href":"https:\/\/anprotec.org.br\/site\/wp-json\/wp\/v2\/categories?post=5981"},{"taxonomy":"post_tag","embeddable":true,"href":"https:\/\/anprotec.org.br\/site\/wp-json\/wp\/v2\/tags?post=5981"},{"taxonomy":"calendar","embeddable":true,"href":"https:\/\/anprotec.org.br\/site\/wp-json\/wp\/v2\/calendar?post=5981"}],"curies":[{"name":"wp","href":"https:\/\/api.w.org\/{rel}","templated":true}]}}