{"id":5971,"date":"2014-03-27T09:35:11","date_gmt":"2014-03-27T12:35:11","guid":{"rendered":"http:\/\/anprotec.org.br\/site\/?p=5971"},"modified":"2014-03-27T09:39:45","modified_gmt":"2014-03-27T12:39:45","slug":"maratona-valor-pme-traz-lideres-inspiradores","status":"publish","type":"post","link":"https:\/\/anprotec.org.br\/site\/2014\/03\/maratona-valor-pme-traz-lideres-inspiradores\/","title":{"rendered":"Maratona Valor PME traz l\u00edderes inspiradores"},"content":{"rendered":"<p style=\"text-align: justify\"><img decoding=\"async\" loading=\"lazy\" class=\"alignleft size-thumbnail wp-image-5980\" alt=\"empresario\" src=\"https:\/\/anprotec.org.br\/site\/wp-content\/uploads\/2014\/03\/empresario-270x160.jpg\" width=\"270\" height=\"160\" \/>No dia 04 de abril, ser\u00e1 realizada a\u00a0Maratona Valor PME 2014. Promovida pelo jornal Valor Econ\u00f4mico, em parceria com a Anprotec e Endeavor, o evento trar\u00e1 empres\u00e1rios conhecidos no mundo dos neg\u00f3cios para falar sobre a transforma\u00e7\u00e3o de suas empresas em grandes corpora\u00e7\u00f5es.<\/p>\n<p style=\"text-align: justify\">A lista inclui: \u00a0Abilio Diniz \u00a0(Presidente do Conselho de Administra\u00e7\u00e3o da BRF);\u00a0Alexandre Birman (CEO da Arezzo&amp;Co); Antonio Alberto Saraiva (Presidente e fundador do Habib&#8217;s);\u00a0Fabio Hering (Diretor presidente da Cia. Hering);\u00a0Fl\u00e1vio Gurgel Rocha (Presidente da Riachuelo); \u00a0Guilherme Paulus (S\u00f3cio-fundador e Presidente do Conselho de Administra\u00e7\u00e3o da CVC);\u00a0Marcio Kumruian (CEO e fundador da Netshoes);\u00a0\u00a0Marcelo Odebrecht (Presidente da Odebrecht);\u00a0Milton Luiz de Melo Santos (Diretor Presidente da Desenvolve SP);\u00a0\u00a0\u00a0Oskar Metsavaht (Presidente do Conselho e fundador da Osklen);\u00a0S\u00f4nia Hess (Presidente da Dudalina). <a href=\"http:\/\/www.anprotec.org.br\/Relata\/VALORPME.JPG\" target=\"_blank\">Veja um perfil de cada um deles<\/a>.<\/p>\n<p style=\"text-align: justify\">Confira a <a href=\"http:\/\/www.valor.com.br\/seminarios\/maratonavalorpme2014\/programacao\" target=\"_blank\">programa\u00e7\u00e3o<\/a>.<\/p>\n<p style=\"text-align: justify\"><strong>Maratona Valor PME 2014<br \/>\nQuando:<\/strong> 04 de abril de 2014<br \/>\n<strong>Local:\u00a0<\/strong>Hotel Sheraton WTC<br \/>\n<strong>Endere\u00e7o:<\/strong>\u00a0Av. das Na\u00e7\u00f5es Unidas, 12.559 \u00a0&#8211; Piso Golden Hall &#8211; S\u00e3o Paulo &#8211; SP<\/p>\n<p style=\"text-align: justify\">*Foto: Shutterstock<\/p>\n","protected":false},"excerpt":{"rendered":"<p><!--:pt-->Na edi\u00e7\u00e3o deste ano, evento \u00e9 apoiado pela Anprotec e traz nomes conhecidos no mundo empresarial, que contam como transformaram suas pequenas empresas em grandes corpora\u00e7\u00f5es.<!--:--><\/p>\n","protected":false},"author":8,"featured_media":5980,"comment_status":"open","ping_status":"open","sticky":false,"template":"","format":"standard","meta":{"footnotes":"","_links_to":"","_links_to_target":""},"categories":[3],"tags":[],"calendar":[],"_links":{"self":[{"href":"https:\/\/anprotec.org.br\/site\/wp-json\/wp\/v2\/posts\/5971"}],"collection":[{"href":"https:\/\/anprotec.org.br\/site\/wp-json\/wp\/v2\/posts"}],"about":[{"href":"https:\/\/anprotec.org.br\/site\/wp-json\/wp\/v2\/types\/post"}],"author":[{"embeddable":true,"href":"https:\/\/anprotec.org.br\/site\/wp-json\/wp\/v2\/users\/8"}],"replies":[{"embeddable":true,"href":"https:\/\/anprotec.org.br\/site\/wp-json\/wp\/v2\/comments?post=5971"}],"version-history":[{"count":4,"href":"https:\/\/anprotec.org.br\/site\/wp-json\/wp\/v2\/posts\/5971\/revisions"}],"predecessor-version":[{"id":6012,"href":"https:\/\/anprotec.org.br\/site\/wp-json\/wp\/v2\/posts\/5971\/revisions\/6012"}],"wp:featuredmedia":[{"embeddable":true,"href":"https:\/\/anprotec.org.br\/site\/wp-json\/wp\/v2\/media\/5980"}],"wp:attachment":[{"href":"https:\/\/anprotec.org.br\/site\/wp-json\/wp\/v2\/media?parent=5971"}],"wp:term":[{"taxonomy":"category","embeddable":true,"href":"https:\/\/anprotec.org.br\/site\/wp-json\/wp\/v2\/categories?post=5971"},{"taxonomy":"post_tag","embeddable":true,"href":"https:\/\/anprotec.org.br\/site\/wp-json\/wp\/v2\/tags?post=5971"},{"taxonomy":"calendar","embeddable":true,"href":"https:\/\/anprotec.org.br\/site\/wp-json\/wp\/v2\/calendar?post=5971"}],"curies":[{"name":"wp","href":"https:\/\/api.w.org\/{rel}","templated":true}]}}