{"id":5963,"date":"2014-03-25T16:11:24","date_gmt":"2014-03-25T19:11:24","guid":{"rendered":"http:\/\/anprotec.org.br\/site\/?p=5963"},"modified":"2014-03-25T16:14:13","modified_gmt":"2014-03-25T19:14:13","slug":"itnc-seleciona-empresas-para-processo-de-incubacao","status":"publish","type":"post","link":"https:\/\/anprotec.org.br\/site\/2014\/03\/itnc-seleciona-empresas-para-processo-de-incubacao\/","title":{"rendered":"ITNC seleciona empresas para processo de incuba\u00e7\u00e3o"},"content":{"rendered":"<p style=\"text-align: justify\"><img decoding=\"async\" loading=\"lazy\" class=\"alignleft size-thumbnail wp-image-3390\" alt=\"selecao-empresa\" src=\"https:\/\/anprotec.org.br\/site\/wp-content\/uploads\/2013\/07\/selecao-empresa-270x160.jpg\" width=\"270\" height=\"160\" \/>A Incubadora Tecnol\u00f3gica Natal Central (ITNC) est\u00e1 com <a href=\"http:\/\/www2.ifrn.edu.br\/itnc\/inscricao\/edital2014.pdf\" target=\"_blank\">edital aberto<\/a> para selecionar mais sete empresas para incuba\u00e7\u00e3o, na modalidade residente. Podem participar do processo seletivo empreendimentos de micro e pequeno porte. As inscri\u00e7\u00f5es podem ser feitas at\u00e9 25 de abril, atrav\u00e9s do preenchimento do <a href=\"http:\/\/www2.ifrn.edu.br\/itnc\/novo\/inscricao\/\" target=\"_blank\">formul\u00e1rio on-line e o Plano Descritivo<\/a>.<\/p>\n<p style=\"text-align: justify\">Durante o processo de sele\u00e7\u00e3o, os empreendedores ir\u00e3o elaborar um Plano de Neg\u00f3cio em oficinas organizadas pelo SEBRAE e apresentar ao Comit\u00ea de Sele\u00e7\u00e3o da Incubadora.<\/p>\n<p style=\"text-align: justify\">Os empreendimentos selecionados dever\u00e3o seguir a metodologia de incuba\u00e7\u00e3o baseada no modelo CERNE, em quatro fases: implanta\u00e7\u00e3o, desenvolvimento, consolida\u00e7\u00e3o e gradua\u00e7\u00e3o.<\/p>\n<p style=\"text-align: justify\">Durante a fase de incuba\u00e7\u00e3o, os participantes ter\u00e3o acesso \u00e0 toda\u00a0a infraestrutura da incubadora e aos\u00a0servi\u00e7os de assessoria,\u00a0consulta, treinamento e participa\u00e7\u00e3o em eventos da \u00e1rea por at\u00e9 dois anos e meio, a fim de melhor qualific\u00e1-los para enfrentar o mercado.<\/p>\n<p style=\"text-align: justify\">A ITNC est\u00e1 na fase final de uma reforma de reestrutura\u00e7\u00e3o, com previs\u00e3o de reinaugura\u00e7\u00e3o de maio de 2014. As instala\u00e7\u00f5es est\u00e3o sendo modernizadas para abrigar, pelo menos, 14 empresas residentes. Com a reforma, a incubadora ter\u00e1 ambientes de uso compartilhado renovados, entre eles: sala de treinamento, sala de hotel de projetos (pr\u00e9-incuba\u00e7\u00e3o), tr\u00eas salas de reuni\u00e3o, secretaria, \u00e1rea de conviv\u00eancia e cantina, servi\u00e7os de assessoria e consultoria nas \u00e1reas de abrang\u00eancia do modelo CERNE.<\/p>\n<p style=\"text-align: justify\">* Com informa\u00e7\u00f5es da ITNC<\/p>\n","protected":false},"excerpt":{"rendered":"<p><!--:pt-->A Incubadora Tecnol\u00f3gica Natal Central (ITNC) est\u00e1 com edital aberto para sete empresas na modalidade residente. As inscri\u00e7\u00f5es devem ser feitas pela internet at\u00e9 o dia 25 de abril.<!--:--><\/p>\n","protected":false},"author":8,"featured_media":3390,"comment_status":"open","ping_status":"open","sticky":false,"template":"","format":"standard","meta":{"footnotes":"","_links_to":"","_links_to_target":""},"categories":[3],"tags":[],"calendar":[],"_links":{"self":[{"href":"https:\/\/anprotec.org.br\/site\/wp-json\/wp\/v2\/posts\/5963"}],"collection":[{"href":"https:\/\/anprotec.org.br\/site\/wp-json\/wp\/v2\/posts"}],"about":[{"href":"https:\/\/anprotec.org.br\/site\/wp-json\/wp\/v2\/types\/post"}],"author":[{"embeddable":true,"href":"https:\/\/anprotec.org.br\/site\/wp-json\/wp\/v2\/users\/8"}],"replies":[{"embeddable":true,"href":"https:\/\/anprotec.org.br\/site\/wp-json\/wp\/v2\/comments?post=5963"}],"version-history":[{"count":4,"href":"https:\/\/anprotec.org.br\/site\/wp-json\/wp\/v2\/posts\/5963\/revisions"}],"predecessor-version":[{"id":5970,"href":"https:\/\/anprotec.org.br\/site\/wp-json\/wp\/v2\/posts\/5963\/revisions\/5970"}],"wp:featuredmedia":[{"embeddable":true,"href":"https:\/\/anprotec.org.br\/site\/wp-json\/wp\/v2\/media\/3390"}],"wp:attachment":[{"href":"https:\/\/anprotec.org.br\/site\/wp-json\/wp\/v2\/media?parent=5963"}],"wp:term":[{"taxonomy":"category","embeddable":true,"href":"https:\/\/anprotec.org.br\/site\/wp-json\/wp\/v2\/categories?post=5963"},{"taxonomy":"post_tag","embeddable":true,"href":"https:\/\/anprotec.org.br\/site\/wp-json\/wp\/v2\/tags?post=5963"},{"taxonomy":"calendar","embeddable":true,"href":"https:\/\/anprotec.org.br\/site\/wp-json\/wp\/v2\/calendar?post=5963"}],"curies":[{"name":"wp","href":"https:\/\/api.w.org\/{rel}","templated":true}]}}