{"id":5957,"date":"2014-03-24T17:10:22","date_gmt":"2014-03-24T20:10:22","guid":{"rendered":"http:\/\/anprotec.org.br\/site\/?p=5957"},"modified":"2014-03-24T17:12:45","modified_gmt":"2014-03-24T20:12:45","slug":"representantes-do-brics-debatem-sistema-de-inovacao","status":"publish","type":"post","link":"https:\/\/anprotec.org.br\/site\/2014\/03\/representantes-do-brics-debatem-sistema-de-inovacao\/","title":{"rendered":"Pa\u00edses do Brics debatem sistema de inova\u00e7\u00e3o"},"content":{"rendered":"<p style=\"text-align: justify\"><img decoding=\"async\" loading=\"lazy\" class=\"alignleft size-thumbnail wp-image-5958\" alt=\"BRICS\" src=\"https:\/\/anprotec.org.br\/site\/wp-content\/uploads\/2014\/03\/BRICS-270x160.jpg\" width=\"270\" height=\"160\" \/>Nesta ter\u00e7a (25) e quarta-feira (26), representantes do Brics (Brasil, R\u00fassia, \u00cdndia, China e \u00c1frica do Sul) debatem a import\u00e2ncia dos sistemas de inova\u00e7\u00e3o no processo de desenvolvimento dos pa\u00edses, durante o &#8220;BRICS Seminar: Systems of Innovation and Development&#8221; (Semin\u00e1rio BRICs: Sistemas de Inova\u00e7\u00e3o e Desenvolvimento, em tradu\u00e7\u00e3o livre). Promovido pelo Centro de Gest\u00e3o e Estudos Estrat\u00e9gicos (CGEE), com organiza\u00e7\u00e3o social supervisionada pelo Minist\u00e9rio da Ci\u00eancia, Tecnologia e Inova\u00e7\u00e3o (MCTI), o evento \u00e9 aberto ao p\u00fablico e ocorre no audit\u00f3rio do Instituto de Biologia da Universidade de Bras\u00edlia (UnB).<\/p>\n<p style=\"text-align: justify\">Os pain\u00e9is do &#8220;BRICS Seminar&#8221; abordar\u00e3o as experi\u00eancias de cada na\u00e7\u00e3o em temas como pol\u00edticas industriais, desenvolvimento sustent\u00e1vel, compras p\u00fablicas, diversidade regional e a sua interface com os sistemas de inova\u00e7\u00e3o. O objetivo \u00e9 gerar subs\u00eddios para a Reuni\u00e3o de C\u00fapula dos Brics, a ser realizada em julho, em Fortaleza, com os chefes de Estado de cada pa\u00eds.<\/p>\n<p style=\"text-align: justify\">O semin\u00e1rio d\u00e1 continuidade ao debate que resultou na <a href=\"http:\/\/www.mcti.gov.br\/index.php\/content\/view\/352787.html\" target=\"_blank\">Declara\u00e7\u00e3o de Cape Town<\/a>. Na ocasi\u00e3o, os ministros de Ci\u00eancia, Tecnologia e Inova\u00e7\u00e3o (CT&amp;I) do bloco elencaram uma s\u00e9rie de \u00e1reas tem\u00e1ticas priorit\u00e1rias para a coopera\u00e7\u00e3o.<\/p>\n<p style=\"text-align: justify\">\u201cVamos tentar aprofundar e contribuir dentro desses temas que j\u00e1 foram apontados. Quando pensamos em sistemas de inova\u00e7\u00e3o, a experi\u00eancia dos Brics \u00e9 muito relevante porque s\u00e3o pa\u00edses em processo de desenvolvimento. Todos almejam a mesma trajet\u00f3ria\u201d, destaca o presidente do CGEE, Mariano Laplane.<\/p>\n<p style=\"text-align: justify\">A programa\u00e7\u00e3o, dispon\u00edvel no <a href=\"http:\/\/www.cgee.org.br\/eventos\/brics.php\" target=\"_blank\">site do CGEE<\/a>, prev\u00ea debates com o presidente do Banco Nacional de Desenvolvimento Econ\u00f4mico e Social (BNDES), Luciano Coutinho; o professor da Universidade Federal do Rio de Janeiro (UFRJ), Jos\u00e9 Cassiolato; e representante da Chinese Academy of Sciences, Liu Xielin. Ap\u00f3s o encontro, ser\u00e1 realizada uma reuni\u00e3o t\u00e9cnica para consolidar o debate ocorrido e propor uma agenda de coopera\u00e7\u00e3o em CT&amp;I.<\/p>\n","protected":false},"excerpt":{"rendered":"<p><!--:pt-->Representantes do Brasil, R\u00fassia, \u00cdndia, China e \u00c1frica do Sul debatem a import\u00e2ncia dos sistemas de inova\u00e7\u00e3o no processo de desenvolvimento dos pa\u00edses, em semin\u00e1rio em Bras\u00edlia. <!--:--><\/p>\n","protected":false},"author":8,"featured_media":5958,"comment_status":"open","ping_status":"open","sticky":false,"template":"","format":"standard","meta":{"footnotes":"","_links_to":"","_links_to_target":""},"categories":[3],"tags":[],"calendar":[],"_links":{"self":[{"href":"https:\/\/anprotec.org.br\/site\/wp-json\/wp\/v2\/posts\/5957"}],"collection":[{"href":"https:\/\/anprotec.org.br\/site\/wp-json\/wp\/v2\/posts"}],"about":[{"href":"https:\/\/anprotec.org.br\/site\/wp-json\/wp\/v2\/types\/post"}],"author":[{"embeddable":true,"href":"https:\/\/anprotec.org.br\/site\/wp-json\/wp\/v2\/users\/8"}],"replies":[{"embeddable":true,"href":"https:\/\/anprotec.org.br\/site\/wp-json\/wp\/v2\/comments?post=5957"}],"version-history":[{"count":4,"href":"https:\/\/anprotec.org.br\/site\/wp-json\/wp\/v2\/posts\/5957\/revisions"}],"predecessor-version":[{"id":5962,"href":"https:\/\/anprotec.org.br\/site\/wp-json\/wp\/v2\/posts\/5957\/revisions\/5962"}],"wp:featuredmedia":[{"embeddable":true,"href":"https:\/\/anprotec.org.br\/site\/wp-json\/wp\/v2\/media\/5958"}],"wp:attachment":[{"href":"https:\/\/anprotec.org.br\/site\/wp-json\/wp\/v2\/media?parent=5957"}],"wp:term":[{"taxonomy":"category","embeddable":true,"href":"https:\/\/anprotec.org.br\/site\/wp-json\/wp\/v2\/categories?post=5957"},{"taxonomy":"post_tag","embeddable":true,"href":"https:\/\/anprotec.org.br\/site\/wp-json\/wp\/v2\/tags?post=5957"},{"taxonomy":"calendar","embeddable":true,"href":"https:\/\/anprotec.org.br\/site\/wp-json\/wp\/v2\/calendar?post=5957"}],"curies":[{"name":"wp","href":"https:\/\/api.w.org\/{rel}","templated":true}]}}