{"id":59496,"date":"2025-10-22T15:06:54","date_gmt":"2025-10-22T18:06:54","guid":{"rendered":"https:\/\/anprotec.org.br\/site\/?p=59496"},"modified":"2025-10-22T16:08:49","modified_gmt":"2025-10-22T19:08:49","slug":"inova-tech-impacto-abre-inscricoes-para-apoiar-negocios-de-impacto-socioambiental","status":"publish","type":"post","link":"https:\/\/anprotec.org.br\/site\/2025\/10\/inova-tech-impacto-abre-inscricoes-para-apoiar-negocios-de-impacto-socioambiental\/","title":{"rendered":"Inova Tech Impacto abre inscri\u00e7\u00f5es para apoiar neg\u00f3cios de impacto socioambiental"},"content":{"rendered":"<div class=\"wp-block-image\"><img decoding=\"async\" loading=\"lazy\" class=\"wpa-warning wpa-image-missing-alt wp-image-59497 aligncenter\" src=\"https:\/\/anprotec.org.br\/site\/wp-content\/uploads\/2025\/10\/Captura-de-tela-2025-10-22-150615-258x300.png\" alt=\"\" width=\"586\" height=\"681\" data-warning=\"Missing alt text\" srcset=\"https:\/\/anprotec.org.br\/site\/wp-content\/uploads\/2025\/10\/Captura-de-tela-2025-10-22-150615-258x300.png 258w, https:\/\/anprotec.org.br\/site\/wp-content\/uploads\/2025\/10\/Captura-de-tela-2025-10-22-150615-125x146.png 125w, https:\/\/anprotec.org.br\/site\/wp-content\/uploads\/2025\/10\/Captura-de-tela-2025-10-22-150615-43x50.png 43w, https:\/\/anprotec.org.br\/site\/wp-content\/uploads\/2025\/10\/Captura-de-tela-2025-10-22-150615-64x75.png 64w, https:\/\/anprotec.org.br\/site\/wp-content\/uploads\/2025\/10\/Captura-de-tela-2025-10-22-150615.png 659w\" sizes=\"(max-width: 586px) 100vw, 586px\" \/><\/div>\n<p><span style=\"font-weight: 400;\">\u00a0<\/span><\/p>\n<p><span style=\"font-weight: 400;\">A primeira edi\u00e7\u00e3o do Inova Tech Impacto est\u00e1 com inscri\u00e7\u00f5es abertas at\u00e9 o dia 3 de novembro para apoiar neg\u00f3cios de impacto socioambiental nos setores de meio ambiente e sa\u00fade. O programa \u00e9 uma iniciativa da Ag\u00eancia de Inova\u00e7\u00e3o Inova Unicamp em parceria com a Coaliz\u00e3o pelo Impacto.<\/span><\/p>\n<p><span style=\"font-weight: 400;\">Ser\u00e3o selecionados at\u00e9 oito projetos com solu\u00e7\u00f5es tecnol\u00f3gicas para participarem de uma jornada de nove meses de capacita\u00e7\u00f5es e acesso a recursos financeiros.<\/span><\/p>\n<p><span style=\"font-weight: 400;\">Quem pode participar:<\/span><\/p>\n<p><span style=\"font-weight: 400;\">Podem se inscrever universit\u00e1rios, pesquisadores e empreendedores de todo o estado de S\u00e3o Paulo interessados em desenvolver um prot\u00f3tipo de solu\u00e7\u00e3o socioambiental.<\/span><\/p>\n<p><span style=\"font-weight: 400;\">As propostas podem ter dois pontos de partida:<\/span><\/p>\n<p><span style=\"font-weight: 400;\">Projetos que j\u00e1 contam com uma tecnologia desenvolvida<\/span><\/p>\n<p><span style=\"font-weight: 400;\">Ideias que j\u00e1 t\u00eam uma aplica\u00e7\u00e3o identificada, mas ainda n\u00e3o contam com a tecnologia necess\u00e1ria<\/span><\/p>\n<p><span style=\"font-weight: 400;\">Nesse segundo caso, os participantes poder\u00e3o desenvolver seu modelo de neg\u00f3cio a partir de uma tecnologia dispon\u00edvel no portf\u00f3lio da Unicamp, oferecida pelo programa.<\/span><\/p>\n<p><span style=\"font-weight: 400;\">Para mais informa\u00e7\u00f5es e inscri\u00e7\u00f5es, acesse a <\/span><a href=\"https:\/\/www.inova.unicamp.br\/inovatechimpacto\/\"><span style=\"font-weight: 400;\">p\u00e1gina<\/span><\/a><span style=\"font-weight: 400;\"> do programa. <\/span><\/p>\n","protected":false},"excerpt":{"rendered":"<p>\u00a0 A primeira edi\u00e7\u00e3o do Inova Tech Impacto est\u00e1 com<span class=\"excerpt-hellip\"> [\u2026]<\/span><\/p>\n","protected":false},"author":8,"featured_media":59503,"comment_status":"closed","ping_status":"closed","sticky":false,"template":"","format":"standard","meta":{"footnotes":"","_links_to":"","_links_to_target":""},"categories":[3,383,414],"tags":[],"calendar":[],"_links":{"self":[{"href":"https:\/\/anprotec.org.br\/site\/wp-json\/wp\/v2\/posts\/59496"}],"collection":[{"href":"https:\/\/anprotec.org.br\/site\/wp-json\/wp\/v2\/posts"}],"about":[{"href":"https:\/\/anprotec.org.br\/site\/wp-json\/wp\/v2\/types\/post"}],"author":[{"embeddable":true,"href":"https:\/\/anprotec.org.br\/site\/wp-json\/wp\/v2\/users\/8"}],"replies":[{"embeddable":true,"href":"https:\/\/anprotec.org.br\/site\/wp-json\/wp\/v2\/comments?post=59496"}],"version-history":[{"count":1,"href":"https:\/\/anprotec.org.br\/site\/wp-json\/wp\/v2\/posts\/59496\/revisions"}],"predecessor-version":[{"id":59498,"href":"https:\/\/anprotec.org.br\/site\/wp-json\/wp\/v2\/posts\/59496\/revisions\/59498"}],"wp:featuredmedia":[{"embeddable":true,"href":"https:\/\/anprotec.org.br\/site\/wp-json\/wp\/v2\/media\/59503"}],"wp:attachment":[{"href":"https:\/\/anprotec.org.br\/site\/wp-json\/wp\/v2\/media?parent=59496"}],"wp:term":[{"taxonomy":"category","embeddable":true,"href":"https:\/\/anprotec.org.br\/site\/wp-json\/wp\/v2\/categories?post=59496"},{"taxonomy":"post_tag","embeddable":true,"href":"https:\/\/anprotec.org.br\/site\/wp-json\/wp\/v2\/tags?post=59496"},{"taxonomy":"calendar","embeddable":true,"href":"https:\/\/anprotec.org.br\/site\/wp-json\/wp\/v2\/calendar?post=59496"}],"curies":[{"name":"wp","href":"https:\/\/api.w.org\/{rel}","templated":true}]}}