{"id":59491,"date":"2025-10-22T14:54:36","date_gmt":"2025-10-22T17:54:36","guid":{"rendered":"https:\/\/anprotec.org.br\/site\/?p=59491"},"modified":"2025-10-22T16:09:19","modified_gmt":"2025-10-22T19:09:19","slug":"finep-promove-seminario-sobre-oportunidades-de-negocio-com-o-cern-para-empresas-brasileiras","status":"publish","type":"post","link":"https:\/\/anprotec.org.br\/site\/2025\/10\/finep-promove-seminario-sobre-oportunidades-de-negocio-com-o-cern-para-empresas-brasileiras\/","title":{"rendered":"Finep promove semin\u00e1rio sobre oportunidades de neg\u00f3cio com o CERN para empresas brasileiras"},"content":{"rendered":"<div class=\"wp-block-image\"><img decoding=\"async\" loading=\"lazy\" class=\"wpa-warning wpa-image-missing-alt wp-image-59493 aligncenter\" src=\"https:\/\/anprotec.org.br\/site\/wp-content\/uploads\/2025\/10\/Captura-de-tela-2025-10-22-145200-1-273x300.png\" alt=\"\" width=\"600\" height=\"659\" data-warning=\"Missing alt text\" srcset=\"https:\/\/anprotec.org.br\/site\/wp-content\/uploads\/2025\/10\/Captura-de-tela-2025-10-22-145200-1-273x300.png 273w, https:\/\/anprotec.org.br\/site\/wp-content\/uploads\/2025\/10\/Captura-de-tela-2025-10-22-145200-1-133x146.png 133w, https:\/\/anprotec.org.br\/site\/wp-content\/uploads\/2025\/10\/Captura-de-tela-2025-10-22-145200-1-46x50.png 46w, https:\/\/anprotec.org.br\/site\/wp-content\/uploads\/2025\/10\/Captura-de-tela-2025-10-22-145200-1-68x75.png 68w, https:\/\/anprotec.org.br\/site\/wp-content\/uploads\/2025\/10\/Captura-de-tela-2025-10-22-145200-1.png 659w\" sizes=\"(max-width: 600px) 100vw, 600px\" \/><\/div>\n<p><span style=\"font-weight: 400;\">\u00a0 <\/span><\/p>\n<p><span style=\"font-weight: 400;\">Evento gratuito acontece no dia 6 de novembro, no Rio de Janeiro, e aborda participa\u00e7\u00e3o da ind\u00fastria nacional em licita\u00e7\u00f5es internacionais de alta tecnologia<\/span><\/p>\n<p><span style=\"font-weight: 400;\">A Financiadora de Estudos e Projetos (Finep) realiza, no dia 6 de novembro, em sua sede no Rio de Janeiro, o Semin\u00e1rio &#8220;Aquisi\u00e7\u00f5es de Alta Tecnologia do CERN: Oportunidades de Neg\u00f3cio para Empresas Brasileiras&#8221;. O evento \u00e9 voltado \u00e0 inser\u00e7\u00e3o da ind\u00fastria nacional nas licita\u00e7\u00f5es internacionais do CERN (European Organization for Nuclear Research) e tem inscri\u00e7\u00f5es gratuitas, que podem ser feitas pelo <\/span><a href=\"https:\/\/www.eventbrite.com.br\/e\/aquisicoes-de-alta-tecnologia-do-cern-oportunidades-de-negocio-tickets-1809505251919?aff=ebdsshcopyurl&amp;utm-source=cp&amp;utm-term=listing&amp;utm-campaign=social&amp;utm-medium=discovery&amp;utm-content=attendeeshare\"><span style=\"font-weight: 400;\">link<\/span><\/a><span style=\"font-weight: 400;\">.<\/span><\/p>\n<p><span style=\"font-weight: 400;\">O encontro marca um passo importante na consolida\u00e7\u00e3o da participa\u00e7\u00e3o do Brasil como Membro Associado do CERN, posi\u00e7\u00e3o conquistada em 2024. O novo status permite que empresas brasileiras concorram em contratos de alta complexidade tecnol\u00f3gica em \u00e1reas estrat\u00e9gicas como criogenia, sistemas de v\u00e1cuo, detectores, eletr\u00f4nica, \u00edm\u00e3s e software.<\/span><\/p>\n<p><span style=\"font-weight: 400;\">Mercado bilion\u00e1rio<\/span><\/p>\n<p><span style=\"font-weight: 400;\">As compras anuais do CERN somam cerca de US$ 625 milh\u00f5es em bens e servi\u00e7os, representando um mercado significativo para empresas que atuam em setores de alta tecnologia. A entrada do Brasil na organiza\u00e7\u00e3o europeia abre portas in\u00e9ditas para o fortalecimento da ind\u00fastria nacional de tecnologia avan\u00e7ada e para a aproxima\u00e7\u00e3o entre empresas e institui\u00e7\u00f5es cient\u00edficas.<\/span><\/p>\n<p><span style=\"font-weight: 400;\">A iniciativa se insere em uma estrat\u00e9gia mais ampla de posicionar o Brasil como protagonista no campo da &#8220;Big Science&#8221;, reduzindo a depend\u00eancia tecnol\u00f3gica externa e ampliando a soberania cient\u00edfica do pa\u00eds.<\/span><\/p>\n<p><b>Servi\u00e7o<\/b><\/p>\n<p><span style=\"font-weight: 400;\">Semin\u00e1rio: Aquisi\u00e7\u00f5es de Alta Tecnologia do CERN: Oportunidades de Neg\u00f3cio para Empresas Brasileiras<\/span><\/p>\n<p><span style=\"font-weight: 400;\">Data: 6 de novembro<\/span><\/p>\n<p><span style=\"font-weight: 400;\">Local: Sede da Finep &#8211; Rio de Janeiro<\/span><\/p>\n<p><span style=\"font-weight: 400;\">Inscri\u00e7\u00f5es: <\/span><a href=\"https:\/\/www.eventbrite.com.br\/e\/aquisicoes-de-alta-tecnologia-do-cern-oportunidades-de-negocio-tickets-1809505251919?aff=ebdsshcopyurl&amp;utm-source=cp&amp;utm-term=listing&amp;utm-campaign=social&amp;utm-medium=discovery&amp;utm-content=attendeeshare\"><span style=\"font-weight: 400;\">Gratuitas pelo link<\/span><\/a><span style=\"font-weight: 400;\">\u00a0<\/span><\/p>\n<p><span style=\"font-weight: 400;\">Mais informa\u00e7\u00f5es: <\/span><a href=\"http:\/\/www.finep.gov.br\/noticias\/todas-noticias\/7051-brasil-amplia-a-presenca-no-cern-e-abre-oportunidades-para-empresas-de-alta-tecnologia\"><span style=\"font-weight: 400;\">http:\/\/www.finep.gov.br\/noticias\/todas-noticias\/7051-brasil-amplia-a-presenca-no-cern-e-abre-oportunidades-para-empresas-de-alta-tecnologia<\/span><\/a><\/p>\n","protected":false},"excerpt":{"rendered":"<p>\u00a0 Evento gratuito acontece no dia 6 de novembro, no<span class=\"excerpt-hellip\"> [\u2026]<\/span><\/p>\n","protected":false},"author":8,"featured_media":59504,"comment_status":"closed","ping_status":"closed","sticky":false,"template":"","format":"standard","meta":{"footnotes":"","_links_to":"","_links_to_target":""},"categories":[3,383,414],"tags":[],"calendar":[],"_links":{"self":[{"href":"https:\/\/anprotec.org.br\/site\/wp-json\/wp\/v2\/posts\/59491"}],"collection":[{"href":"https:\/\/anprotec.org.br\/site\/wp-json\/wp\/v2\/posts"}],"about":[{"href":"https:\/\/anprotec.org.br\/site\/wp-json\/wp\/v2\/types\/post"}],"author":[{"embeddable":true,"href":"https:\/\/anprotec.org.br\/site\/wp-json\/wp\/v2\/users\/8"}],"replies":[{"embeddable":true,"href":"https:\/\/anprotec.org.br\/site\/wp-json\/wp\/v2\/comments?post=59491"}],"version-history":[{"count":1,"href":"https:\/\/anprotec.org.br\/site\/wp-json\/wp\/v2\/posts\/59491\/revisions"}],"predecessor-version":[{"id":59494,"href":"https:\/\/anprotec.org.br\/site\/wp-json\/wp\/v2\/posts\/59491\/revisions\/59494"}],"wp:featuredmedia":[{"embeddable":true,"href":"https:\/\/anprotec.org.br\/site\/wp-json\/wp\/v2\/media\/59504"}],"wp:attachment":[{"href":"https:\/\/anprotec.org.br\/site\/wp-json\/wp\/v2\/media?parent=59491"}],"wp:term":[{"taxonomy":"category","embeddable":true,"href":"https:\/\/anprotec.org.br\/site\/wp-json\/wp\/v2\/categories?post=59491"},{"taxonomy":"post_tag","embeddable":true,"href":"https:\/\/anprotec.org.br\/site\/wp-json\/wp\/v2\/tags?post=59491"},{"taxonomy":"calendar","embeddable":true,"href":"https:\/\/anprotec.org.br\/site\/wp-json\/wp\/v2\/calendar?post=59491"}],"curies":[{"name":"wp","href":"https:\/\/api.w.org\/{rel}","templated":true}]}}