{"id":5941,"date":"2014-03-24T11:30:52","date_gmt":"2014-03-24T14:30:52","guid":{"rendered":"http:\/\/anprotec.org.br\/site\/?p=5941"},"modified":"2014-03-24T15:58:49","modified_gmt":"2014-03-24T18:58:49","slug":"finep-e-apex-em-acordo-para-estimular-o-mercado-nacional","status":"publish","type":"post","link":"https:\/\/anprotec.org.br\/site\/2014\/03\/finep-e-apex-em-acordo-para-estimular-o-mercado-nacional\/","title":{"rendered":"Acordo visa estimular a produtividade brasileira"},"content":{"rendered":"<p style=\"text-align: justify\"><img decoding=\"async\" loading=\"lazy\" class=\"alignleft size-thumbnail wp-image-5942\" alt=\"Apexreunial1 (2) foto jo\u00e3o luiz ribeiro\" src=\"https:\/\/anprotec.org.br\/site\/wp-content\/uploads\/2014\/03\/Apexreunial1-2-foto-jo\u00e3o-luiz-ribeiro-270x160.jpg\" width=\"270\" height=\"160\" \/>A Finep e a Apex-Brasil (Ag\u00eancia Brasileira de Promo\u00e7\u00e3o de Exporta\u00e7\u00f5es e Investimentos) assinaram na \u00faltima semana uma minuta de acordo que visa aumentar a produtividade da ind\u00fastria nacional por meio do incentivo \u00e0 Inova\u00e7\u00e3o. O termo foi firmado na sede da Finep, no Rio de Janeiro, pelo presidente da financiadora, Glauco Arbix, e pelo presidente da Apex-Brasil, Maur\u00edcio Borges.<\/p>\n<p style=\"text-align: justify\">A parceria, na qual a Finep vai desenvolver a parte financeira e de inova\u00e7\u00e3o e a Apex a comercial, busca expandir as perspectivas em \u00e1reas-chave definidas pelo governo, como sa\u00fade, energia e petr\u00f3leo e g\u00e1s. \u201cH\u00e1 muito tempo as empresas brasileiras ficaram restritas a competir em territ\u00f3rio nacional. O objetivo \u00e9 fazer com que elas evoluam para exportar com alto conte\u00fado tecnol\u00f3gico\u201d, explica Glauco Arbix, ressaltando que a Finep deve aumentar em quase 60% a contrata\u00e7\u00e3o de cr\u00e9dito voltado \u00e0 inova\u00e7\u00e3o este ano. A proje\u00e7\u00e3o da financiadora \u00e9 contratar R$ 10 bilh\u00f5es em 2014, em compara\u00e7\u00e3o a R$ 6,4 bilh\u00f5es em 2013.<\/p>\n<p style=\"text-align: justify\">Segundo Borges, o acordo vai fortalecer o pa\u00eds no cen\u00e1rio mundial \u201cSem inova\u00e7\u00e3o, as empresas brasileiras n\u00e3o s\u00e3o competitivas no mercado internacional. Cerca de 90% das empresas que apoiamos t\u00eam necessidade ou j\u00e1 est\u00e3o desenvolvendo inova\u00e7\u00f5es e tecnologias. Ent\u00e3o existe demanda para essa uni\u00e3o&#8221;, pontua Borges.<\/p>\n<p style=\"text-align: justify\"><strong>A parceria<\/strong><\/p>\n<p style=\"text-align: justify\">Apex-Brasil e Finep come\u00e7aram uma aproxima\u00e7\u00e3o em outubro do \u00faltimo ano. Com os programas e linhas de financiamento oferecidos por ambas, foi poss\u00edvel identificar uma poss\u00edvel linha de atua\u00e7\u00e3o conjunta para impulsionar a competitividade das empresas brasileiras no mercado internacional por meio do incentivo \u00e0 inova\u00e7\u00e3o.<\/p>\n<p style=\"text-align: justify\">Na primeira quinzena de mar\u00e7o, foram capacitados t\u00e9cnicos dos N\u00facleos Operacionais do PEIEX do Rio Grande do Sul, da Bahia e de Minas Gerais, nas diversas linhas de financiamento da Finep e nos seus programas e produtos. O PEIEX \u00e9 o Projeto de Extens\u00e3o Industrial Exportadora da Apex-Brasil, voltado para a melhoria da competitividade das empresas exportadoras. A ideia \u00e9 que os t\u00e9cnicos possam multiplicar esse conhecimento em sua regi\u00e3o e tamb\u00e9m para as empresas com perfil e projetos nas linhas de fomento da financiadora.<\/p>\n<p style=\"text-align: justify\">A Finep, por sua vez, ir\u00e1 interagir em projetos da Apex-Brasil na \u00e1rea de sustentabilidade e inova\u00e7\u00e3o, miss\u00f5es, e tamb\u00e9m das a\u00e7\u00f5es da \u00e1rea de investimentos. Os setores que dever\u00e3o atrair mais interesse para a realiza\u00e7\u00e3o de a\u00e7\u00f5es em conjunto s\u00e3o petr\u00f3leo e g\u00e1s, pl\u00e1stico, bens de capital, aeroespacial e defesa, etanol, equipamentos m\u00e9dico, hospitalar e odontol\u00f3gico, biotecnologia, TICs e agroneg\u00f3cios.<\/p>\n<p style=\"text-align: justify\">Fonte: Finep<\/p>\n<p style=\"text-align: justify\">Foto: Jo\u00e3o Luiz Ribeiro\/Finep<\/p>\n","protected":false},"excerpt":{"rendered":"<p><!--:pt-->Finep e Apex-Brasil firmam parceria para aumentar a competitividade de empresas atrav\u00e9s do est\u00edmulo \u00e0 tecnologia e inova\u00e7\u00e3o. A parceria busca investir em \u00e1reas como sa\u00fade e energia.<!--:--><\/p>\n","protected":false},"author":8,"featured_media":5942,"comment_status":"open","ping_status":"open","sticky":false,"template":"","format":"standard","meta":{"footnotes":"","_links_to":"","_links_to_target":""},"categories":[3],"tags":[],"calendar":[],"_links":{"self":[{"href":"https:\/\/anprotec.org.br\/site\/wp-json\/wp\/v2\/posts\/5941"}],"collection":[{"href":"https:\/\/anprotec.org.br\/site\/wp-json\/wp\/v2\/posts"}],"about":[{"href":"https:\/\/anprotec.org.br\/site\/wp-json\/wp\/v2\/types\/post"}],"author":[{"embeddable":true,"href":"https:\/\/anprotec.org.br\/site\/wp-json\/wp\/v2\/users\/8"}],"replies":[{"embeddable":true,"href":"https:\/\/anprotec.org.br\/site\/wp-json\/wp\/v2\/comments?post=5941"}],"version-history":[{"count":8,"href":"https:\/\/anprotec.org.br\/site\/wp-json\/wp\/v2\/posts\/5941\/revisions"}],"predecessor-version":[{"id":5956,"href":"https:\/\/anprotec.org.br\/site\/wp-json\/wp\/v2\/posts\/5941\/revisions\/5956"}],"wp:featuredmedia":[{"embeddable":true,"href":"https:\/\/anprotec.org.br\/site\/wp-json\/wp\/v2\/media\/5942"}],"wp:attachment":[{"href":"https:\/\/anprotec.org.br\/site\/wp-json\/wp\/v2\/media?parent=5941"}],"wp:term":[{"taxonomy":"category","embeddable":true,"href":"https:\/\/anprotec.org.br\/site\/wp-json\/wp\/v2\/categories?post=5941"},{"taxonomy":"post_tag","embeddable":true,"href":"https:\/\/anprotec.org.br\/site\/wp-json\/wp\/v2\/tags?post=5941"},{"taxonomy":"calendar","embeddable":true,"href":"https:\/\/anprotec.org.br\/site\/wp-json\/wp\/v2\/calendar?post=5941"}],"curies":[{"name":"wp","href":"https:\/\/api.w.org\/{rel}","templated":true}]}}