{"id":59042,"date":"2025-10-15T13:50:47","date_gmt":"2025-10-15T16:50:47","guid":{"rendered":"https:\/\/anprotec.org.br\/site\/?p=59042"},"modified":"2025-10-22T13:32:55","modified_gmt":"2025-10-22T16:32:55","slug":"painel-da-35a-conferencia-anprotec-debate-aceleracao-de-inovacoes-por-meio-da-colaboracao-aberta-entre-setores-publico-e-privado","status":"publish","type":"post","link":"https:\/\/anprotec.org.br\/site\/2025\/10\/painel-da-35a-conferencia-anprotec-debate-aceleracao-de-inovacoes-por-meio-da-colaboracao-aberta-entre-setores-publico-e-privado\/","title":{"rendered":"Painel da 35\u00aa Confer\u00eancia Anprotec debate acelera\u00e7\u00e3o de inova\u00e7\u00f5es por meio da colabora\u00e7\u00e3o aberta entre setores p\u00fablico e privado"},"content":{"rendered":"\r\n<div class=\"wp-block-image\"><img decoding=\"async\" loading=\"lazy\" class=\"wpa-warning wpa-image-missing-alt aligncenter wp-image-59043 size-full\" src=\"https:\/\/anprotec.org.br\/site\/wp-content\/uploads\/2025\/10\/15.10-Painel-5-e1760633347799.jpg\" alt=\"\" width=\"700\" height=\"467\" data-warning=\"Missing alt text\" \/><\/div>\r\n<p>Foz do Igua\u00e7u (PR), 15 de outubro de 2025 \u2013 Um programa coordenado entre 2015 e 2020 pela Anprotec e Samsung serviu como ponto de partida para o painel tem\u00e1tico &#8220;Acelerando Inova\u00e7\u00f5es: A Din\u00e2mica da Colabora\u00e7\u00e3o Aberta&#8221;. A iniciativa, que investiu 5 milh\u00f5es de d\u00f3lares para acelerar 50 empresas, revelou limita\u00e7\u00e3o fundamental: mesmo corpora\u00e7\u00f5es globais enfrentam restri\u00e7\u00f5es internas para gerar inova\u00e7\u00f5es competitivas. Essa constata\u00e7\u00e3o orientou o debate realizado nesta quarta-feira (15), moderado por Lu\u00eds Gustavo, gerente de projetos e opera\u00e7\u00f5es da Anprotec, que reuniu cinco especialistas para discutir como a colabora\u00e7\u00e3o aberta supera esses gargalos em diversos setores.<\/p>\r\n\r\n\r\n\r\n<p>A Plataforma de Intelig\u00eancia Cooperativa de Aten\u00e7\u00e3o Prim\u00e1ria \u00e0 Sa\u00fade (PICAPS) desenvolvida pela Fiocruz Bras\u00edlia exemplificou o potencial da colabora\u00e7\u00e3o na sa\u00fade p\u00fablica. Izabela Gimenes Lopes, coordenadora da C\u00e9lula de Inova\u00e7\u00e3o Aberta do P\u00f3len na ENSP\/Fiocruz, apresentou projeto realizado em parceria com a Secretaria de Sa\u00fade do Distrito Federal que atraiu 235 inscritos de institui\u00e7\u00f5es como Minist\u00e9rio da Sa\u00fade, UnB e startups. O resultado foram 25 solu\u00e7\u00f5es incubadas em tr\u00eas edi\u00e7\u00f5es de hackathon, com investimento aproximado de R$ 1 milh\u00e3o formalizando oito equipes e produzindo 24 artefatos jur\u00eddicos baseados no Marco Legal de Ci\u00eancia, Tecnologia e Inova\u00e7\u00e3o.<\/p>\r\n\r\n\r\n\r\n<p>Gimenes Lopes destacou iniciativas complementares como o Hack Girls, maratona de desenvolvimento tecnol\u00f3gico para meninas das favelas do Rio de Janeiro. O programa oferece bolsa de R$ 400 para participantes e mentorias com pesquisadores, demonstrando como colabora\u00e7\u00e3o aberta integra aspectos educacionais e de inclus\u00e3o social. A iniciativa conquistou primeiro lugar no pr\u00eamio Conex\u00e3o \u00e0 Inova\u00e7\u00e3o P\u00fablica, validando sua abordagem de retorno social atrav\u00e9s da inova\u00e7\u00e3o.<\/p>\r\n\r\n\r\n\r\n<p>O setor p\u00fablico brasileiro disp\u00f5e de instrumentos legais para inova\u00e7\u00e3o colaborativa, conforme apontou Oct\u00e1vio Magalh\u00e3es, s\u00f3cio consultor da OAM Consulting. O CPSI (Contrata\u00e7\u00e3o de Solu\u00e7\u00f5es Inovadoras) autoriza \u00f3rg\u00e3os p\u00fablicos a testar solu\u00e7\u00f5es com at\u00e9 R$ 1,6 milh\u00e3o em 12 meses, evoluindo para fornecimento estendido quando validadas. Exemplos como a Caderneta Digital do Recife, que atendeu mais de 108 mil crian\u00e7as via cocria\u00e7\u00e3o, e o rob\u00f4 ALICE da Controladoria Geral da Uni\u00e3o, que identificou R$ 11,7 bilh\u00f5es em licita\u00e7\u00f5es suspeitas, demonstram potencial dessa abordagem. O Escrit\u00f3rio de Inova\u00e7\u00e3o Aberta do TCU economizou R$ 1,81 bilh\u00e3o ao conectar governo, startups e universidades.<\/p>\r\n\r\n\r\n\r\n<p>A dimens\u00e3o humana da colabora\u00e7\u00e3o emergiu como elemento transformador no debate. Rodrigo Carancho, diretor da Escola Aberta do Cuidado, reposicionou a discuss\u00e3o al\u00e9m de m\u00e9tricas econ\u00f4micas atrav\u00e9s de narrativas sobre rela\u00e7\u00e3o intergeracional e cuidado como sistema colaborativo ancestral. Carancho referenciou o povo Guarani e o conceito de Nhandereko, modo de ser e viver guarani transmitido oralmente entre gera\u00e7\u00f5es, ilustrando como din\u00e2micas colaborativas estruturam-se em saberes tradicionais.<\/p>\r\n\r\n\r\n\r\n<p>Carancho narrou a hist\u00f3ria de Cartola oferecendo passagem de \u00f4nibus ao jovem Paulinho nos anos 1960 para exemplificar colabora\u00e7\u00e3o como cria\u00e7\u00e3o de condi\u00e7\u00f5es. Quando o compositor pavimentava caminho para uma trajet\u00f3ria art\u00edstica, colaborava sem saber que transformaria a hist\u00f3ria cultural brasileira. Para Carancho, esse tipo de gesto ordin\u00e1rio e pequeno abre caminho para algu\u00e9m, construindo condi\u00e7\u00f5es para que vidas existam e se mantenham melhoradas.<\/p>\r\n\r\n\r\n\r\n<p>O setor espacial funcionou como catalisador de inova\u00e7\u00e3o em m\u00faltiplos segmentos, conforme apresentou Erik Busnello Imbuzeiro, assistente na Ag\u00eancia Espacial Brasileira. O paradigma New Space mistura atores estatais e comerciais com emerg\u00eancia de startups espaciais, contrastando com o modelo Old Space liderado tradicionalmente por governos. A Ag\u00eancia Espacial Brasileira trabalha com incuba\u00e7\u00e3o de empresas voltadas para aplica\u00e7\u00f5es espaciais utilizando dados satelitais, complementada por cat\u00e1logo que re\u00fane empresas envolvidas no setor.<\/p>\r\n\r\n\r\n\r\n<p>A encomenda tecnol\u00f3gica emergiu como mecanismo capaz de permitir ao Brasil replicar modelo utilizado pela NASA desde 1960. Segundo Imbuzeiro, o contrato para desenvolvimento de sistema de navega\u00e7\u00e3o inercial envolveu R$ 15,76 milh\u00f5es, contra estimativa de R$ 15,02 milh\u00f5es, demonstrando efici\u00eancia or\u00e7ament\u00e1ria mesmo em projetos de alta complexidade. Essa ferramenta se apresenta como adequada para lidar com incertezas inerentes \u00e0 tecnologia estrat\u00e9gica, permitindo estrutura\u00e7\u00e3o de fases, fixa\u00e7\u00e3o de remunera\u00e7\u00e3o e distribui\u00e7\u00e3o de riscos.<\/p>\r\n\r\n\r\n\r\n<p>A an\u00e1lise do Estado brasileiro como agente de inova\u00e7\u00e3o revelou ambival\u00eancia estrutural. Rafael de Oliveira Rezende, gestor de inova\u00e7\u00e3o governamental no Minist\u00e9rio da Gest\u00e3o e Inova\u00e7\u00e3o em Servi\u00e7os P\u00fablicos, apontou exemplos como SUS, urna eletr\u00f4nica, Bolsa Fam\u00edlia e PIX que demonstram capacidade inovadora consolidada. Contudo, Rezende identificou gargalos sist\u00eamicos: cultura de inova\u00e7\u00e3o fraca, assimetria federativa entre esferas de governo, burocracia disfuncional, descontinuidade de pol\u00edticas, avers\u00e3o ao risco por gestores p\u00fablicos e isolamento burocr\u00e1tico que dificulta comunica\u00e7\u00e3o com ecossistema externo.<\/p>\r\n\r\n\r\n\r\n<p>A proposta GINGA surge como movimento para uma pol\u00edtica de inova\u00e7\u00e3o governamental estruturada. Rezende apresentou o acr\u00f4nimo representando governan\u00e7a, incentivos, normas, gest\u00e3o de capacidades inovativas e ambi\u00eancia como resposta \u00e0 fragmenta\u00e7\u00e3o institucional. Lan\u00e7ado recentemente na Escola Nacional de Administra\u00e7\u00e3o P\u00fablica, o programa j\u00e1 reuniu mais de 700 especialistas em oficina inicial e pretende percorrer o Brasil para articular o ecossistema de inova\u00e7\u00e3o em governo. Iniciativas complementares como a plataforma Desafios da ENAP e a caravana de inova\u00e7\u00e3o da Advocacia-Geral da Uni\u00e3o ampliam o alcance institucional da colabora\u00e7\u00e3o aberta para prefeituras e munic\u00edpios.<\/p>\r\n\r\n\r\n\r\n<p><strong>Sobre a 35\u00aa Confer\u00eancia Anprotec<\/strong><\/p>\r\n\r\n\r\n\r\n<p>A 35\u00aa Confer\u00eancia Anprotec acontece de 13 a 16 de outubro de 2025, em Foz do Igua\u00e7u (PR), com o tema &#8220;Ecossistemas colaborativos e integrados \u00e0 inova\u00e7\u00e3o global&#8221;. O evento \u00e9 promovido pela Associa\u00e7\u00e3o Nacional de Entidades Promotoras de Empreendimentos Inovadores (Anprotec), em parceria com o Servi\u00e7o Brasileiro de Apoio \u00e0s Micro e Pequenas Empresas (Sebrae). A realiza\u00e7\u00e3o local \u00e9 do Sistema Estadual de Ambientes Promotores de Inova\u00e7\u00e3o do Paran\u00e1 (Separtec), da Funda\u00e7\u00e3o Arauc\u00e1ria, da Universidade Estadual do Oeste do Paran\u00e1 (Unioeste) e do Governo do Estado do Paran\u00e1.<\/p>\r\n","protected":false},"excerpt":{"rendered":"<p>Foz do Igua\u00e7u (PR), 15 de outubro de 2025 \u2013<span class=\"excerpt-hellip\"> [\u2026]<\/span><\/p>\n","protected":false},"author":8,"featured_media":59045,"comment_status":"closed","ping_status":"closed","sticky":false,"template":"","format":"standard","meta":{"footnotes":"","_links_to":"","_links_to_target":""},"categories":[411,395,3],"tags":[],"calendar":[],"_links":{"self":[{"href":"https:\/\/anprotec.org.br\/site\/wp-json\/wp\/v2\/posts\/59042"}],"collection":[{"href":"https:\/\/anprotec.org.br\/site\/wp-json\/wp\/v2\/posts"}],"about":[{"href":"https:\/\/anprotec.org.br\/site\/wp-json\/wp\/v2\/types\/post"}],"author":[{"embeddable":true,"href":"https:\/\/anprotec.org.br\/site\/wp-json\/wp\/v2\/users\/8"}],"replies":[{"embeddable":true,"href":"https:\/\/anprotec.org.br\/site\/wp-json\/wp\/v2\/comments?post=59042"}],"version-history":[{"count":2,"href":"https:\/\/anprotec.org.br\/site\/wp-json\/wp\/v2\/posts\/59042\/revisions"}],"predecessor-version":[{"id":59475,"href":"https:\/\/anprotec.org.br\/site\/wp-json\/wp\/v2\/posts\/59042\/revisions\/59475"}],"wp:featuredmedia":[{"embeddable":true,"href":"https:\/\/anprotec.org.br\/site\/wp-json\/wp\/v2\/media\/59045"}],"wp:attachment":[{"href":"https:\/\/anprotec.org.br\/site\/wp-json\/wp\/v2\/media?parent=59042"}],"wp:term":[{"taxonomy":"category","embeddable":true,"href":"https:\/\/anprotec.org.br\/site\/wp-json\/wp\/v2\/categories?post=59042"},{"taxonomy":"post_tag","embeddable":true,"href":"https:\/\/anprotec.org.br\/site\/wp-json\/wp\/v2\/tags?post=59042"},{"taxonomy":"calendar","embeddable":true,"href":"https:\/\/anprotec.org.br\/site\/wp-json\/wp\/v2\/calendar?post=59042"}],"curies":[{"name":"wp","href":"https:\/\/api.w.org\/{rel}","templated":true}]}}