{"id":58959,"date":"2025-10-14T11:43:11","date_gmt":"2025-10-14T14:43:11","guid":{"rendered":"https:\/\/anprotec.org.br\/site\/?p=58959"},"modified":"2025-10-22T13:24:25","modified_gmt":"2025-10-22T16:24:25","slug":"sebrae-apresenta-programas-estrategicos-para-fortalecer-ecossistemas-de-inovacao-no-brasil","status":"publish","type":"post","link":"https:\/\/anprotec.org.br\/site\/2025\/10\/sebrae-apresenta-programas-estrategicos-para-fortalecer-ecossistemas-de-inovacao-no-brasil\/","title":{"rendered":"Sebrae apresenta programas estrat\u00e9gicos para fortalecer ecossistemas de inova\u00e7\u00e3o no Brasil"},"content":{"rendered":"<div class=\"wp-block-image\"><img decoding=\"async\" loading=\"lazy\" class=\"wpa-warning wpa-image-missing-alt aligncenter wp-image-58960 size-full\" src=\"https:\/\/anprotec.org.br\/site\/wp-content\/uploads\/2025\/10\/Sebrae-Convida-Programas-Sebrae-scaled-e1760539324112.jpg\" alt=\"\" width=\"700\" height=\"467\" data-warning=\"Missing alt text\" \/><\/div>\n<p>&nbsp;<\/p>\n<p><span style=\"font-weight: 400;\">Durante o painel &#8220;Sebrae Convida&#8221;, realizado na 35\u00aa Confer\u00eancia Anprotec, Paulo Renato, gerente do Sebrae Nacional, apresentou um panorama abrangente dos programas que a institui\u00e7\u00e3o desenvolve para apoiar startups, ambientes de inova\u00e7\u00e3o e ecossistemas empreendedores em todo o pa\u00eds.<\/span><\/p>\n<p><b>Sebraetec Neg\u00f3cios Inovadores: valida\u00e7\u00e3o e crescimento de startups<\/b><\/p>\n<p><span style=\"font-weight: 400;\">Paulo Renato iniciou destacando o <\/span><b>Sebraetec Neg\u00f3cios Inovadores<\/b><span style=\"font-weight: 400;\">, criado h\u00e1 cerca de tr\u00eas anos para sistematizar o apoio \u00e0s empresas de base tecnol\u00f3gica. \u201cO objetivo \u00e9 permitir que os ambientes de inova\u00e7\u00e3o sejam remunerados pelos servi\u00e7os que j\u00e1 realizam no apoio a startups, como valida\u00e7\u00e3o, tra\u00e7\u00e3o e expans\u00e3o de neg\u00f3cios\u201d, explicou o gerente.<\/span><\/p>\n<p><span style=\"font-weight: 400;\">A iniciativa oferece fichas t\u00e9cnicas que permitem \u00e0s incubadoras, parques tecnol\u00f3gicos e aceleradoras credenciadas realizarem servi\u00e7os de valida\u00e7\u00e3o, tra\u00e7\u00e3o e expans\u00e3o de startups com remunera\u00e7\u00e3o do Sebrae. &#8221; Todo ambiente de inova\u00e7\u00e3o precisa apoiar empresas nascentes. N\u00f3s criamos v\u00e1rias fichas t\u00e9cnicas, e se voc\u00ea tiver credenciado ao Sebrae, voc\u00ea pode executar esse servi\u00e7o e h\u00e1 uma remunera\u00e7\u00e3o por esse trabalho&#8221;, complementou.<\/span><\/p>\n<p><span style=\"font-weight: 400;\">O programa est\u00e1 sendo ampliado com novas fichas de internacionaliza\u00e7\u00e3o, visando expandir cada vez mais os neg\u00f3cios inovadores brasileiros para o mercado global. Embora o processo de credenciamento varie entre os estados, a Anprotec disponibiliza suporte para auxiliar interessados com informa\u00e7\u00f5es sobre como participar.<\/span><\/p>\n<p><b>Supernova: empreendedorismo em larga escala na gradua\u00e7\u00e3o<\/b><\/p>\n<p><span style=\"font-weight: 400;\">Um dos destaques da apresenta\u00e7\u00e3o foi o programa Supernova, voltado para alunos de gradua\u00e7\u00e3o e ensino profissionalizante. \u201cOs estudantes t\u00eam um enorme potencial para criar empresas e desenvolver modelos de neg\u00f3cio ainda na gradua\u00e7\u00e3o. O Supernova oferece um caminho estruturado para que essa jornada comece cedo\u201d, destacou Paulo Renato.<\/span><\/p>\n<p><span style=\"font-weight: 400;\">A iniciativa permite que grupos de dois a cinco estudantes, com orienta\u00e7\u00e3o de um professor, participem de uma trilha totalmente online de at\u00e9 duas semanas para desenvolver projetos de startups. \u201cNos pilotos realizados em S\u00e3o Paulo, Rio Grande do Norte e Distrito Federal, vimos ideias e projetos promissores surgirem em apenas duas semanas de atividades\u201d, relatou.<\/span><\/p>\n<p><span style=\"font-weight: 400;\">O programa est\u00e1 em processo de expans\u00e3o nacional em parceria com o Minist\u00e9rio da Educa\u00e7\u00e3o (MEC). Os melhores projetos s\u00e3o premiados com miss\u00f5es nacionais, e h\u00e1 estudos para inclus\u00e3o de miss\u00f5es internacionais.<\/span><\/p>\n<p><span style=\"font-weight: 400;\">Paulo Renato revelou ainda uma importante novidade sobre a parceria entre Sebrae e Anprotec: &#8220;N\u00f3s estamos querendo colocar esse programa no pr\u00f3ximo conv\u00eanio com a Anprotec, para que a Anprotec possa ser o hub, digamos assim, que leva e distribui o Supernova para todo o Brasil&#8221;.<\/span><\/p>\n<p><span style=\"font-weight: 400;\">O objetivo ambicioso \u00e9 ampliar significativamente o n\u00famero de startups no Brasil. &#8220;Hoje a gente estima que deve ter de 20 a 25 mil startups no Brasil. A gente quer dar uma contribui\u00e7\u00e3o para aumentar para mais 10 mil, mais 20 mil startups no Brasil. Ou seja, aumentar a densidade e, obviamente, com o nosso trabalho perene, aumentar a qualidade tamb\u00e9m&#8221;, destacou.<\/span><\/p>\n<p><b>Plataforma Sebrae Startups: mapeamento do ecossistema brasileiro<\/b><\/p>\n<p><span style=\"font-weight: 400;\">Paulo Renato apresentou a Plataforma Sebrae Startups, desenvolvida h\u00e1 tr\u00eas anos em parceria com o Sebrae Santa Catarina, que re\u00fane mais de 21 mil startups cadastradas. &#8220;Quando a gente come\u00e7ou isso aqui h\u00e1 mais ou menos tr\u00eas anos atr\u00e1s, era muito dif\u00edcil determinar onde estavam as startups no Brasil. Onde que elas est\u00e3o? Qual que \u00e9 o setor do segmento? Qual que \u00e9 o faturamento? Quem s\u00e3o os s\u00f3cios? Para quem que ela vende?&#8221;, contextualizou.<\/span><\/p>\n<p><span style=\"font-weight: 400;\">A plataforma oferece informa\u00e7\u00f5es detalhadas e \u00e9 considerada uma das mais completas do pa\u00eds. Entre as curiosidades reveladas pela base de dados, os cinco principais segmentos s\u00e3o: tecnologia da informa\u00e7\u00e3o e comunica\u00e7\u00e3o em primeiro lugar; sa\u00fade e bem-estar em segundo, com aproximadamente 2.800 startups; agroneg\u00f3cio em terceiro, com cerca de 2.000 empresas; educa\u00e7\u00e3o em quarto; e fintechs em quinto lugar.<\/span><\/p>\n<p><b>Catalisa ICT: transformando pesquisadores em empreendedores deep tech<\/b><\/p>\n<p><span style=\"font-weight: 400;\">O programa Catalisa ICT, criado h\u00e1 quatro anos, busca oferecer uma alternativa de carreira para mestrandos e doutorandos. &#8220;O que o mestrando e o doutorando vai fazer depois da tese de mestrado e doutorado? Vai ficar l\u00e1 tentando mais uma bolsa, mais uma bolsa, mais uma bolsa, at\u00e9 abrir um curso na universidade, que a gente sabe essa dificuldade hoje&#8221;, questionou Paulo Renato.<\/span><\/p>\n<p><span style=\"font-weight: 400;\">O gerente alertou para um problema grave: &#8220;Infelizmente, a gente conhece pessoas que t\u00eam o t\u00edtulo de mestrado e doutorado que, \u00e0s vezes, tiram esse t\u00edtulo do curr\u00edculo, porque com essa super especializa\u00e7\u00e3o, eles nem conseguem arrumar emprego&#8221;.<\/span><\/p>\n<p><span style=\"font-weight: 400;\">Diante desse cen\u00e1rio, o Catalisa prop\u00f5e uma alternativa. &#8220;Existe uma outra oportunidade, que talvez seja um caminho para eles, que talvez seja criar um neg\u00f3cio de base tecnol\u00f3gica&#8221;, defendeu.<\/span><\/p>\n<p><span style=\"font-weight: 400;\">Na primeira edi\u00e7\u00e3o, foram criadas 170 novas deep techs no Brasil a partir da participa\u00e7\u00e3o de mais de 3 mil pesquisadores. A segunda edi\u00e7\u00e3o, em andamento com apoio de diversas institui\u00e7\u00f5es incluindo a Anprotec, pretende alcan\u00e7ar 300 novas deep techs. O programa oferece capacita\u00e7\u00e3o, rede de contatos e suporte financeiro por meio de bolsas de extensionismo tecnol\u00f3gico.<\/span><\/p>\n<p><b>Ecossistemas Locais de Inova\u00e7\u00e3o: fortalecimento territorial<\/b><\/p>\n<p><span style=\"font-weight: 400;\">Iniciado h\u00e1 quatro anos, o programa de Ecossistemas Locais de Inova\u00e7\u00e3o j\u00e1 est\u00e1 presente em todos os estados brasileiros, abrangendo 350 munic\u00edpios de forma individual e quatro ecossistemas territoriais que integram m\u00faltiplos munic\u00edpios no Paran\u00e1, sul de Minas Gerais, Rio Grande do Norte e regi\u00e3o da Serra de Santa Catarina.<\/span><\/p>\n<p><span style=\"font-weight: 400;\">&#8220;Esse trabalho \u00e9 muito legal porque ele, eu costumo dizer, \u00e9 um \u00fatero que ajuda a nascer as melhores empresas ali do munic\u00edpio e tamb\u00e9m, de certa forma, leva um pouco de inova\u00e7\u00e3o para as empresas tradicionais&#8221;, descreveu Paulo Renato.<\/span><\/p>\n<p><span style=\"font-weight: 400;\">O programa utiliza uma metodologia de diagn\u00f3stico em formato de radar que avalia ambientes de inova\u00e7\u00e3o, pol\u00edticas p\u00fablicas, institui\u00e7\u00f5es de ci\u00eancia e tecnologia, disponibilidade de capital, governan\u00e7a e programas locais.<\/span><\/p>\n<p><span style=\"font-weight: 400;\">Recentemente, o Sebrae firmou parceria com o Startup Genome, organiza\u00e7\u00e3o internacional que mapeia ecossistemas mundiais. &#8220;Eles n\u00e3o v\u00e3o comparar o ecossistema aqui do norte pioneiro do Paran\u00e1 com Londres, porque n\u00e3o tem grau de compara\u00e7\u00e3o. Eles v\u00e3o comparar o norte pioneiro com, de repente, algum ecossistema l\u00e1 da Europa que tem caracter\u00edsticas semelhantes&#8221;, explicou o gerente.<\/span><\/p>\n<p><span style=\"font-weight: 400;\">Atualmente, Florian\u00f3polis, Recife e S\u00e3o Paulo participam diretamente dessa iniciativa, com planos de expans\u00e3o para outras cidades.<\/span><\/p>\n<p><b>A import\u00e2ncia dos ecossistemas para o empreendedorismo inovador<\/b><\/p>\n<p><span style=\"font-weight: 400;\">Paulo Renato, que foi empres\u00e1rio por 22 anos, falou com propriedade sobre os desafios de empreender no pa\u00eds. &#8220;Montar uma empresa no Brasil \u00e9 muito dif\u00edcil. Eu falo isso de um lugar que eu fui empres\u00e1rio durante 22 anos, de empresa inovadora. Montar uma empresa inovadora no Brasil \u00e9 mais dif\u00edcil ainda&#8221;, afirmou.<\/span><\/p>\n<p><span style=\"font-weight: 400;\">O gerente ressaltou a import\u00e2ncia do apoio territorial: &#8220;Montar uma empresa num ambiente, num territ\u00f3rio, que voc\u00ea n\u00e3o tem apoio, que voc\u00ea n\u00e3o tem mecanismo, que voc\u00ea n\u00e3o tem capital de risco, que voc\u00ea n\u00e3o tem uma funda\u00e7\u00e3o de apoio, que voc\u00ea n\u00e3o tem uma universidade, \u00e9 quase que imposs\u00edvel. Os casos que acontecem s\u00e3o quase milagres, mas acontecem&#8221;.<\/span><\/p>\n<p><span style=\"font-weight: 400;\">Por isso, para o Sebrae, levar ecossistemas estruturados para todo o pa\u00eds \u00e9 fundamental. &#8220;Para n\u00f3s, \u00e9 muito importante a gente levar ecossistemas para todo o Brasil, mesmo aquelas cidades incipientes. A gente j\u00e1 tem metodologia para que a gente permita que mais empresas inovadoras possam nascer no pa\u00eds&#8221;, concluiu.<\/span><\/p>\n<p><span style=\"font-weight: 400;\">O &#8220;Sebrae Convida&#8221; refor\u00e7ou o papel estrat\u00e9gico da institui\u00e7\u00e3o no desenvolvimento de um ecossistema de inova\u00e7\u00e3o mais robusto e integrado, desde a forma\u00e7\u00e3o na gradua\u00e7\u00e3o at\u00e9 a consolida\u00e7\u00e3o de deep techs, passando pelo fortalecimento de ambientes de inova\u00e7\u00e3o em todo o territ\u00f3rio nacional.<\/span><\/p>\n","protected":false},"excerpt":{"rendered":"<p>&nbsp; Durante o painel &#8220;Sebrae Convida&#8221;, realizado na 35\u00aa Confer\u00eancia<span class=\"excerpt-hellip\"> [\u2026]<\/span><\/p>\n","protected":false},"author":8,"featured_media":58962,"comment_status":"closed","ping_status":"closed","sticky":false,"template":"","format":"standard","meta":{"footnotes":"","_links_to":"","_links_to_target":""},"categories":[411,395,3],"tags":[],"calendar":[],"_links":{"self":[{"href":"https:\/\/anprotec.org.br\/site\/wp-json\/wp\/v2\/posts\/58959"}],"collection":[{"href":"https:\/\/anprotec.org.br\/site\/wp-json\/wp\/v2\/posts"}],"about":[{"href":"https:\/\/anprotec.org.br\/site\/wp-json\/wp\/v2\/types\/post"}],"author":[{"embeddable":true,"href":"https:\/\/anprotec.org.br\/site\/wp-json\/wp\/v2\/users\/8"}],"replies":[{"embeddable":true,"href":"https:\/\/anprotec.org.br\/site\/wp-json\/wp\/v2\/comments?post=58959"}],"version-history":[{"count":1,"href":"https:\/\/anprotec.org.br\/site\/wp-json\/wp\/v2\/posts\/58959\/revisions"}],"predecessor-version":[{"id":58963,"href":"https:\/\/anprotec.org.br\/site\/wp-json\/wp\/v2\/posts\/58959\/revisions\/58963"}],"wp:featuredmedia":[{"embeddable":true,"href":"https:\/\/anprotec.org.br\/site\/wp-json\/wp\/v2\/media\/58962"}],"wp:attachment":[{"href":"https:\/\/anprotec.org.br\/site\/wp-json\/wp\/v2\/media?parent=58959"}],"wp:term":[{"taxonomy":"category","embeddable":true,"href":"https:\/\/anprotec.org.br\/site\/wp-json\/wp\/v2\/categories?post=58959"},{"taxonomy":"post_tag","embeddable":true,"href":"https:\/\/anprotec.org.br\/site\/wp-json\/wp\/v2\/tags?post=58959"},{"taxonomy":"calendar","embeddable":true,"href":"https:\/\/anprotec.org.br\/site\/wp-json\/wp\/v2\/calendar?post=58959"}],"curies":[{"name":"wp","href":"https:\/\/api.w.org\/{rel}","templated":true}]}}