{"id":58952,"date":"2025-10-14T11:36:59","date_gmt":"2025-10-14T14:36:59","guid":{"rendered":"https:\/\/anprotec.org.br\/site\/?p=58952"},"modified":"2025-10-22T13:24:12","modified_gmt":"2025-10-22T16:24:12","slug":"sebrae-convida-debate-fortalecimento-de-ecossistemas-de-inovacao-e-geracao-de-negocios-de-alto-impacto-no-brasil","status":"publish","type":"post","link":"https:\/\/anprotec.org.br\/site\/2025\/10\/sebrae-convida-debate-fortalecimento-de-ecossistemas-de-inovacao-e-geracao-de-negocios-de-alto-impacto-no-brasil\/","title":{"rendered":"Sebrae Convida debate fortalecimento de ecossistemas de inova\u00e7\u00e3o e gera\u00e7\u00e3o de neg\u00f3cios de alto impacto no Brasil"},"content":{"rendered":"<div class=\"wp-block-image\"><img decoding=\"async\" loading=\"lazy\" class=\"wpa-warning wpa-image-missing-alt aligncenter wp-image-58955 size-full\" src=\"https:\/\/anprotec.org.br\/site\/wp-content\/uploads\/2025\/10\/Abertura-Sebrae-Convida-scaled-e1760538916988.jpg\" alt=\"\" width=\"700\" height=\"467\" data-warning=\"Missing alt text\" \/><\/div>\n<p>&nbsp;<\/p>\n<p><i><span style=\"font-weight: 400;\">Atividade realizada durante a 35\u00aa Confer\u00eancia Anprotec reuniu lideran\u00e7as nacionais para discutir estrat\u00e9gias de apoio a startups e ambientes promotores de inova\u00e7\u00e3o<\/span><\/i><\/p>\n<p><b>Foz do Igua\u00e7u (PR), 14 de outubro de 2025<\/b><span style=\"font-weight: 400;\"> &#8211; A manh\u00e3 de ter\u00e7a-feira, 14 de outubro,\u00a0 na 35\u00aa Confer\u00eancia Anprotec trouxe reflex\u00f5es importantes sobre o futuro dos ambientes de inova\u00e7\u00e3o no Brasil. Durante a atividade Sebrae Convida, lideran\u00e7as do Sebrae Nacional, Anprotec, CNPq e Sebrae Paran\u00e1 debateram estrat\u00e9gias para fortalecer o ecossistema empreendedor e multiplicar casos de sucesso no pa\u00eds.<\/span><\/p>\n<p><span style=\"font-weight: 400;\">Paulo Renato Cabral, gerente de Inova\u00e7\u00e3o do Sebrae Nacional, provocou os participantes com um questionamento central: &#8220;Ser\u00e1 que estamos no caminho certo? Ser\u00e1 que nossos mecanismos, equipamentos, aceleradoras, parques e hubs est\u00e3o realmente preparados para gerar os neg\u00f3cios do futuro?&#8221;<\/span><\/p>\n<p><span style=\"font-weight: 400;\">A proposta da atividade foi destacar como a diversidade dos ambientes de inova\u00e7\u00e3o pode contribuir para a gera\u00e7\u00e3o de neg\u00f3cios de alto impacto, trazendo experi\u00eancias de empreendedores que passaram por incubadoras, aceleradoras e outros programas de apoio, al\u00e9m de debater o papel das institui\u00e7\u00f5es na constru\u00e7\u00e3o desse ecossistema.<\/span><\/p>\n<div class=\"wp-block-image\"><img decoding=\"async\" loading=\"lazy\" class=\"wpa-warning wpa-image-missing-alt aligncenter wp-image-58954 size-full\" src=\"https:\/\/anprotec.org.br\/site\/wp-content\/uploads\/2025\/10\/Abertura-Sebrae-Convida-2-scaled-e1760538944560.jpg\" alt=\"\" width=\"700\" height=\"467\" data-warning=\"Missing alt text\" \/><\/div>\n<p>&nbsp;<\/p>\n<p><b>Brasil precisa de &#8220;cavalo de pau&#8221; para competir globalmente<\/b><\/p>\n<p><span style=\"font-weight: 400;\">A presidente da Anprotec, Adriana Faria, trouxe dados que provocaram reflex\u00e3o sobre o posicionamento do Brasil no cen\u00e1rio global de inova\u00e7\u00e3o. Ela revelou n\u00fameros que comprovam o desafio brasileiro: enquanto a China possui 500 mil startups apoiadas por 15 mil incubadoras de empresas, o Brasil tem entre 15 e 20 mil startups.<\/span><\/p>\n<p><span style=\"font-weight: 400;\">&#8220;Inicialmente, ach\u00e1vamos que 500 mil startups era um exagero, mas tivemos a oportunidade de uma miss\u00e3o internacional da Anprotec na China, onde ouvimos o representante oficial do governo chin\u00eas confirmar esses n\u00fameros. E s\u00f3 h\u00e1 uma forma de lan\u00e7ar tantas startups: eles t\u00eam 15 mil incubadoras de empresas, apoiadas manh\u00e3, tarde e noite, fortemente incentivadas como estrat\u00e9gia de prosperidade e desenvolvimento econ\u00f4mico&#8221;, relatou Adriana.<\/span><\/p>\n<p><span style=\"font-weight: 400;\">A presidente foi enf\u00e1tica ao alertar sobre a urg\u00eancia do tema: &#8220;A despeito do Brasil ser um grande produtor de ci\u00eancia &#8211; nos \u00faltimos 10 anos avan\u00e7amos imensamente, com quase 80 mil mestres e doutores titulados por ano e estamos entre os 15 pa\u00edses com maior produ\u00e7\u00e3o cient\u00edfica do mundo &#8211; ainda ocupamos a 52\u00aa posi\u00e7\u00e3o no ranking mundial de inova\u00e7\u00e3o. Isso sim \u00e9 um risco \u00e0 nossa soberania nacional.&#8221;<\/span><\/p>\n<p><span style=\"font-weight: 400;\">Para Adriana, \u00e9 preciso uma mudan\u00e7a radical de dire\u00e7\u00e3o. &#8220;N\u00f3s temos que dar um cavalo de pau na nossa popula\u00e7\u00e3o e nas nossas universidades. Precisamos estar atentos a essas quest\u00f5es&#8221;, defendeu, ressaltando a necessidade de pol\u00edticas p\u00fablicas mais robustas para o setor.<\/span><\/p>\n<p><b>P\u00f3s-gradua\u00e7\u00e3o: o motor das empresas de base tecnol\u00f3gica<\/b><\/p>\n<p><span style=\"font-weight: 400;\">Um dos dados mais relevantes apresentados por Adriana Faria vem de uma tese de doutorado desenvolvida em Minas Gerais sobre as vari\u00e1veis que impactam a cria\u00e7\u00e3o de novas empresas de base tecnol\u00f3gica. &#8220;A \u00fanica vari\u00e1vel que teve signific\u00e2ncia estat\u00edstica foi o n\u00famero de alunos na p\u00f3s-gradua\u00e7\u00e3o. Quem chega para empreender em neg\u00f3cios de base tecnol\u00f3gica \u00e9 aluno de p\u00f3s-gradua\u00e7\u00e3o&#8221;, revelou.<\/span><\/p>\n<p><span style=\"font-weight: 400;\">Essa constata\u00e7\u00e3o refor\u00e7a o papel estrat\u00e9gico das universidades e dos programas de p\u00f3s-gradua\u00e7\u00e3o como ber\u00e7o da inova\u00e7\u00e3o. &#8220;\u00c9 desse ambiente, das universidades empreendedoras, do processo que nossas incubadoras de empresas fazem dentro desses ambientes de ci\u00eancia, tecnologia e inova\u00e7\u00e3o, de difus\u00e3o da cultura empreendedora, de pegar na m\u00e3o do aluno de p\u00f3s-gradua\u00e7\u00e3o e do professor que quer empreender, que surgem as empresas&#8221;, complementou.<\/span><\/p>\n<p><b>Emprego de qualidade: o diferencial das empresas de base tecnol\u00f3gica<\/b><\/p>\n<p><span style=\"font-weight: 400;\">Adriana tamb\u00e9m apresentou dados do estudo sobre parques tecnol\u00f3gicos liderado pelo Minist\u00e9rio de Ci\u00eancia, Tecnologia e Inova\u00e7\u00e3o, resultado de quase 10 anos de pesquisa. Os n\u00fameros demonstram a qualidade dos empregos gerados por empresas de base tecnol\u00f3gica: 26% da for\u00e7a de trabalho s\u00e3o graduados, 28% s\u00e3o mestres e 26% s\u00e3o doutores.<\/span><\/p>\n<p><span style=\"font-weight: 400;\">&#8220;Quase 90% da for\u00e7a de trabalho de uma empresa de base tecnol\u00f3gica \u00e9 composta por empregos de qualidade. E um emprego de qualidade gera mais dois, tr\u00eas outros empregos. \u00c9 por esse caminho que passa a prosperidade&#8221;, afirmou a presidente da Anprotec.<\/span><\/p>\n<p><b>Paran\u00e1 como refer\u00eancia em pol\u00edtica de Estado<\/b><\/p>\n<p><span style=\"font-weight: 400;\">O gerente da Unidade de Ambiente de Neg\u00f3cios do Sebrae Paran\u00e1, Marcelo Padilha, destacou a import\u00e2ncia do encontro promovido pela confer\u00eancia. &#8220;\u00c9 um momento em que a gente encontra as ideias, encontra as propostas, encontra as provoca\u00e7\u00f5es de como tornar o nosso ambiente de inova\u00e7\u00e3o no Brasil de fato um ambiente melhor. Tudo isso s\u00f3 vai fazer sentido se isso se materializar em gera\u00e7\u00e3o de neg\u00f3cios, gera\u00e7\u00e3o de emprego, gera\u00e7\u00e3o de renda, em melhoria da qualidade de vida das pessoas&#8221;, afirmou.<\/span><\/p>\n<p><span style=\"font-weight: 400;\">Adriana Faria concordou sobre o destaque do estado: &#8220;O Paran\u00e1 \u00e9 um estado que precisa ser fortemente estudado por todos. O que o Paran\u00e1 est\u00e1 fazendo em termos de pol\u00edtica de Estado &#8211; n\u00e3o de governo, mas de Estado &#8211; tem sido muito positivo. Temos 14 institui\u00e7\u00f5es de ensino superior como centro, e orbitando essas universidades, os ambientes promotores de inova\u00e7\u00e3o, parques e incubadoras.&#8221;<\/span><\/p>\n<p><b>Compromisso institucional com a inova\u00e7\u00e3o<\/b><\/p>\n<p><span style=\"font-weight: 400;\">Tom\u00e1s Carrijo, assessor do Conselho Deliberativo Nacional do Sebrae, representando o presidente D\u00e9cio Lima, refor\u00e7ou o compromisso da institui\u00e7\u00e3o. &#8220;Esta \u00e9 parte da nossa estrat\u00e9gia que valoriza incubadoras, startups e fomenta discuss\u00f5es essenciais para uma atua\u00e7\u00e3o colaborativa. A Anprotec \u00e9 uma entidade que comp\u00f5e o nosso conselho e \u00e9 uma parceira essencial&#8221;, destacou, mencionando o Comit\u00ea de Inova\u00e7\u00e3o do CDN coordenado pelo conselheiro do Minist\u00e9rio do Trabalho.<\/span><\/p>\n<p><b>Parcerias de longa data<\/b><\/p>\n<p><span style=\"font-weight: 400;\">M\u00e1rcio Ramos de Oliveira, coordenador-geral de Promo\u00e7\u00e3o \u00e0 Inova\u00e7\u00e3o do CNPq, lembrou da trajet\u00f3ria de parcerias entre as institui\u00e7\u00f5es. &#8220;Tivemos mais de 20 anos do programa BITEC com o Sebrae e o CNPq, que incentivava o empreendedorismo dos alunos de gradua\u00e7\u00e3o. O programa AGTI, os agentes locais de inova\u00e7\u00e3o, \u00e9 uma parceria fant\u00e1stica do Sebrae que alcan\u00e7ou resultados maravilhosos. E hoje temos o Catalisa ICT, levando essa parceria adiante&#8221;, recordou.<\/span><\/p>\n<p><span style=\"font-weight: 400;\">M\u00e1rcio tamb\u00e9m trouxe cumprimentos do presidente do CNPq, professor Ricardo Galv\u00e3o, destacado como &#8220;al\u00e9m de um grande cientista, um entusiasta desse movimento de inova\u00e7\u00e3o no Brasil, sempre apoiando e trazendo todo o esfor\u00e7o para que o CNPq possa lan\u00e7ar suas a\u00e7\u00f5es em parceria&#8221;.<\/span><\/p>\n<p><b>Sebraetec Neg\u00f3cios Inovadores e InovaLink<\/b><\/p>\n<p><span style=\"font-weight: 400;\">Adriana Faria destacou duas iniciativas importantes para fortalecer o ecossistema. O programa Sebraetec Neg\u00f3cios Inovadores, em parceria com o Sebrae, j\u00e1 est\u00e1 presente em quase todos os estados, credenciando incubadoras para prestar servi\u00e7os n\u00e3o apenas \u00e0s suas empresas vinculadas, mas tamb\u00e9m a outros neg\u00f3cios que necessitam de apoio.<\/span><\/p>\n<p><span style=\"font-weight: 400;\">Outra ferramenta mencionada foi o InovaLink, plataforma liderada pelo Sebrae para mapear incubadoras, aceleradoras e empresas vinculadas a esses ambientes. &#8220;\u00c9 muito importante que os gestores preencham as informa\u00e7\u00f5es. Com o CNPJ dessas empresas, conseguimos buscar todos os outros dados necess\u00e1rios para comprovar a import\u00e2ncia de apoiar incubadoras e empresas de base tecnol\u00f3gica&#8221;, explicou a presidente.<\/span><\/p>\n<p><b>Sobre a 35\u00aa Confer\u00eancia Anprotec<\/b><\/p>\n<p><span style=\"font-weight: 400;\">A 35\u00aa Confer\u00eancia Anprotec acontece de 13 a 16 de outubro de 2025, em Foz do Igua\u00e7u (PR), com o tema &#8220;Ecossistemas colaborativos e integrados \u00e0 inova\u00e7\u00e3o global&#8221;. O evento \u00e9 promovido pela Associa\u00e7\u00e3o Nacional de Entidades Promotoras de Empreendimentos Inovadores (Anprotec), em parceria com o Servi\u00e7o Brasileiro de Apoio \u00e0s Micro e Pequenas Empresas (Sebrae). A realiza\u00e7\u00e3o local \u00e9 do Sistema Estadual de Ambientes Promotores de Inova\u00e7\u00e3o do Paran\u00e1 (Separtec), da Funda\u00e7\u00e3o Arauc\u00e1ria, da Universidade Estadual do Oeste do Paran\u00e1 (Unioeste) e do Governo do Estado do Paran\u00e1.<\/span><\/p>\n","protected":false},"excerpt":{"rendered":"<p>&nbsp; Atividade realizada durante a 35\u00aa Confer\u00eancia Anprotec reuniu lideran\u00e7as<span class=\"excerpt-hellip\"> [\u2026]<\/span><\/p>\n","protected":false},"author":8,"featured_media":58957,"comment_status":"closed","ping_status":"closed","sticky":false,"template":"","format":"standard","meta":{"footnotes":"","_links_to":"","_links_to_target":""},"categories":[411,395,3],"tags":[],"calendar":[],"_links":{"self":[{"href":"https:\/\/anprotec.org.br\/site\/wp-json\/wp\/v2\/posts\/58952"}],"collection":[{"href":"https:\/\/anprotec.org.br\/site\/wp-json\/wp\/v2\/posts"}],"about":[{"href":"https:\/\/anprotec.org.br\/site\/wp-json\/wp\/v2\/types\/post"}],"author":[{"embeddable":true,"href":"https:\/\/anprotec.org.br\/site\/wp-json\/wp\/v2\/users\/8"}],"replies":[{"embeddable":true,"href":"https:\/\/anprotec.org.br\/site\/wp-json\/wp\/v2\/comments?post=58952"}],"version-history":[{"count":1,"href":"https:\/\/anprotec.org.br\/site\/wp-json\/wp\/v2\/posts\/58952\/revisions"}],"predecessor-version":[{"id":58958,"href":"https:\/\/anprotec.org.br\/site\/wp-json\/wp\/v2\/posts\/58952\/revisions\/58958"}],"wp:featuredmedia":[{"embeddable":true,"href":"https:\/\/anprotec.org.br\/site\/wp-json\/wp\/v2\/media\/58957"}],"wp:attachment":[{"href":"https:\/\/anprotec.org.br\/site\/wp-json\/wp\/v2\/media?parent=58952"}],"wp:term":[{"taxonomy":"category","embeddable":true,"href":"https:\/\/anprotec.org.br\/site\/wp-json\/wp\/v2\/categories?post=58952"},{"taxonomy":"post_tag","embeddable":true,"href":"https:\/\/anprotec.org.br\/site\/wp-json\/wp\/v2\/tags?post=58952"},{"taxonomy":"calendar","embeddable":true,"href":"https:\/\/anprotec.org.br\/site\/wp-json\/wp\/v2\/calendar?post=58952"}],"curies":[{"name":"wp","href":"https:\/\/api.w.org\/{rel}","templated":true}]}}