{"id":58947,"date":"2025-10-14T11:27:35","date_gmt":"2025-10-14T14:27:35","guid":{"rendered":"https:\/\/anprotec.org.br\/site\/?p=58947"},"modified":"2025-10-22T13:23:09","modified_gmt":"2025-10-22T16:23:09","slug":"plenaria-debate-parques-tecnologicos-como-politica-publica-com-evidencias-da-espanha-e-modelos-brasileiros-na-35a-conferencia-anprotec","status":"publish","type":"post","link":"https:\/\/anprotec.org.br\/site\/2025\/10\/plenaria-debate-parques-tecnologicos-como-politica-publica-com-evidencias-da-espanha-e-modelos-brasileiros-na-35a-conferencia-anprotec\/","title":{"rendered":"Plen\u00e1ria debate parques tecnol\u00f3gicos como pol\u00edtica p\u00fablica com evid\u00eancias da Espanha e modelos brasileiros na 35\u00aa Confer\u00eancia Anprotec"},"content":{"rendered":"<div class=\"wp-block-image\"><img decoding=\"async\" loading=\"lazy\" class=\"wpa-warning wpa-image-missing-alt aligncenter wp-image-58949 size-full\" src=\"https:\/\/anprotec.org.br\/site\/wp-content\/uploads\/2025\/10\/14.10-Plenaria-2_-2-e1760538403218.jpg\" alt=\"\" width=\"700\" height=\"467\" data-warning=\"Missing alt text\" \/><\/div>\n<p>&nbsp;<\/p>\n<p><b>Foz do Igua\u00e7u (PR), 14 de outubro de 2025<\/b><span style=\"font-weight: 400;\"> \u2013 A plen\u00e1ria &#8220;Parques Cient\u00edficos e Inova\u00e7\u00e3o Tecnol\u00f3gica: Converg\u00eancia entre Ambientes e Transforma\u00e7\u00f5es Globais&#8221;, realizada no final da tarde desta ter\u00e7a-feira (14), debateu a consolida\u00e7\u00e3o dos parques tecnol\u00f3gicos como plataformas que articulam pol\u00edticas p\u00fablicas, formam talentos e impulsionam o desenvolvimento territorial. Mediada pela presidente da Anprotec, Adriana Ferreira de Faria, a discuss\u00e3o apresentou evid\u00eancias cient\u00edficas sobre o impacto dos parques na gera\u00e7\u00e3o de patentes, modelos de gest\u00e3o p\u00fablica e privada, e o chamado efeito off-park sobre os territ\u00f3rios.<\/span><\/p>\n<p><span style=\"font-weight: 400;\">Participaram do debate Thiago Guerra, presidente da Funda\u00e7\u00e3o para o Desenvolvimento Cient\u00edfico e Tecnol\u00f3gico (Fundetec) de Cascavel (PR), Domingos S\u00e1vio Alc\u00e2ntara Machado, vice-presidente de Estrat\u00e9gia, Internacionaliza\u00e7\u00e3o e Inova\u00e7\u00e3o do Tiradentes Innovation Center de Aracaju (SE), e Alberto Albahari, professor associado da Universidade de M\u00e1laga (Espanha) e refer\u00eancia internacional em estudos econom\u00e9tricos sobre parques tecnol\u00f3gicos.<\/span><\/p>\n<p><span style=\"font-weight: 400;\">Adriana contextualizou a discuss\u00e3o a partir do marco legal brasileiro de ci\u00eancia, tecnologia e inova\u00e7\u00e3o, citando a Lei 10.973, a Lei 13.243 e o Decreto 9.283, que classificam os ambientes promotores de inova\u00e7\u00e3o em \u00e1reas de inova\u00e7\u00e3o (parques tecnol\u00f3gicos, distritos e clusters) e mecanismos (incubadoras, aceleradoras e laborat\u00f3rios abertos). &#8220;Essa nomenclatura busca alinhamento com a International Association of Science Parks and Areas of Innovation e reflete a necessidade de integra\u00e7\u00e3o colaborativa entre os diferentes ambientes&#8221;, destacou.<\/span><\/p>\n<p><b>Parque p\u00fablico como orquestrador da inova\u00e7\u00e3o municipal<\/b><\/p>\n<p><span style=\"font-weight: 400;\">Cascavel, munic\u00edpio do Oeste do Paran\u00e1 com 31 anos de tradi\u00e7\u00e3o em gest\u00e3o da inova\u00e7\u00e3o, exemplificou o modelo de parque p\u00fablico municipal. Thiago Guerra, f\u00edsico com doutorado em Engenharia de Materiais pelo Instituto Militar de Engenharia, explicou que a Fundetec atua como secretaria municipal de inova\u00e7\u00e3o, sendo um dos dois parques de gest\u00e3o p\u00fablica entre os dez em opera\u00e7\u00e3o no Paran\u00e1.<\/span><\/p>\n<p><span style=\"font-weight: 400;\">&#8220;Os parques p\u00fablicos funcionam como grandes orquestradores de ado\u00e7\u00e3o tecnol\u00f3gica para o munic\u00edpio e a regi\u00e3o. Enquanto algumas institui\u00e7\u00f5es falam sempre em inova\u00e7\u00e3o como algo distante, n\u00f3s fazemos a inova\u00e7\u00e3o chegar onde ela n\u00e3o chegaria se n\u00e3o fosse por meio do parque&#8221;, afirmou Guerra. O modelo p\u00fablico permite oferecer servi\u00e7os gratuitos \u00e0 popula\u00e7\u00e3o, como an\u00e1lises de \u00e1gua de unidades de sa\u00fade e cursos tecnol\u00f3gicos para jovens de 8 a 23 anos.<\/span><\/p>\n<p><span style=\"font-weight: 400;\">Instalado em \u00e1rea rural de aproximadamente 150 hectares, o parque abriga laborat\u00f3rios de \u00e1guas, alimentos e solos, al\u00e9m do Col\u00e9gio Agr\u00edcola Municipal com regime de internato. Para aproximar-se do centro urbano, a Fundetec criou a Esta\u00e7\u00e3o da Inova\u00e7\u00e3o Hub One no antigo terminal rodovi\u00e1rio, com coworking gratuito a 100 metros da prefeitura. Programas como Radar de Inova\u00e7\u00e3o e TCC Startup, finalistas do Pr\u00eamio Nacional Anprotec 2025, conectam universidades, empresas e produtores rurais.<\/span><\/p>\n<p><b>Sergipe busca diversificar economia p\u00f3s-petr\u00f3leo com hub privado<\/b><\/p>\n<p><span style=\"font-weight: 400;\">Sergipe, o menor estado do Nordeste com apenas duas universidades, enfrenta o desafio de diversificar a economia ap\u00f3s o decl\u00ednio da produ\u00e7\u00e3o de petr\u00f3leo. Domingos S\u00e1vio Alc\u00e2ntara Machado apresentou o modelo de hub privado sem fins lucrativos criado h\u00e1 cinco anos pela Universidade Tiradentes em Aracaju.<\/span><\/p>\n<p><span style=\"font-weight: 400;\">&#8220;A miss\u00e3o principal do hub \u00e9 traduzir as necessidades regionais em desafios tecnol\u00f3gicos e oportunidades de neg\u00f3cio, fazendo com que o talento sergipano permane\u00e7a em Sergipe e que possamos atrair novos talentos para a regi\u00e3o Nordeste&#8221;, explicou Domingos. O gestor defendeu que os parques devem ser pontes entre educa\u00e7\u00e3o e inova\u00e7\u00e3o, utilizando tecnologias habilitadoras como intelig\u00eancia artificial, computa\u00e7\u00e3o em nuvem, 5G, 6G, internet das coisas e blockchain para conectar ecossistemas regionais a redes globais.<\/span><\/p>\n<p><span style=\"font-weight: 400;\">O hub estabeleceu parcerias com empresas como AWS, Fortinet, Google e Porto Digital para capacita\u00e7\u00e3o, utilizando metodologia do MIT para incuba\u00e7\u00e3o e acelera\u00e7\u00e3o. Entre os destaques est\u00e3o iniciativas em sa\u00fade digital com aplica\u00e7\u00e3o de intelig\u00eancia artificial. O Instituto de Pesquisa da Universidade Tiradentes mant\u00e9m portf\u00f3lio de patentes e figura entre os maiores depositantes do Nordeste.<\/span><\/p>\n<p><b>Estudo espanhol comprova: parques geram 73% mais patentes em 15 anos<\/b><\/p>\n<p><span style=\"font-weight: 400;\">Alberto Albahari apresentou evid\u00eancias cient\u00edficas sobre a efic\u00e1cia dos parques como pol\u00edticas p\u00fablicas. Com 15 anos de pesquisa sobre o tema, o professor explicou que a literatura acad\u00eamica apresenta resultados contradit\u00f3rios porque muitos estudos utilizam modelos estat\u00edsticos inadequados e amostras pequenas.<\/span><\/p>\n<p><span style=\"font-weight: 400;\">&#8220;A pergunta que sempre me fazem \u00e9: os parques realmente funcionam? A resposta \u00e9 sim. Utilizando dados de painel e o modelo econom\u00e9trico Differences in Differences, encontramos que prov\u00edncias espanholas com parques tecnol\u00f3gicos registraram 43% mais patentes no per\u00edodo de 6 a 10 anos ap\u00f3s a implanta\u00e7\u00e3o do parque, e 73% mais patentes entre 11 e 15 anos&#8221;, afirmou Albahari. O pesquisador destacou que 57% desse efeito \u00e9 gerado por empresas localizadas fora dos limites f\u00edsicos dos parques, comprovando o efeito off-park sobre o territ\u00f3rio.<\/span><\/p>\n<p><span style=\"font-weight: 400;\">A Espanha conta com 53 parques tecnol\u00f3gicos em opera\u00e7\u00e3o, reunindo aproximadamente 5.900 empresas e cerca de 150 mil trabalhadores, sendo mais de 34 mil em pesquisa e desenvolvimento. Albahari identificou tr\u00eas fatores cr\u00edticos para o sucesso espanhol: a massa cr\u00edtica de parques distribu\u00eddos por todas as regi\u00f5es, a articula\u00e7\u00e3o da Associa\u00e7\u00e3o Espanhola de Parques Cient\u00edficos e Tecnol\u00f3gicos como interlocutora do governo central, e bases de dados robustas de pesquisas nacionais de inova\u00e7\u00e3o que permitem avalia\u00e7\u00f5es rigorosas.<\/span><\/p>\n<p><span style=\"font-weight: 400;\">&#8220;Os parques s\u00e3o investimentos de baixo custo comparados a outros incentivos governamentais, altamente vis\u00edveis politicamente e com retorno comprovado, especialmente quando localizados em regi\u00f5es menos desenvolvidas&#8221;, concluiu Albahari.<\/span><\/p>\n<p><b>Parques brasileiros faturam R$ 15 bilh\u00f5es e geram 75 mil empregos<\/b><\/p>\n<p><span style=\"font-weight: 400;\">O Brasil conta com 64 parques em opera\u00e7\u00e3o e 42 em implanta\u00e7\u00e3o, com distribui\u00e7\u00e3o assim\u00e9trica que reflete desigualdades regionais hist\u00f3ricas. A maioria est\u00e1 no interior, cumprindo papel de plataforma de desenvolvimento territorial em cidades m\u00e9dias.<\/span><\/p>\n<p><span style=\"font-weight: 400;\">Atualmente, 2.706 empresas est\u00e3o vinculadas aos parques, com faturamento anual estimado em R$ 15 bilh\u00f5es, pagamento de mais de R$ 1 bilh\u00e3o em impostos e gera\u00e7\u00e3o de 75 mil empregos qualificados. Os investimentos acumulados somam aproximadamente R$ 14 bilh\u00f5es, sendo R$ 3 bilh\u00f5es em subven\u00e7\u00f5es e o restante majoritariamente de governos estaduais, que respondem por 50% dos aportes.<\/span><\/p>\n<p><span style=\"font-weight: 400;\">&#8220;Se isso n\u00e3o \u00e9 uma pol\u00edtica p\u00fablica de primeira qualidade, barata, com retorno praticamente garantido e com impactos que demonstramos claramente, n\u00e3o sei o que \u00e9. Precisamos mostrar esses dados para aqueles que fazem pol\u00edticas p\u00fablicas nos nossos territ\u00f3rios, nos estados e em n\u00edvel federal&#8221;, enfatizou Adriana. A maioria dos parques brasileiros tem menos de 50 empresas e idade m\u00e9dia de 12 anos, indicando que o ecossistema ainda est\u00e1 em consolida\u00e7\u00e3o, mas j\u00e1 apresenta resultados mensur\u00e1veis.<\/span><\/p>\n<p><span style=\"font-weight: 400;\">A presidente concluiu refor\u00e7ando que os parques t\u00eam incorporado tecnologias como intelig\u00eancia artificial, 6G e internet das coisas, conectando ecossistemas regionais a redes globais. Adriana defendeu que os dados brasileiros, embora ainda n\u00e3o analisados com a mesma sofistica\u00e7\u00e3o econom\u00e9trica dos estudos espanh\u00f3is, apontam na mesma dire\u00e7\u00e3o: parques tecnol\u00f3gicos s\u00e3o investimentos p\u00fablicos de alta taxa de retorno com impacto territorial comprovado.<\/span><\/p>\n<p><b>Sobre a 35\u00aa Confer\u00eancia Anprotec<\/b><\/p>\n<p><span style=\"font-weight: 400;\">A 35\u00aa Confer\u00eancia Anprotec acontece de 13 a 16 de outubro de 2025 em Foz do Igua\u00e7u (PR), com o tema &#8220;Ecossistemas colaborativos e integrados \u00e0 inova\u00e7\u00e3o global&#8221;. O evento \u00e9 promovido pela Associa\u00e7\u00e3o Nacional de Entidades Promotoras de Empreendimentos Inovadores (Anprotec) em parceria com o Servi\u00e7o Brasileiro de Apoio \u00e0s Micro e Pequenas Empresas (Sebrae). A realiza\u00e7\u00e3o local \u00e9 do Sistema Estadual de Ambientes Promotores de Inova\u00e7\u00e3o do Paran\u00e1 (Separtec), da Funda\u00e7\u00e3o Arauc\u00e1ria, da Universidade Estadual do Oeste do Paran\u00e1 (Unioeste) e do Governo do Estado do Paran\u00e1.<\/span><\/p>\n","protected":false},"excerpt":{"rendered":"<p>&nbsp; Foz do Igua\u00e7u (PR), 14 de outubro de 2025<span class=\"excerpt-hellip\"> [\u2026]<\/span><\/p>\n","protected":false},"author":8,"featured_media":58950,"comment_status":"closed","ping_status":"closed","sticky":false,"template":"","format":"standard","meta":{"footnotes":"","_links_to":"","_links_to_target":""},"categories":[411,395,3],"tags":[],"calendar":[],"_links":{"self":[{"href":"https:\/\/anprotec.org.br\/site\/wp-json\/wp\/v2\/posts\/58947"}],"collection":[{"href":"https:\/\/anprotec.org.br\/site\/wp-json\/wp\/v2\/posts"}],"about":[{"href":"https:\/\/anprotec.org.br\/site\/wp-json\/wp\/v2\/types\/post"}],"author":[{"embeddable":true,"href":"https:\/\/anprotec.org.br\/site\/wp-json\/wp\/v2\/users\/8"}],"replies":[{"embeddable":true,"href":"https:\/\/anprotec.org.br\/site\/wp-json\/wp\/v2\/comments?post=58947"}],"version-history":[{"count":1,"href":"https:\/\/anprotec.org.br\/site\/wp-json\/wp\/v2\/posts\/58947\/revisions"}],"predecessor-version":[{"id":58951,"href":"https:\/\/anprotec.org.br\/site\/wp-json\/wp\/v2\/posts\/58947\/revisions\/58951"}],"wp:featuredmedia":[{"embeddable":true,"href":"https:\/\/anprotec.org.br\/site\/wp-json\/wp\/v2\/media\/58950"}],"wp:attachment":[{"href":"https:\/\/anprotec.org.br\/site\/wp-json\/wp\/v2\/media?parent=58947"}],"wp:term":[{"taxonomy":"category","embeddable":true,"href":"https:\/\/anprotec.org.br\/site\/wp-json\/wp\/v2\/categories?post=58947"},{"taxonomy":"post_tag","embeddable":true,"href":"https:\/\/anprotec.org.br\/site\/wp-json\/wp\/v2\/tags?post=58947"},{"taxonomy":"calendar","embeddable":true,"href":"https:\/\/anprotec.org.br\/site\/wp-json\/wp\/v2\/calendar?post=58947"}],"curies":[{"name":"wp","href":"https:\/\/api.w.org\/{rel}","templated":true}]}}