{"id":58936,"date":"2025-10-14T11:16:21","date_gmt":"2025-10-14T14:16:21","guid":{"rendered":"https:\/\/anprotec.org.br\/site\/?p=58936"},"modified":"2025-10-22T13:07:51","modified_gmt":"2025-10-22T16:07:51","slug":"empreendedores-de-jogos-e-biotecnologia-debatem-desafios-de-continuidade-e-diversidade-em-painel-do-sebrae-convida-na-35a-conferencia-anprotec","status":"publish","type":"post","link":"https:\/\/anprotec.org.br\/site\/2025\/10\/empreendedores-de-jogos-e-biotecnologia-debatem-desafios-de-continuidade-e-diversidade-em-painel-do-sebrae-convida-na-35a-conferencia-anprotec\/","title":{"rendered":"Empreendedores de jogos e biotecnologia debatem desafios de continuidade e diversidade em painel do Sebrae Convida na 35\u00aa Confer\u00eancia Anprotec"},"content":{"rendered":"<div class=\"wp-block-image\">\n<div class=\"wp-block-image\"><img decoding=\"async\" loading=\"lazy\" class=\"wpa-warning wpa-image-missing-alt wp-image-58979 aligncenter\" src=\"https:\/\/anprotec.org.br\/site\/wp-content\/uploads\/2025\/10\/14.10-Painel-2_-300x200.jpg\" alt=\"\" width=\"659\" height=\"439\" data-warning=\"Missing alt text\" srcset=\"https:\/\/anprotec.org.br\/site\/wp-content\/uploads\/2025\/10\/14.10-Painel-2_-300x200.jpg 300w, https:\/\/anprotec.org.br\/site\/wp-content\/uploads\/2025\/10\/14.10-Painel-2_-768x512.jpg 768w, https:\/\/anprotec.org.br\/site\/wp-content\/uploads\/2025\/10\/14.10-Painel-2_-219x146.jpg 219w, https:\/\/anprotec.org.br\/site\/wp-content\/uploads\/2025\/10\/14.10-Painel-2_-50x33.jpg 50w, https:\/\/anprotec.org.br\/site\/wp-content\/uploads\/2025\/10\/14.10-Painel-2_-112x75.jpg 112w, https:\/\/anprotec.org.br\/site\/wp-content\/uploads\/2025\/10\/14.10-Painel-2_.jpg 1000w\" sizes=\"(max-width: 659px) 100vw, 659px\" \/><\/div>\n<\/div>\n<p><span style=\"font-weight: 400;\">\u00a0<\/span><\/p>\n<p><span style=\"font-weight: 400;\">Foz do Igua\u00e7u (PR), 14 de outubro de 2025 \u2013 O Painel do Sebrae Convida, &#8220;Jogos e Biotecnologia: Diversidade e Riqueza nos Ambientes de Inova\u00e7\u00e3o&#8221;, realizado nesta ter\u00e7a-feira (14), reuniu tr\u00eas empreendedores para discutir trajet\u00f3rias, desafios e conex\u00f5es entre setores emergentes. Moderado por Alain Debus, coordenador estadual de inova\u00e7\u00e3o do Sebrae Paran\u00e1, o painel integrou a programa\u00e7\u00e3o do segundo dia da 35\u00aa Confer\u00eancia Anprotec.<\/span><\/p>\n<p><span style=\"font-weight: 400;\">Marcus Vinicius Bezerra, coordenador do N\u00facleo de Inova\u00e7\u00e3o Territorial no Sebrae Nacional, contextualizou a iniciativa. &#8220;O objetivo do Sebrae Convida dentro da confer\u00eancia Anprotec \u00e9 aproximar os ambientes de inova\u00e7\u00e3o dos empreendedores&#8221;, afirmou. Segundo ele, pain\u00e9is com empreendedores permitem reflex\u00e3o sobre o fortalecimento dos ecossistemas. &#8220;Se a gente tem ambientes de inova\u00e7\u00e3o fortalecidos, n\u00f3s teremos automaticamente novos empreendedores.&#8221;<\/span><\/p>\n<p><span style=\"font-weight: 400;\">A primeira a falar foi Camila Storti, que iniciou sua trajet\u00f3ria via Sebrae no Sistema B, programa de mentoria a 100 startups no Sul do Brasil. CEO da Abissal Capitalismo Saud\u00e1vel e conselheira da Nanoterra, empresa de nanoativos sustent\u00e1veis, ela destacou programas como Catalisa e CETI como divisores de \u00e1gua. Mas apontou um problema cr\u00edtico: o que acontece depois da acelera\u00e7\u00e3o? &#8220;Como garantir continuidade com m\u00e9tricas de impacto socioambiental?&#8221;, indagou. Para Camila, a resposta est\u00e1 na gamifica\u00e7\u00e3o, que permite rastreabilidade e transpar\u00eancia em cadeias de valor. &#8220;A conex\u00e3o entre jogos e sustentabilidade \u00e9 total&#8221;, afirmou.<\/span><\/p>\n<p><span style=\"font-weight: 400;\">O debate seguiu com Ramon Wanderley, que compartilhou sua experi\u00eancia de incuba\u00e7\u00e3o desde 2017. CEO da Moonite Games, est\u00fadio de Recife com 5 milh\u00f5es de usu\u00e1rios globais, ele iniciou o neg\u00f3cio durante a gradua\u00e7\u00e3o e consolidou produtos como El Hero. A incuba\u00e7\u00e3o, segundo Ramon, abriu seus olhos para conceitos como Product Market Fit e planejamento financeiro. &#8220;Faltam editais espec\u00edficos para games, que ficam no meio do caminho entre arte e tecnologia, e apoio em comercializa\u00e7\u00e3o p\u00f3s-acelera\u00e7\u00e3o&#8221;, disse. Para ele, olhar games como meio, n\u00e3o como fim, abre portas para setores como sa\u00fade.<\/span><\/p>\n<p><span style=\"font-weight: 400;\">A perspectiva da pesquisa cient\u00edfica veio com Alana Vasconcelos, diretora e head de Pesquisa Cient\u00edfica da ADA Metaverse, hub de inova\u00e7\u00e3o na Universidade Tiradentes. O projeto j\u00e1 impactou 12 mil profissionais de sa\u00fade com simula\u00e7\u00f5es imersivas via intelig\u00eancia artificial e expande para educa\u00e7\u00e3o b\u00e1sica. Alana apontou a necessidade de estreitar la\u00e7os com institui\u00e7\u00f5es de pesquisa. &#8220;Hubs universit\u00e1rios como o Tiradentes Innovation Center s\u00e3o fundamentais&#8221;, destacou. O desafio, segundo ela, est\u00e1 em definir foco para aplica\u00e7\u00e3o de IA. &#8220;No nosso caso, simula\u00e7\u00f5es de sa\u00fade. Rastreabilidade via IA nos permite identificar oportunidades reais.&#8221;\u00a0<\/span><\/p>\n<p><span style=\"font-weight: 400;\">Nos recados finais, Ramon pediu apoio \u00e0 comercializa\u00e7\u00e3o inicial e p\u00f3s-acelera\u00e7\u00e3o em games. Camila enfatizou a import\u00e2ncia de come\u00e7ar pelo prop\u00f3sito, que sustenta a resili\u00eancia nas crises. Alana refor\u00e7ou que a transforma\u00e7\u00e3o humana move ecossistemas de inova\u00e7\u00e3o.<\/span><\/p>\n<p><b>Sobre a 35\u00aa Confer\u00eancia Anprotec<\/b><\/p>\n<p><span style=\"font-weight: 400;\">A 35\u00aa Confer\u00eancia Anprotec acontece de 13 a 16 de outubro de 2025, em Foz do Igua\u00e7u (PR), com o tema &#8220;Ecossistemas colaborativos e integrados \u00e0 inova\u00e7\u00e3o global&#8221;. O evento \u00e9 promovido pela Associa\u00e7\u00e3o Nacional de Entidades Promotoras de Empreendimentos Inovadores (Anprotec), em parceria com o Servi\u00e7o Brasileiro de Apoio \u00e0s Micro e Pequenas Empresas (Sebrae). A realiza\u00e7\u00e3o local \u00e9 do Sistema Estadual de Ambientes Promotores de Inova\u00e7\u00e3o do Paran\u00e1 (Separtec), da Funda\u00e7\u00e3o Arauc\u00e1ria, da Universidade Estadual do Oeste do Paran\u00e1 (Unioeste) e do Governo do Estado do Paran\u00e1.<\/span><\/p>\n","protected":false},"excerpt":{"rendered":"<p>\u00a0 Foz do Igua\u00e7u (PR), 14 de outubro de 2025<span class=\"excerpt-hellip\"> [\u2026]<\/span><\/p>\n","protected":false},"author":8,"featured_media":58979,"comment_status":"closed","ping_status":"closed","sticky":false,"template":"","format":"standard","meta":{"footnotes":"","_links_to":"","_links_to_target":""},"categories":[411,395,3],"tags":[],"calendar":[],"_links":{"self":[{"href":"https:\/\/anprotec.org.br\/site\/wp-json\/wp\/v2\/posts\/58936"}],"collection":[{"href":"https:\/\/anprotec.org.br\/site\/wp-json\/wp\/v2\/posts"}],"about":[{"href":"https:\/\/anprotec.org.br\/site\/wp-json\/wp\/v2\/types\/post"}],"author":[{"embeddable":true,"href":"https:\/\/anprotec.org.br\/site\/wp-json\/wp\/v2\/users\/8"}],"replies":[{"embeddable":true,"href":"https:\/\/anprotec.org.br\/site\/wp-json\/wp\/v2\/comments?post=58936"}],"version-history":[{"count":2,"href":"https:\/\/anprotec.org.br\/site\/wp-json\/wp\/v2\/posts\/58936\/revisions"}],"predecessor-version":[{"id":58981,"href":"https:\/\/anprotec.org.br\/site\/wp-json\/wp\/v2\/posts\/58936\/revisions\/58981"}],"wp:featuredmedia":[{"embeddable":true,"href":"https:\/\/anprotec.org.br\/site\/wp-json\/wp\/v2\/media\/58979"}],"wp:attachment":[{"href":"https:\/\/anprotec.org.br\/site\/wp-json\/wp\/v2\/media?parent=58936"}],"wp:term":[{"taxonomy":"category","embeddable":true,"href":"https:\/\/anprotec.org.br\/site\/wp-json\/wp\/v2\/categories?post=58936"},{"taxonomy":"post_tag","embeddable":true,"href":"https:\/\/anprotec.org.br\/site\/wp-json\/wp\/v2\/tags?post=58936"},{"taxonomy":"calendar","embeddable":true,"href":"https:\/\/anprotec.org.br\/site\/wp-json\/wp\/v2\/calendar?post=58936"}],"curies":[{"name":"wp","href":"https:\/\/api.w.org\/{rel}","templated":true}]}}