{"id":58929,"date":"2025-10-14T11:08:52","date_gmt":"2025-10-14T14:08:52","guid":{"rendered":"https:\/\/anprotec.org.br\/site\/?p=58929"},"modified":"2025-10-22T13:53:21","modified_gmt":"2025-10-22T16:53:21","slug":"oficina-da-35a-conferencia-anprotec-projeta-cenarios-de-2030-para-incubadoras-e-parques-tecnologicos-do-brasil","status":"publish","type":"post","link":"https:\/\/anprotec.org.br\/site\/2025\/10\/oficina-da-35a-conferencia-anprotec-projeta-cenarios-de-2030-para-incubadoras-e-parques-tecnologicos-do-brasil\/","title":{"rendered":"Oficina da 35\u00aa Confer\u00eancia Anprotec projeta cen\u00e1rios de 2030 para incubadoras e parques tecnol\u00f3gicos do Brasil"},"content":{"rendered":"<div class=\"wp-block-image\"><\/div>\n<div class=\"wp-block-image\"><\/div>\n<div class=\"wp-block-image\"><img decoding=\"async\" loading=\"lazy\" class=\"wpa-warning wpa-image-missing-alt wp-image-58932 size-full aligncenter\" src=\"https:\/\/anprotec.org.br\/site\/wp-content\/uploads\/2025\/10\/14.10-Oficina_-e1760537245631.jpg\" alt=\"\" width=\"700\" height=\"467\" data-warning=\"Missing alt text\" \/><\/div>\n<p>&nbsp;<\/p>\n<p><span style=\"font-weight: 400;\">Foz do Igua\u00e7u (PR), 14 de outubro de 2025 \u2013 Gestores de ambientes de inova\u00e7\u00e3o, empreendedores e l\u00edderes de ecossistemas reuniram-se nesta ter\u00e7a-feira (14) em oficina l\u00fadica e interativa que prop\u00f4s projetar o futuro das incubadoras, aceleradoras e parques tecnol\u00f3gicos brasileiros. Promovida pelo Sebrae Nacional no segundo dia da 35\u00aa Confer\u00eancia Anprotec, a atividade combinou imers\u00e3o hist\u00f3rica e constru\u00e7\u00e3o colaborativa de cen\u00e1rios para 2030, questionando pr\u00e1ticas consolidadas que podem se tornar obsoletas nos pr\u00f3ximos anos.<\/span><\/p>\n<p><span style=\"font-weight: 400;\">A abertura da sess\u00e3o ficou a cargo de Marcus Vin\u00edcius Bezerra, coordenador de Inova\u00e7\u00e3o do Sebrae Nacional, que lembrou a acelera\u00e7\u00e3o das transforma\u00e7\u00f5es globais. Segundo ele, futuristas afirmam que um ano hoje equivale a cinco anos do passado, o que torna a proje\u00e7\u00e3o para 2030 equivalente a horizontes muito mais distantes. A provoca\u00e7\u00e3o aos gestores presentes foi direta: as institui\u00e7\u00f5es de apoio trabalham focadas nas dores reais dos empreendedores ou apenas oferecem o que est\u00e1 dispon\u00edvel na prateleira?<\/span><\/p>\n<p><span style=\"font-weight: 400;\">A condu\u00e7\u00e3o da oficina coube a Jo\u00e3o Ramos, s\u00f3cio fundador da BS Project, hub de inova\u00e7\u00e3o criativa criado em 2017 em Porto Alegre (RS) e hoje presente em Curitiba, Bras\u00edlia e outras regi\u00f5es. Ramos estruturou a experi\u00eancia em tr\u00eas etapas: volta ao passado, an\u00e1lise do presente e proje\u00e7\u00e3o do futuro. A proposta foi fazer um exerc\u00edcio pr\u00e1tico e l\u00fadico de imaginar como os ambientes de inova\u00e7\u00e3o v\u00e3o funcionar daqui a 5, 10, 15 anos, gerando um documento com orienta\u00e7\u00f5es pr\u00e1ticas para gestores de todo o pa\u00eds.<\/span><\/p>\n<p><b>Metodologia imersiva<\/b><\/p>\n<p><span style=\"font-weight: 400;\">A primeira etapa consistiu em uma viagem no tempo. Um t\u00fanel montado no corredor da sala exibiu objetos que marcaram \u00e9pocas: m\u00e1quinas de escrever, telefones fixos, discos de vinil, fitas VHS. A imers\u00e3o serviu para despertar mem\u00f3rias de tecnologias que representaram o m\u00e1ximo do desenvolvimento e hoje s\u00e3o pe\u00e7as de museu. A provoca\u00e7\u00e3o lan\u00e7ada ao grupo foi: o que fazemos hoje sem questionar, mas que daqui a cinco anos parecer\u00e1 absurdo?<\/span><\/p>\n<div class=\"wp-block-image\"><img decoding=\"async\" loading=\"lazy\" class=\"wpa-warning wpa-image-missing-alt wp-image-58931 size-full aligncenter\" src=\"https:\/\/anprotec.org.br\/site\/wp-content\/uploads\/2025\/10\/14.10-Oficina_-3-e1760537279973.jpg\" alt=\"\" width=\"500\" height=\"334\" data-warning=\"Missing alt text\" \/><\/div>\n<p><span style=\"font-weight: 400;\">Na etapa seguinte, os participantes foram desafiados a se posicionar mentalmente em 2030 e observar o presente com distanciamento cr\u00edtico. O exerc\u00edcio prop\u00f4s identificar pr\u00e1ticas, rituais e processos que, embora ainda aceitos nos ecossistemas de inova\u00e7\u00e3o, j\u00e1 apresentam sinais de obsolesc\u00eancia. Utilizando um canvas desenvolvido pela BS Project, os grupos mapearam quest\u00f5es centrais e concretas dos ambientes atuais, propondo substitui\u00e7\u00f5es alinhadas \u00e0s demandas emergentes de digitaliza\u00e7\u00e3o, intelig\u00eancia artificial e conectividade global.<\/span><\/p>\n<p><b>Plataformas em vez de estruturas f\u00edsicas<\/b><\/p>\n<p><span style=\"font-weight: 400;\">Entre as tend\u00eancias apontadas para o futuro dos ambientes de inova\u00e7\u00e3o, a desmaterializa\u00e7\u00e3o surgiu como movimento central. O futuro falar\u00e1 menos de estruturas f\u00edsicas e mais de plataformas, de l\u00f3gica de software, de modo de pensar, segundo Ramos. A perspectiva ser\u00e1 de digitaliza\u00e7\u00e3o e cria\u00e7\u00e3o de solu\u00e7\u00f5es para atacar dores reais no mercado, n\u00e3o de construir parques tecnol\u00f3gicos como se fossem empreendimentos imobili\u00e1rios.<\/span><\/p>\n<p><span style=\"font-weight: 400;\">Professor da Universidade Federal de Pernambuco (UFPE), Nelson Fernandes esteve entre os participantes e observou que os ambientes de inova\u00e7\u00e3o amadureceram muito nos \u00faltimos 20 anos, mas alertou que o caminho que trouxe os ecossistemas at\u00e9 aqui talvez n\u00e3o os leve para o futuro. &#8220;Ser\u00e1 que isso \u00e9 o certo? Todas as promessas que a gente constr\u00f3i em torno desses dispositivos t\u00eam trazido a transforma\u00e7\u00e3o necess\u00e1ria?&#8221;, questionou. A oficina, segundo ele, abriu espa\u00e7o para repensar configura\u00e7\u00f5es e reduzir impactos negativos como falta de diversidade e representatividade.<\/span><\/p>\n<p><span style=\"font-weight: 400;\">As contribui\u00e7\u00f5es coletadas durante a oficina ser\u00e3o processadas e organizadas em documento que ser\u00e1 divulgado posteriormente e fornecer\u00e1 direcionamentos pr\u00e1ticos para gestores de ambientes de inova\u00e7\u00e3o em todo o Brasil.<\/span><\/p>\n<p><b>Sobre a 35\u00aa Confer\u00eancia Anprotec<\/b><\/p>\n<p><span style=\"font-weight: 400;\">A 35\u00aa Confer\u00eancia Anprotec acontece de 13 a 16 de outubro de 2025, em Foz do Igua\u00e7u (PR), com o tema &#8220;Ecossistemas colaborativos e integrados \u00e0 inova\u00e7\u00e3o global&#8221;. O evento \u00e9 promovido pela Associa\u00e7\u00e3o Nacional de Entidades Promotoras de Empreendimentos Inovadores (Anprotec), em parceria com o Servi\u00e7o Brasileiro de Apoio \u00e0s Micro e Pequenas Empresas (Sebrae). A realiza\u00e7\u00e3o local \u00e9 do Sistema Estadual de Ambientes Promotores de Inova\u00e7\u00e3o do Paran\u00e1 (Separtec), da Funda\u00e7\u00e3o Arauc\u00e1ria, da Universidade Estadual do Oeste do Paran\u00e1 (Unioeste) e do Governo do Estado do Paran\u00e1.<\/span><\/p>\n","protected":false},"excerpt":{"rendered":"<p>&nbsp; Foz do Igua\u00e7u (PR), 14 de outubro de 2025<span class=\"excerpt-hellip\"> [\u2026]<\/span><\/p>\n","protected":false},"author":8,"featured_media":59478,"comment_status":"closed","ping_status":"closed","sticky":false,"template":"","format":"standard","meta":{"footnotes":"","_links_to":"","_links_to_target":""},"categories":[411,395,3],"tags":[],"calendar":[],"_links":{"self":[{"href":"https:\/\/anprotec.org.br\/site\/wp-json\/wp\/v2\/posts\/58929"}],"collection":[{"href":"https:\/\/anprotec.org.br\/site\/wp-json\/wp\/v2\/posts"}],"about":[{"href":"https:\/\/anprotec.org.br\/site\/wp-json\/wp\/v2\/types\/post"}],"author":[{"embeddable":true,"href":"https:\/\/anprotec.org.br\/site\/wp-json\/wp\/v2\/users\/8"}],"replies":[{"embeddable":true,"href":"https:\/\/anprotec.org.br\/site\/wp-json\/wp\/v2\/comments?post=58929"}],"version-history":[{"count":2,"href":"https:\/\/anprotec.org.br\/site\/wp-json\/wp\/v2\/posts\/58929\/revisions"}],"predecessor-version":[{"id":58935,"href":"https:\/\/anprotec.org.br\/site\/wp-json\/wp\/v2\/posts\/58929\/revisions\/58935"}],"wp:featuredmedia":[{"embeddable":true,"href":"https:\/\/anprotec.org.br\/site\/wp-json\/wp\/v2\/media\/59478"}],"wp:attachment":[{"href":"https:\/\/anprotec.org.br\/site\/wp-json\/wp\/v2\/media?parent=58929"}],"wp:term":[{"taxonomy":"category","embeddable":true,"href":"https:\/\/anprotec.org.br\/site\/wp-json\/wp\/v2\/categories?post=58929"},{"taxonomy":"post_tag","embeddable":true,"href":"https:\/\/anprotec.org.br\/site\/wp-json\/wp\/v2\/tags?post=58929"},{"taxonomy":"calendar","embeddable":true,"href":"https:\/\/anprotec.org.br\/site\/wp-json\/wp\/v2\/calendar?post=58929"}],"curies":[{"name":"wp","href":"https:\/\/api.w.org\/{rel}","templated":true}]}}