{"id":58875,"date":"2025-10-13T12:58:29","date_gmt":"2025-10-13T15:58:29","guid":{"rendered":"https:\/\/anprotec.org.br\/site\/?p=58875"},"modified":"2025-10-22T13:01:57","modified_gmt":"2025-10-22T16:01:57","slug":"58875","status":"publish","type":"post","link":"https:\/\/anprotec.org.br\/site\/2025\/10\/58875\/","title":{"rendered":"Demo Day do Pr\u00eamio Nacional Anprotec de Empreendedorismo Inovador 2025 marca o primeiro dia da Confer\u00eancia Anprotec em Foz do Igua\u00e7u"},"content":{"rendered":"<div class=\"wp-block-image\">\n<div class=\"wp-block-image\">\n<div class=\"wp-block-image\"><img decoding=\"async\" loading=\"lazy\" class=\"wpa-warning wpa-image-missing-alt wp-image-58876 aligncenter\" src=\"https:\/\/anprotec.org.br\/site\/wp-content\/uploads\/2025\/10\/b78TT2Ng-1-300x200.jpeg\" alt=\"\" width=\"683\" height=\"455\" data-warning=\"Missing alt text\" srcset=\"https:\/\/anprotec.org.br\/site\/wp-content\/uploads\/2025\/10\/b78TT2Ng-1-300x200.jpeg 300w, https:\/\/anprotec.org.br\/site\/wp-content\/uploads\/2025\/10\/b78TT2Ng-1-1024x683.jpeg 1024w, https:\/\/anprotec.org.br\/site\/wp-content\/uploads\/2025\/10\/b78TT2Ng-1-768x512.jpeg 768w, https:\/\/anprotec.org.br\/site\/wp-content\/uploads\/2025\/10\/b78TT2Ng-1-1536x1024.jpeg 1536w, https:\/\/anprotec.org.br\/site\/wp-content\/uploads\/2025\/10\/b78TT2Ng-1-219x146.jpeg 219w, https:\/\/anprotec.org.br\/site\/wp-content\/uploads\/2025\/10\/b78TT2Ng-1-50x33.jpeg 50w, https:\/\/anprotec.org.br\/site\/wp-content\/uploads\/2025\/10\/b78TT2Ng-1-112x75.jpeg 112w, https:\/\/anprotec.org.br\/site\/wp-content\/uploads\/2025\/10\/b78TT2Ng-1.jpeg 1600w\" sizes=\"(max-width: 683px) 100vw, 683px\" \/><\/div>\n<\/div>\n<\/div>\n<p><b>\u00a0<\/b><\/p>\n<p><b>Foz do Igua\u00e7u, 13 de outubro de 2025<\/b><span style=\"font-weight: 400;\"> \u2014\u00a0 <\/span><span style=\"font-weight: 400;\">O primeiro dia da <\/span><b>35\u00aa Confer\u00eancia Anprotec<\/b><span style=\"font-weight: 400;\">, realizada em <\/span><b>Foz do Igua\u00e7u (PR)<\/b><span style=\"font-weight: 400;\">, foi marcado pela energia e inspira\u00e7\u00e3o do <\/span><b>Demo Day do Pr\u00eamio Nacional Anprotec de Empreendedorismo Inovador 2025<\/b><span style=\"font-weight: 400;\">. A atividade reuniu os finalistas das cinco categorias do pr\u00eamio \u2014 Incubadora, Aceleradora, Hub de Inova\u00e7\u00e3o, Parque Tecnol\u00f3gico e Neg\u00f3cio de Impacto \u2014 em apresenta\u00e7\u00f5es que demonstraram o protagonismo dos <\/span><b>ambientes de inova\u00e7\u00e3o<\/b><span style=\"font-weight: 400;\"> na transforma\u00e7\u00e3o econ\u00f4mica, social e tecnol\u00f3gica do pa\u00eds.<\/span><\/p>\n<p><span style=\"font-weight: 400;\">Realizado na tarde desta segunda-feira (13\/10), o Demo Day trouxe ao palco iniciativas que representam o amadurecimento e a diversidade do ecossistema brasileiro de inova\u00e7\u00e3o. Os finalistas compartilharam seus resultados, impactos e boas pr\u00e1ticas em um ambiente de aprendizado coletivo e integra\u00e7\u00e3o entre institui\u00e7\u00f5es de diferentes regi\u00f5es do Brasil.<\/span><\/p>\n<p><span style=\"font-weight: 400;\">\u201cO Demo Day e o Pr\u00eamio Anprotec s\u00e3o momentos fundamentais da Confer\u00eancia, porque permitem reconhecer e compartilhar boas pr\u00e1ticas, exemplos inspiradores e hist\u00f3rias que fortalecem toda a rede de ambientes de inova\u00e7\u00e3o do pa\u00eds. Cada projeto apresentado reflete o compromisso dessas institui\u00e7\u00f5es com o desenvolvimento regional, a colabora\u00e7\u00e3o e o futuro sustent\u00e1vel do Brasil\u201d, destacou <\/span><b>Adriana Faria<\/b><span style=\"font-weight: 400;\">, presidente da Anprotec.<\/span><\/p>\n<p>&nbsp;<\/p>\n<div class=\"wp-block-image\"><img decoding=\"async\" loading=\"lazy\" class=\"wpa-warning wpa-image-missing-alt wp-image-58877 aligncenter\" src=\"https:\/\/anprotec.org.br\/site\/wp-content\/uploads\/2025\/10\/J8ZJ8rGA-300x200.jpeg\" alt=\"\" width=\"671\" height=\"447\" data-warning=\"Missing alt text\" srcset=\"https:\/\/anprotec.org.br\/site\/wp-content\/uploads\/2025\/10\/J8ZJ8rGA-300x200.jpeg 300w, https:\/\/anprotec.org.br\/site\/wp-content\/uploads\/2025\/10\/J8ZJ8rGA-1024x683.jpeg 1024w, https:\/\/anprotec.org.br\/site\/wp-content\/uploads\/2025\/10\/J8ZJ8rGA-768x512.jpeg 768w, https:\/\/anprotec.org.br\/site\/wp-content\/uploads\/2025\/10\/J8ZJ8rGA-1536x1024.jpeg 1536w, https:\/\/anprotec.org.br\/site\/wp-content\/uploads\/2025\/10\/J8ZJ8rGA-219x146.jpeg 219w, https:\/\/anprotec.org.br\/site\/wp-content\/uploads\/2025\/10\/J8ZJ8rGA-50x33.jpeg 50w, https:\/\/anprotec.org.br\/site\/wp-content\/uploads\/2025\/10\/J8ZJ8rGA-112x75.jpeg 112w, https:\/\/anprotec.org.br\/site\/wp-content\/uploads\/2025\/10\/J8ZJ8rGA.jpeg 1600w\" sizes=\"(max-width: 671px) 100vw, 671px\" \/><\/div>\n<p><span style=\"font-weight: 400;\">\u00a0<\/span><\/p>\n<p><span style=\"font-weight: 400;\">A atividade contou com duas bancas de avalia\u00e7\u00e3o compostas por especialistas e gestores de diferentes \u00e1reas do ecossistema nacional de inova\u00e7\u00e3o, que contribu\u00edram com an\u00e1lises t\u00e9cnicas e estrat\u00e9gicas sobre as candidaturas apresentadas.<\/span><\/p>\n<p><span style=\"font-weight: 400;\">A <\/span><b>Banca 01<\/b><span style=\"font-weight: 400;\">, respons\u00e1vel pelas categorias <\/span><b>Incubadora, Aceleradora e Neg\u00f3cio de Impacto<\/b><span style=\"font-weight: 400;\">, foi composta por:<\/span><\/p>\n<ul>\n<li style=\"font-weight: 400;\" aria-level=\"1\"><b>Cristiane Maria da Silva Abreu<\/b><span style=\"font-weight: 400;\"> \u2013 FINEP<\/span><\/li>\n<li style=\"font-weight: 400;\" aria-level=\"1\"><b>Tabatha Benitz<\/b><span style=\"font-weight: 400;\"> \u2013 Instituto Mamirau\u00e1<\/span><\/li>\n<li style=\"font-weight: 400;\" aria-level=\"1\"><b>Marcela Paes<\/b><span style=\"font-weight: 400;\"> \u2013 SETEC\/MEC<\/span><\/li>\n<li style=\"font-weight: 400;\" aria-level=\"1\"><b>Fl\u00e1via Plutarco<\/b><span style=\"font-weight: 400;\"> \u2013 Departamento de Extens\u00e3o Acad\u00eamica e Incubadoras, Reitoria \u2013 IFCE<\/span><\/li>\n<li style=\"font-weight: 400;\" aria-level=\"1\"><b>Roberto Guerra<\/b><span style=\"font-weight: 400;\"> \u2013 Parque Tecnol\u00f3gico e Cient\u00edfico (Parque.TeC) da UFPE<\/span><\/li>\n<\/ul>\n<p><span style=\"font-weight: 400;\">A <\/span><b>Banca 02<\/b><span style=\"font-weight: 400;\">, que avaliou as categorias <\/span><b>Parque Tecnol\u00f3gico e Hub de Inova\u00e7\u00e3o<\/b><span style=\"font-weight: 400;\">, reuniu:<\/span><\/p>\n<ul>\n<li style=\"font-weight: 400;\" aria-level=\"1\"><b>Andr\u00e9 Castro<\/b><span style=\"font-weight: 400;\"> \u2013 Superintendente da \u00c1rea de Pesquisa Aplicada e Desenvolvimento Tecnol\u00f3gico (APDT)<\/span><\/li>\n<li style=\"font-weight: 400;\" aria-level=\"1\"><b>P\u00fablio Vieira Valadares Ribeiro<\/b><span style=\"font-weight: 400;\"> \u2013 Coordenador-Geral de Ambientes Inovadores e Startups \u2013 MCTI<\/span><\/li>\n<li style=\"font-weight: 400;\" aria-level=\"1\"><b>Camila Aloi<\/b><span style=\"font-weight: 400;\"> \u2013 Instituto de Cidadania Empresarial (ICE)<\/span><\/li>\n<li style=\"font-weight: 400;\" aria-level=\"1\"><b>Matheus Queiroz<\/b><span style=\"font-weight: 400;\"> \u2013 Sebrae Nacional<\/span><\/li>\n<li style=\"font-weight: 400;\" aria-level=\"1\"><b>Mariana Gomes<\/b><span style=\"font-weight: 400;\"> \u2013 Parque Tecnol\u00f3gico S\u00e3o Jos\u00e9 dos Campos<\/span><\/li>\n<\/ul>\n<p><span style=\"font-weight: 400;\">A Anprotec agradece aos avaliadores pela dedica\u00e7\u00e3o, pelo olhar t\u00e9cnico e pela contribui\u00e7\u00e3o essencial na sele\u00e7\u00e3o das iniciativas finalistas e vencedoras, fortalecendo o prop\u00f3sito do pr\u00eamio de reconhecer e inspirar a excel\u00eancia nos ambientes de inova\u00e7\u00e3o brasileiros.<\/span><\/p>\n<p><span style=\"font-weight: 400;\">Confira os <\/span><b>finalistas do Pr\u00eamio Nacional Anprotec de Empreendedorismo Inovador 2025<\/b><span style=\"font-weight: 400;\">:<\/span><\/p>\n<p><b>Incubadora de Empresas \u2013 Trof\u00e9u Adelino Medeiros<\/b><\/p>\n<p><span style=\"font-weight: 400;\">Reconhecimento de programas que fortalecem o empreendedorismo inovador por meio da incuba\u00e7\u00e3o, com pr\u00e1ticas relevantes e impacto regional.<\/span><\/p>\n<ul>\n<li style=\"font-weight: 400;\" aria-level=\"1\"><b>INCIT \u2013 Incubadora de Empresas de Base Tecnol\u00f3gica de Itajub\u00e1<\/b><\/li>\n<li style=\"font-weight: 400;\" aria-level=\"1\"><b>Centro Incubador Tecnol\u00f3gico \u2013 FUNDETEC<\/b><\/li>\n<li style=\"font-weight: 400;\" aria-level=\"1\"><b>Incubadora de Empresas de Base Tecnol\u00f3gica CenTev\/UFV<\/b><\/li>\n<\/ul>\n<p><b>Aceleradora \u2013 Trof\u00e9u Lynaldo Cavalcanti<\/b><\/p>\n<p><span style=\"font-weight: 400;\">Premia\u00e7\u00e3o para iniciativas que alavancam startups por meio de acelera\u00e7\u00e3o estruturada, com impacto econ\u00f4mico e integra\u00e7\u00e3o com mercados e investidores.<\/span><\/p>\n<ul>\n<li style=\"font-weight: 400;\" aria-level=\"1\"><b>Hub de Inova\u00e7\u00e3o Multifuncional do BH-TEC<\/b><\/li>\n<li style=\"font-weight: 400;\" aria-level=\"1\"><b>Getin Aceleradora \u2013 Gest\u00e3o Empresarial, Tecnologia e Inova\u00e7\u00e3o LTDA<\/b><\/li>\n<li style=\"font-weight: 400;\" aria-level=\"1\"><b>Ventiur Investimentos em Novos Neg\u00f3cios S.A<\/b><\/li>\n<\/ul>\n<p><b>Hub de Inova\u00e7\u00e3o \u2013 Trof\u00e9u Cristiano Becker<\/b><\/p>\n<p><span style=\"font-weight: 400;\">Reconhecimento para ambientes que promovem conex\u00f5es estrat\u00e9gicas entre startups, empresas e institui\u00e7\u00f5es, gerando sinergias para o desenvolvimento tecnol\u00f3gico.<\/span><\/p>\n<ul>\n<li style=\"font-weight: 400;\" aria-level=\"1\"><b>Biopark Educa\u00e7\u00e3o<\/b><\/li>\n<li style=\"font-weight: 400;\" aria-level=\"1\"><b>Tiradentes Innovation Center \u2013 TIC<\/b><\/li>\n<li style=\"font-weight: 400;\" aria-level=\"1\"><b>Unifor Hub<\/b><\/li>\n<\/ul>\n<p><b>Parque Cient\u00edfico e Tecnol\u00f3gico \u2013 Trof\u00e9u Telmo Silva Ara\u00fajo<\/b><\/p>\n<p><span style=\"font-weight: 400;\">Premia\u00e7\u00e3o para parques que fomentam a inova\u00e7\u00e3o e a competitividade, promovendo P&amp;D e atraindo investimentos com impacto socioecon\u00f4mico.<\/span><\/p>\n<ul>\n<li style=\"font-weight: 400;\" aria-level=\"1\"><b>Pollen Parque Cient\u00edfico e Tecnol\u00f3gico \u2013 Fundeste<\/b><\/li>\n<li style=\"font-weight: 400;\" aria-level=\"1\"><b>Parque Tecnol\u00f3gico S\u00e3o Leopoldo \u2013 Tecnosinos<\/b><\/li>\n<li style=\"font-weight: 400;\" aria-level=\"1\"><b>Parque Cient\u00edfico e Tecnol\u00f3gico da PUCRS \u2013 TECNOPUC<\/b><\/li>\n<\/ul>\n<p><b>Neg\u00f3cios de Impacto \u2013 Trof\u00e9u Carlos Eduardo Negr\u00e3o Bizzotto<\/b><\/p>\n<p><span style=\"font-weight: 400;\">Destinado a empresas incubadas, aceleradas ou residentes em ambientes associados \u00e0 Anprotec, que desenvolvem solu\u00e7\u00f5es alinhadas aos Objetivos de Desenvolvimento Sustent\u00e1vel (ODS) e geram impacto positivo na comunidade.<\/span><\/p>\n<ul>\n<li style=\"font-weight: 400;\" aria-level=\"1\"><b>Biozer da Amaz\u00f4nia Ind\u00fastria e Com\u00e9rcio de Cosm\u00e9ticos e Fitoter\u00e1picos Ltda<\/b><\/li>\n<li style=\"font-weight: 400;\" aria-level=\"1\"><b>Ver-TI Mobilidade Urbana LTDA<\/b><\/li>\n<li style=\"font-weight: 400;\" aria-level=\"1\"><b>Govtech Lab Tecnologia e Inova\u00e7\u00e3o LTDA<\/b><\/li>\n<\/ul>\n<p><span style=\"font-weight: 400;\">Os vencedores ser\u00e3o anunciados no dia <\/span><b>15 de outubro<\/b><span style=\"font-weight: 400;\">, durante o <\/span><b>Jantar de Encerramento da Confer\u00eancia Anprotec 2025<\/b><span style=\"font-weight: 400;\">, promovido pelo <\/span><b>Governo do Paran\u00e1<\/b><span style=\"font-weight: 400;\">.<\/span><\/p>\n<p><span style=\"font-weight: 400;\">A 35\u00aa Confer\u00eancia Anprotec acontece de 13 a 16 de outubro de 2025, em Foz do Igua\u00e7u (PR), com o tema &#8220;Ecossistemas colaborativos e integrados \u00e0 inova\u00e7\u00e3o global&#8221;. O evento \u00e9 promovido pela Associa\u00e7\u00e3o Nacional de Entidades Promotoras de Empreendimentos Inovadores (Anprotec), em parceria com o Servi\u00e7o Brasileiro de Apoio \u00e0s Micro e Pequenas Empresas (Sebrae). A realiza\u00e7\u00e3o local \u00e9 do Sistema Estadual de Ambientes Promotores de Inova\u00e7\u00e3o do Paran\u00e1 (Separtec), da Funda\u00e7\u00e3o Arauc\u00e1ria, da Universidade Estadual do Oeste do Paran\u00e1 (Unioeste) e do Governo do Estado do Paran\u00e1.<\/span><\/p>\n","protected":false},"excerpt":{"rendered":"<p>\u00a0 Foz do Igua\u00e7u, 13 de outubro de 2025 \u2014\u00a0<span class=\"excerpt-hellip\"> [\u2026]<\/span><\/p>\n","protected":false},"author":8,"featured_media":58876,"comment_status":"closed","ping_status":"closed","sticky":false,"template":"","format":"standard","meta":{"footnotes":"","_links_to":"","_links_to_target":""},"categories":[411,395,3],"tags":[],"calendar":[],"_links":{"self":[{"href":"https:\/\/anprotec.org.br\/site\/wp-json\/wp\/v2\/posts\/58875"}],"collection":[{"href":"https:\/\/anprotec.org.br\/site\/wp-json\/wp\/v2\/posts"}],"about":[{"href":"https:\/\/anprotec.org.br\/site\/wp-json\/wp\/v2\/types\/post"}],"author":[{"embeddable":true,"href":"https:\/\/anprotec.org.br\/site\/wp-json\/wp\/v2\/users\/8"}],"replies":[{"embeddable":true,"href":"https:\/\/anprotec.org.br\/site\/wp-json\/wp\/v2\/comments?post=58875"}],"version-history":[{"count":2,"href":"https:\/\/anprotec.org.br\/site\/wp-json\/wp\/v2\/posts\/58875\/revisions"}],"predecessor-version":[{"id":58881,"href":"https:\/\/anprotec.org.br\/site\/wp-json\/wp\/v2\/posts\/58875\/revisions\/58881"}],"wp:featuredmedia":[{"embeddable":true,"href":"https:\/\/anprotec.org.br\/site\/wp-json\/wp\/v2\/media\/58876"}],"wp:attachment":[{"href":"https:\/\/anprotec.org.br\/site\/wp-json\/wp\/v2\/media?parent=58875"}],"wp:term":[{"taxonomy":"category","embeddable":true,"href":"https:\/\/anprotec.org.br\/site\/wp-json\/wp\/v2\/categories?post=58875"},{"taxonomy":"post_tag","embeddable":true,"href":"https:\/\/anprotec.org.br\/site\/wp-json\/wp\/v2\/tags?post=58875"},{"taxonomy":"calendar","embeddable":true,"href":"https:\/\/anprotec.org.br\/site\/wp-json\/wp\/v2\/calendar?post=58875"}],"curies":[{"name":"wp","href":"https:\/\/api.w.org\/{rel}","templated":true}]}}