{"id":58842,"date":"2025-10-13T10:47:40","date_gmt":"2025-10-13T13:47:40","guid":{"rendered":"https:\/\/anprotec.org.br\/site\/?p=58842"},"modified":"2025-10-22T13:01:19","modified_gmt":"2025-10-22T16:01:19","slug":"foz-do-iguacu-pr-13-de-outubro-de-2025-com-um-auditorio-lotado-e-mais-de-1-050-participantes-inscritos-numero-recorde-em-suas-35-edicoes-a-conferencia-anprotec-2025-foi-oficialmente-ina","status":"publish","type":"post","link":"https:\/\/anprotec.org.br\/site\/2025\/10\/foz-do-iguacu-pr-13-de-outubro-de-2025-com-um-auditorio-lotado-e-mais-de-1-050-participantes-inscritos-numero-recorde-em-suas-35-edicoes-a-conferencia-anprotec-2025-foi-oficialmente-ina\/","title":{"rendered":"Confer\u00eancia Anprotec 2025 \u00e9 aberta em Foz do Igua\u00e7u com recorde de p\u00fablico e destaque para o ecossistema de inova\u00e7\u00e3o do Paran\u00e1"},"content":{"rendered":"<div class=\"wp-block-image\">\n<div class=\"wp-block-image\"><img decoding=\"async\" loading=\"lazy\" class=\"wpa-warning wpa-image-missing-alt wp-image-58847 aligncenter\" src=\"https:\/\/anprotec.org.br\/site\/wp-content\/uploads\/2025\/10\/13.10-Abertura-22-300x200.jpg\" alt=\"\" width=\"620\" height=\"413\" data-warning=\"Missing alt text\" srcset=\"https:\/\/anprotec.org.br\/site\/wp-content\/uploads\/2025\/10\/13.10-Abertura-22-300x200.jpg 300w, https:\/\/anprotec.org.br\/site\/wp-content\/uploads\/2025\/10\/13.10-Abertura-22-768x512.jpg 768w, https:\/\/anprotec.org.br\/site\/wp-content\/uploads\/2025\/10\/13.10-Abertura-22-219x146.jpg 219w, https:\/\/anprotec.org.br\/site\/wp-content\/uploads\/2025\/10\/13.10-Abertura-22-50x33.jpg 50w, https:\/\/anprotec.org.br\/site\/wp-content\/uploads\/2025\/10\/13.10-Abertura-22-112x75.jpg 112w, https:\/\/anprotec.org.br\/site\/wp-content\/uploads\/2025\/10\/13.10-Abertura-22.jpg 1000w\" sizes=\"(max-width: 620px) 100vw, 620px\" \/><\/div>\n<\/div>\n<p><span style=\"font-weight: 400;\">\u00a0<\/span><\/p>\n<p><span style=\"font-weight: 400;\">Foz do Igua\u00e7u (PR), 13 de outubro de 2025 \u2013 Com um audit\u00f3rio lotado e mais de 1.050 participantes inscritos, n\u00famero recorde em suas 35 edi\u00e7\u00f5es, a Confer\u00eancia Anprotec 2025 foi oficialmente inaugurada na noite desta segunda-feira (13), no Rafain Palace Hotel &amp; Convention. Realizada pela primeira vez na regi\u00e3o Oeste do Paran\u00e1, a confer\u00eancia re\u00fane, at\u00e9 o dia 16 de outubro, representantes de parques tecnol\u00f3gicos, incubadoras, aceleradoras, universidades, empresas e governos de todo o pa\u00eds, sob o tema \u201cEcossistemas colaborativos e integrados \u00e0 inova\u00e7\u00e3o global\u201d.<\/span><\/p>\n<p><span style=\"font-weight: 400;\">A cerim\u00f4nia de abertura contou com a presen\u00e7a de autoridades nacionais e estaduais que ressaltaram o papel estrat\u00e9gico do Paran\u00e1 no cen\u00e1rio brasileiro de ci\u00eancia, tecnologia e inova\u00e7\u00e3o, celebrando as parcerias entre governos, universidades e setor privado como motor do desenvolvimento nacional. O evento \u00e9 promovido pela Anprotec e pelo Sebrae, em parceria com o Sistema Estadual de Ambientes Promotores de Inova\u00e7\u00e3o do Paran\u00e1 (Separtec), a Funda\u00e7\u00e3o Arauc\u00e1ria, a Unioeste e o Governo do Estado do Paran\u00e1.<\/span><\/p>\n<p><b>Boas-vindas e parcerias institucionais<\/b><\/p>\n<p><span style=\"font-weight: 400;\">As boas-vindas foram dadas por Victor Donaduzzi, presidente do Igua\u00e7u Valley, ecossistema regional que integra 54 munic\u00edpios do Oeste do Paran\u00e1. Donaduzzi saudou os participantes afirmando que a regi\u00e3o \u00e9 \u201cuma das mais pujantes do pa\u00eds\u201d e que \u201ca inova\u00e7\u00e3o \u00e9 o motor desse desenvolvimento\u201d.<\/span><\/p>\n<p><span style=\"font-weight: 400;\">A parceria hist\u00f3rica entre Sebrae e Anprotec foi lembrada em mensagem de v\u00eddeo por Bruno Quick, diretor do Sebrae Nacional, que definiu a rela\u00e7\u00e3o como \u201cuma alian\u00e7a duradoura voltada a fortalecer e tornar mais coesos, interativos e din\u00e2micos os ecossistemas de inova\u00e7\u00e3o\u201d. Em seguida, C\u00e9sar Reinaldo Rissete, diretor t\u00e9cnico do Sebrae Paran\u00e1, destacou a longevidade e a relev\u00e2ncia da associa\u00e7\u00e3o. \u201cChegar aos 35 anos n\u00e3o \u00e9 simples. Exige muito empenho, muitas parcerias e inova\u00e7\u00e3o\u201d, afirmou.<\/span><\/p>\n<p><span style=\"font-weight: 400;\">Guilherme Coutinho Calheiros, diretor de Planejamento e Gest\u00e3o da Embrapii, ressaltou o papel de lideran\u00e7a da Anprotec na articula\u00e7\u00e3o dos ambientes de inova\u00e7\u00e3o no Brasil. J\u00e1 Andr\u00e9 Castro, superintendente da \u00c1rea de Pesquisa Aplicada e Desenvolvimento Tecnol\u00f3gico da Finep, destacou os investimentos recentes na infraestrutura de pesquisa e empreendedorismo inovador: \u201cA Finep investiu, nos \u00faltimos quatro anos, 646 milh\u00f5es de reais em parques tecnol\u00f3gicos. Nos \u00faltimos dez anos, foram mais de um bilh\u00e3o e meio aplicados em parques, centros de inova\u00e7\u00e3o e startups\u201d.<\/span><\/p>\n<p>&nbsp;<\/p>\n<p><b>Protagonismo local e estadual<\/b><\/p>\n<p><span style=\"font-weight: 400;\">Representando o prefeito de Foz do Igua\u00e7u, Silvio Cunha, o secret\u00e1rio municipal de Inova\u00e7\u00e3o, Luiz Teixeira, afirmou que o munic\u00edpio vive um novo momento, com um ecossistema baseado em tecnologias emergentes. \u201cO prefeito implantou um modelo moderno, cuja base \u00e9 a intelig\u00eancia artificial, especialmente a intelig\u00eancia artificial ag\u00eantica, a classe de IA mais transformadora que temos\u201d, disse.<\/span><\/p>\n<p><span style=\"font-weight: 400;\">O vigor do movimento paranaense foi enfatizado por F\u00e1tima Pissarra, gerente de Pesquisa e Desenvolvimento da Funda\u00e7\u00e3o Arauc\u00e1ria, ao afirmar que \u201cnunca houve, no estado, um ambiente t\u00e3o prop\u00edcio \u00e0 ci\u00eancia e \u00e0 inova\u00e7\u00e3o\u201d. Ela destacou que o avan\u00e7o \u00e9 resultado de lideran\u00e7as comprometidas e de pol\u00edticas que estimulam e cobram resultados.<\/span><\/p>\n<p><span style=\"font-weight: 400;\">O reitor da Unioeste, professor Alexandre Almeida, refor\u00e7ou a integra\u00e7\u00e3o entre universidades, governo e setor produtivo, observando que \u201co Paran\u00e1 consolidou um verdadeiro sistema, no qual as institui\u00e7\u00f5es de ensino superior atuam de forma coordenada com o Estado para promover a inova\u00e7\u00e3o\u201d. A cria\u00e7\u00e3o do Separtec foi relembrada por Francisco de Assis Inocente, da Secretaria da Fazenda, que resumiu: \u201cPara inovar, n\u00f3s precisamos ousar. E nesse momento n\u00f3s ousamos\u201d.<\/span><\/p>\n<p>&nbsp;<\/p>\n<p><b>Paran\u00e1 vive uma revolu\u00e7\u00e3o em ci\u00eancia e tecnologia<\/b><\/p>\n<p><span style=\"font-weight: 400;\">O secret\u00e1rio de Inova\u00e7\u00e3o e Intelig\u00eancia Artificial, Alex Canziani, abriu sua fala citando o Padre Ant\u00f4nio Vieira: \u201cN\u00f3s somos o que fazemos. O que n\u00e3o se faz, n\u00e3o existe.\u201d Ele afirmou que o cumprimento das determina\u00e7\u00f5es constitucionais tem gerado uma verdadeira revolu\u00e7\u00e3o no estado. \u201cTemos tecnologia e infraestrutura, mas o maior ativo que possu\u00edmos s\u00e3o as pessoas que constroem, com talento e cora\u00e7\u00e3o, a inova\u00e7\u00e3o do Paran\u00e1 e do Brasil\u201d, disse.<\/span><\/p>\n<p><span style=\"font-weight: 400;\">Representando o governador Carlos Massa Ratinho J\u00fanior, o secret\u00e1rio de Estado da Ci\u00eancia, Tecnologia e Ensino Superior, Aldo Nelson Bona, refor\u00e7ou que o Paran\u00e1 vive atualmente o melhor momento de sua hist\u00f3ria em ci\u00eancia, tecnologia e inova\u00e7\u00e3o. Segundo ele, o Estado multiplicou por dez os recursos destinados \u00e0 \u00e1rea e saltou do sexto para o terceiro lugar no ranking nacional de inova\u00e7\u00e3o. \u201cTemos no Paran\u00e1 490 ambientes promotores de inova\u00e7\u00e3o credenciados junto ao Separtec. \u00c9 nesses ambientes que depositamos nossa esperan\u00e7a de construir uma sociedade do conhecimento\u201d, declarou.<\/span><\/p>\n<p><b>Compromisso federal com a inova\u00e7\u00e3o<\/b><\/p>\n<div class=\"wp-block-image\"><img decoding=\"async\" loading=\"lazy\" class=\"wpa-warning wpa-image-missing-alt wp-image-58845 aligncenter\" src=\"https:\/\/anprotec.org.br\/site\/wp-content\/uploads\/2025\/10\/13.10-Abertura-26-300x200.jpg\" alt=\"\" width=\"596\" height=\"397\" data-warning=\"Missing alt text\" srcset=\"https:\/\/anprotec.org.br\/site\/wp-content\/uploads\/2025\/10\/13.10-Abertura-26-300x200.jpg 300w, https:\/\/anprotec.org.br\/site\/wp-content\/uploads\/2025\/10\/13.10-Abertura-26-768x512.jpg 768w, https:\/\/anprotec.org.br\/site\/wp-content\/uploads\/2025\/10\/13.10-Abertura-26-219x146.jpg 219w, https:\/\/anprotec.org.br\/site\/wp-content\/uploads\/2025\/10\/13.10-Abertura-26-50x33.jpg 50w, https:\/\/anprotec.org.br\/site\/wp-content\/uploads\/2025\/10\/13.10-Abertura-26-112x75.jpg 112w, https:\/\/anprotec.org.br\/site\/wp-content\/uploads\/2025\/10\/13.10-Abertura-26.jpg 1000w\" sizes=\"(max-width: 596px) 100vw, 596px\" \/><\/div>\n<p><span style=\"font-weight: 400;\">\u00a0<\/span><\/p>\n<p><span style=\"font-weight: 400;\">Representando a ministra Luciana Santos e o presidente Luiz In\u00e1cio Lula da Silva, o secret\u00e1rio de Desenvolvimento Tecnol\u00f3gico e Inova\u00e7\u00e3o do MCTI, Daniel Gomes de Almeida Filho, destacou o compromisso do governo federal com o fortalecimento dos ambientes de inova\u00e7\u00e3o. \u201cA inova\u00e7\u00e3o passou a ocupar um espa\u00e7o central na agenda nacional e \u00e9 essencial para o crescimento do pa\u00eds\u201d, afirmou.<\/span><\/p>\n<p><span style=\"font-weight: 400;\">Segundo ele, os investimentos em ci\u00eancia, tecnologia e inova\u00e7\u00e3o cresceram seis vezes nos \u00faltimos tr\u00eas anos. \u201cA Finep investiu cerca de R$ 650 milh\u00f5es em parques tecnol\u00f3gicos apenas no \u00faltimo ano. A nova ind\u00fastria do Brasil precisa ter como base a produ\u00e7\u00e3o de conhecimento e a transforma\u00e7\u00e3o desse conhecimento em tecnologia e desenvolvimento sustent\u00e1vel\u201d, disse.<\/span><\/p>\n<p><b>Declara\u00e7\u00e3o de abertura e n\u00fameros hist\u00f3ricos<\/b><\/p>\n<div class=\"wp-block-image\"><img decoding=\"async\" loading=\"lazy\" class=\"wpa-warning wpa-image-missing-alt wp-image-58844 aligncenter\" src=\"https:\/\/anprotec.org.br\/site\/wp-content\/uploads\/2025\/10\/13.10-Abertura-10-1-300x200.jpg\" alt=\"\" width=\"584\" height=\"390\" data-warning=\"Missing alt text\" srcset=\"https:\/\/anprotec.org.br\/site\/wp-content\/uploads\/2025\/10\/13.10-Abertura-10-1-300x200.jpg 300w, https:\/\/anprotec.org.br\/site\/wp-content\/uploads\/2025\/10\/13.10-Abertura-10-1-768x512.jpg 768w, https:\/\/anprotec.org.br\/site\/wp-content\/uploads\/2025\/10\/13.10-Abertura-10-1-219x146.jpg 219w, https:\/\/anprotec.org.br\/site\/wp-content\/uploads\/2025\/10\/13.10-Abertura-10-1-50x33.jpg 50w, https:\/\/anprotec.org.br\/site\/wp-content\/uploads\/2025\/10\/13.10-Abertura-10-1-112x75.jpg 112w, https:\/\/anprotec.org.br\/site\/wp-content\/uploads\/2025\/10\/13.10-Abertura-10-1.jpg 1000w\" sizes=\"(max-width: 584px) 100vw, 584px\" \/><\/div>\n<p><span style=\"font-weight: 400;\">\u00a0<\/span><\/p>\n<p><span style=\"font-weight: 400;\">Encerrando a cerim\u00f4nia, a presidente da Anprotec, Adriana Ferreira de Faria, declarou oficialmente aberta a 35\u00aa Confer\u00eancia. Em um discurso emocionado, ela celebrou a presen\u00e7a recorde de p\u00fablico e a trajet\u00f3ria coletiva da associa\u00e7\u00e3o. \u201cQue alegria ter um audit\u00f3rio deste tamanho lotado. N\u00f3s somos uma tribo, andamos em bando. Isso \u00e9 muito emocionante\u201d, disse.<\/span><\/p>\n<p><span style=\"font-weight: 400;\">Adriana relembrou seus mais de 20 anos de participa\u00e7\u00e3o na Anprotec e destacou a dimens\u00e3o do ecossistema brasileiro: o pa\u00eds conta com 64 parques tecnol\u00f3gicos em opera\u00e7\u00e3o, 42 em implanta\u00e7\u00e3o, 7 em planejamento, 250 incubadoras e mais de 70 aceleradoras. \u201cTudo o que vivemos hoje em termos de pol\u00edticas de ci\u00eancia, tecnologia e inova\u00e7\u00e3o tem, de alguma forma, o DNA da Anprotec\u201d, afirmou.<\/span><\/p>\n<p><span style=\"font-weight: 400;\">A presidente tamb\u00e9m compartilhou os n\u00fameros recordes da edi\u00e7\u00e3o 2025: mais de 1.050 participantes, 200 trabalhos submetidos \u00e0 Chamada de Trabalhos e 15 finalistas no Pr\u00eamio Nacional de Empreendedorismo Inovador. \u201cIsso faz desta a maior confer\u00eancia j\u00e1 realizada pela Anprotec\u201d, observou.<\/span><\/p>\n<p><span style=\"font-weight: 400;\">Ao agradecer aos parceiros e apoiadores, Adriana destacou a import\u00e2ncia de manter o olhar voltado \u00e0 inova\u00e7\u00e3o e ao empreendedorismo de base tecnol\u00f3gica como caminho para o futuro. \u201cSem inova\u00e7\u00e3o e sem empreendedorismo de base tecnol\u00f3gica, n\u00e3o h\u00e1 desenvolvimento poss\u00edvel\u201d, afirmou. Em um clima de celebra\u00e7\u00e3o, convocou a equipe da Anprotec e os parceiros ao palco e encerrou sob aplausos: \u201cViva a inova\u00e7\u00e3o, viva o empreendedorismo, viva o Estado do Paran\u00e1!\u201d.<\/span><\/p>\n<p><b>Sobre a 35\u00aa Confer\u00eancia Anprotec\u00a0\u00a0<\/b><\/p>\n<p><span style=\"font-weight: 400;\">A 35\u00aa Confer\u00eancia Anprotec acontece de 13 a 16 de outubro de 2025, em Foz do Igua\u00e7u (PR), com o tema \u201cEcossistemas colaborativos e integrados \u00e0 inova\u00e7\u00e3o global\u201d. O evento \u00e9 promovido pela Associa\u00e7\u00e3o Nacional de Entidades Promotoras de Empreendimentos Inovadores (Anprotec), em parceria com o Servi\u00e7o Brasileiro de Apoio \u00e0s Micro e Pequenas Empresas (Sebrae). A realiza\u00e7\u00e3o local \u00e9 do Sistema Estadual de Ambientes Promotores de Inova\u00e7\u00e3o do Paran\u00e1 (Separtec), da Funda\u00e7\u00e3o Arauc\u00e1ria, da Universidade Estadual do Oeste do Paran\u00e1 (Unioeste) e do Governo do Estado do Paran\u00e1.\u00a0\u00a0<\/span><\/p>\n<p><span style=\"font-weight: 400;\">Navegue pelo site da<a href=\"https:\/\/anprotec.org.br\/conferencia2025\/\"> 35\u00aa Confer\u00eancia Anprotec<\/a> e confira a programa\u00e7\u00e3o completa.<\/span><\/p>\n","protected":false},"excerpt":{"rendered":"<p>\u00a0 Foz do Igua\u00e7u (PR), 13 de outubro de 2025<span class=\"excerpt-hellip\"> [\u2026]<\/span><\/p>\n","protected":false},"author":8,"featured_media":58846,"comment_status":"closed","ping_status":"closed","sticky":false,"template":"","format":"standard","meta":{"footnotes":"","_links_to":"","_links_to_target":""},"categories":[411,395,3,414],"tags":[],"calendar":[],"_links":{"self":[{"href":"https:\/\/anprotec.org.br\/site\/wp-json\/wp\/v2\/posts\/58842"}],"collection":[{"href":"https:\/\/anprotec.org.br\/site\/wp-json\/wp\/v2\/posts"}],"about":[{"href":"https:\/\/anprotec.org.br\/site\/wp-json\/wp\/v2\/types\/post"}],"author":[{"embeddable":true,"href":"https:\/\/anprotec.org.br\/site\/wp-json\/wp\/v2\/users\/8"}],"replies":[{"embeddable":true,"href":"https:\/\/anprotec.org.br\/site\/wp-json\/wp\/v2\/comments?post=58842"}],"version-history":[{"count":2,"href":"https:\/\/anprotec.org.br\/site\/wp-json\/wp\/v2\/posts\/58842\/revisions"}],"predecessor-version":[{"id":59429,"href":"https:\/\/anprotec.org.br\/site\/wp-json\/wp\/v2\/posts\/58842\/revisions\/59429"}],"wp:featuredmedia":[{"embeddable":true,"href":"https:\/\/anprotec.org.br\/site\/wp-json\/wp\/v2\/media\/58846"}],"wp:attachment":[{"href":"https:\/\/anprotec.org.br\/site\/wp-json\/wp\/v2\/media?parent=58842"}],"wp:term":[{"taxonomy":"category","embeddable":true,"href":"https:\/\/anprotec.org.br\/site\/wp-json\/wp\/v2\/categories?post=58842"},{"taxonomy":"post_tag","embeddable":true,"href":"https:\/\/anprotec.org.br\/site\/wp-json\/wp\/v2\/tags?post=58842"},{"taxonomy":"calendar","embeddable":true,"href":"https:\/\/anprotec.org.br\/site\/wp-json\/wp\/v2\/calendar?post=58842"}],"curies":[{"name":"wp","href":"https:\/\/api.w.org\/{rel}","templated":true}]}}