{"id":5865,"date":"2014-03-13T11:09:59","date_gmt":"2014-03-13T14:09:59","guid":{"rendered":"http:\/\/anprotec.org.br\/site\/?p=5865"},"modified":"2014-03-13T11:09:59","modified_gmt":"2014-03-13T14:09:59","slug":"incubadora-da-ueg-esta-com-edital-aberto","status":"publish","type":"post","link":"https:\/\/anprotec.org.br\/site\/2014\/03\/incubadora-da-ueg-esta-com-edital-aberto\/","title":{"rendered":"Incubadora da UEG est\u00e1 com edital aberto"},"content":{"rendered":"<p style=\"text-align: justify\"><img decoding=\"async\" loading=\"lazy\" class=\"alignleft size-thumbnail wp-image-1858\" alt=\"PROIN UEG\" src=\"https:\/\/anprotec.org.br\/site\/wp-content\/uploads\/2013\/03\/PROIN-UEG-270x160.jpg\" width=\"270\" height=\"160\" srcset=\"https:\/\/anprotec.org.br\/site\/wp-content\/uploads\/2013\/03\/PROIN-UEG-270x160.jpg 270w, https:\/\/anprotec.org.br\/site\/wp-content\/uploads\/2013\/03\/PROIN-UEG-300x178.jpg 300w, https:\/\/anprotec.org.br\/site\/wp-content\/uploads\/2013\/03\/PROIN-UEG.jpg 399w\" sizes=\"(max-width: 270px) 100vw, 270px\" \/>A Universidade Estadual de Goi\u00e1s (UEG), por meio da Pr\u00f3-Reitoria de Extens\u00e3o, Cultura e Assuntos Estudantis (PrE), abriu o processo seletivo para ingresso no Programa de Incubadoras da universidade (PROIN.UEG). Os interessados em participar devem apresentar suas propostas de acordo com as condi\u00e7\u00f5es estipuladas no <a href=\"http:\/\/www.proin.ueg.br\/downloads\/editalproin2014.pdf\" target=\"_blank\">edital<\/a>. As inscri\u00e7\u00f5es podem ser feitas neste <a href=\"http:\/\/docs.google.com\/forms\/d\/1G82Jl6JJzn_VWy1x-7p6N_upLzjAWB6BuHSL2AMLhlM\/viewform\" target=\"_blank\">link\u00a0<\/a>, at\u00e9 o dia 22 de abril.<\/p>\n<p style=\"text-align: justify\">Ser\u00e3o selecionadas propostas, com potencial inovador ou tecnol\u00f3gico para gerar neg\u00f3cios, de empreendedores, inventores e empresas para o processo de incuba\u00e7\u00e3o do PROIN.UEG. A incubadora de empresas de base tecnol\u00f3gica tem como objetivo apoiar a cria\u00e7\u00e3o, o incremento e a consolida\u00e7\u00e3o de empreendimentos (projeto ou empresa) inovadores, por meio de suporte ao desenvolvimento dos eixos: empreendedor, tecnol\u00f3gico, financeiro, mercado e de gest\u00e3o. S\u00e3o ofertadas duas vagas para Incuba\u00e7\u00e3o N\u00e3o Residente e seis vagas para Pr\u00e9-Incuba\u00e7\u00e3o.<\/p>\n<p style=\"text-align: justify\">S\u00e3o eleg\u00edveis propostas vi\u00e1veis apresentadas por pessoas f\u00edsicas ou jur\u00eddicas, individualmente ou em grupo, que possuam capacidade t\u00e9cnica para o desenvolvimento do projeto apresentado.<\/p>\n<p style=\"text-align: justify\">* Com informa\u00e7\u00f5es do PROIN.UEG<\/p>\n","protected":false},"excerpt":{"rendered":"<p><!--:pt-->Programa da Universidade Estadual de Goi\u00e1s ir\u00e1 selecionar duas propostas para incuba\u00e7\u00e3o n\u00e3o residente e seis, na modalidade de pr\u00e9-incuba\u00e7\u00e3o. Inscri\u00e7\u00f5es v\u00e3o at\u00e9 do dia 22 de abril. <!--:--><\/p>\n","protected":false},"author":8,"featured_media":1858,"comment_status":"open","ping_status":"open","sticky":false,"template":"","format":"standard","meta":{"footnotes":"","_links_to":"","_links_to_target":""},"categories":[3],"tags":[],"calendar":[],"_links":{"self":[{"href":"https:\/\/anprotec.org.br\/site\/wp-json\/wp\/v2\/posts\/5865"}],"collection":[{"href":"https:\/\/anprotec.org.br\/site\/wp-json\/wp\/v2\/posts"}],"about":[{"href":"https:\/\/anprotec.org.br\/site\/wp-json\/wp\/v2\/types\/post"}],"author":[{"embeddable":true,"href":"https:\/\/anprotec.org.br\/site\/wp-json\/wp\/v2\/users\/8"}],"replies":[{"embeddable":true,"href":"https:\/\/anprotec.org.br\/site\/wp-json\/wp\/v2\/comments?post=5865"}],"version-history":[{"count":1,"href":"https:\/\/anprotec.org.br\/site\/wp-json\/wp\/v2\/posts\/5865\/revisions"}],"predecessor-version":[{"id":5866,"href":"https:\/\/anprotec.org.br\/site\/wp-json\/wp\/v2\/posts\/5865\/revisions\/5866"}],"wp:featuredmedia":[{"embeddable":true,"href":"https:\/\/anprotec.org.br\/site\/wp-json\/wp\/v2\/media\/1858"}],"wp:attachment":[{"href":"https:\/\/anprotec.org.br\/site\/wp-json\/wp\/v2\/media?parent=5865"}],"wp:term":[{"taxonomy":"category","embeddable":true,"href":"https:\/\/anprotec.org.br\/site\/wp-json\/wp\/v2\/categories?post=5865"},{"taxonomy":"post_tag","embeddable":true,"href":"https:\/\/anprotec.org.br\/site\/wp-json\/wp\/v2\/tags?post=5865"},{"taxonomy":"calendar","embeddable":true,"href":"https:\/\/anprotec.org.br\/site\/wp-json\/wp\/v2\/calendar?post=5865"}],"curies":[{"name":"wp","href":"https:\/\/api.w.org\/{rel}","templated":true}]}}