{"id":5849,"date":"2014-03-12T15:45:27","date_gmt":"2014-03-12T18:45:27","guid":{"rendered":"http:\/\/anprotec.org.br\/site\/?p=5849"},"modified":"2014-03-12T15:59:41","modified_gmt":"2014-03-12T18:59:41","slug":"lancado-o-site-do-xxiv-seminario-nacional","status":"publish","type":"post","link":"https:\/\/anprotec.org.br\/site\/2014\/03\/lancado-o-site-do-xxiv-seminario-nacional\/","title":{"rendered":"Lan\u00e7ado o site do XXIV Semin\u00e1rio Nacional"},"content":{"rendered":"<p style=\"text-align: justify\"><img decoding=\"async\" loading=\"lazy\" class=\"alignleft size-thumbnail wp-image-5859\" alt=\"logo semin\u00e1rio 2014 - horizontal\" src=\"https:\/\/anprotec.org.br\/site\/wp-content\/uploads\/2014\/03\/logo-semin\u00e1rio-2014-horizontal3-270x160.jpg\" width=\"270\" height=\"160\" \/>O <a href=\"http:\/\/seminarionacional.com.br\/seminario2014\/\" target=\"_blank\">site <\/a>do XXIV Semin\u00e1rio Nacional de Parques Tecnol\u00f3gicos e Incubadoras de Empresas e XXII Workshop Anprotec j\u00e1 est\u00e1 dispon\u00edvel na internet. Al\u00e9m das primeiras informa\u00e7\u00f5es sobre o evento,\u00a0 \u00e9 poss\u00edvel acessar o <a href=\"http:\/\/www.triointerativa.com.br\/anprotec2014\/trabalhos\/\" target=\"_blank\">link<\/a> para o sistema de submiss\u00e3o de textos da <a href=\"http:\/\/www.anprotec.org.br\/site\/2014\/02\/chamada-de-trabalhos-para-o-xxiv-seminario-nacional\/\" target=\"_blank\">Chamada de Trabalhos<\/a>, lan\u00e7ada dia 14 de fevereiro no site da Anprotec. Os interessados em submeter artigos e relatos de experi\u00eancias para serem apresentados no evento t\u00eam at\u00e9 o dia 31 de mar\u00e7o para enviar o resumo.<\/p>\n<p style=\"text-align: justify\">Com o tema \u201cFronteiras do empreendedorismo inovador: novas conex\u00f5es para resultado\u201d, o evento ser\u00e1 realizado de 22 a 26 de setembro, em Bel\u00e9m (PA). O desafio proposto por esse tema \u00e9 buscar caminhos para que os ambientes de inova\u00e7\u00e3o ampliem suas conex\u00f5es com os setores p\u00fablico e privado, a fim de se tornarem mais aut\u00f4nomos e, assim, contribu\u00edrem ainda mais para o desenvolvimento sustent\u00e1vel das regi\u00f5es em que atuam. Por meio da articula\u00e7\u00e3o com diferentes atores, estendem-se as fronteiras do empreendedorismo inovador e alastram-se os impactos econ\u00f4micos e sociais decorrentes das atividades de incubadoras de empresas e parques tecnol\u00f3gicos. Nesse contexto, buscam-se novos parceiros, como entidades, grandes empresas e investidores, em escala nacional e internacional. Tudo isso ser\u00e1 debatido no evento.<\/p>\n<p style=\"text-align: justify\">\n","protected":false},"excerpt":{"rendered":"<p><!--:pt-->J\u00e1 \u00e9 poss\u00edvel acessar as primeiras informa\u00e7\u00f5es sobre o XXIV Semin\u00e1rio Nacional de Parques Tecnol\u00f3gicos e Incubadoras de Empresas e o link para submiss\u00e3o de textos da Chamada de Trabalhos. <!--:--><\/p>\n","protected":false},"author":8,"featured_media":5859,"comment_status":"open","ping_status":"open","sticky":false,"template":"","format":"standard","meta":{"footnotes":"","_links_to":"","_links_to_target":""},"categories":[3],"tags":[],"calendar":[],"_links":{"self":[{"href":"https:\/\/anprotec.org.br\/site\/wp-json\/wp\/v2\/posts\/5849"}],"collection":[{"href":"https:\/\/anprotec.org.br\/site\/wp-json\/wp\/v2\/posts"}],"about":[{"href":"https:\/\/anprotec.org.br\/site\/wp-json\/wp\/v2\/types\/post"}],"author":[{"embeddable":true,"href":"https:\/\/anprotec.org.br\/site\/wp-json\/wp\/v2\/users\/8"}],"replies":[{"embeddable":true,"href":"https:\/\/anprotec.org.br\/site\/wp-json\/wp\/v2\/comments?post=5849"}],"version-history":[{"count":6,"href":"https:\/\/anprotec.org.br\/site\/wp-json\/wp\/v2\/posts\/5849\/revisions"}],"predecessor-version":[{"id":5853,"href":"https:\/\/anprotec.org.br\/site\/wp-json\/wp\/v2\/posts\/5849\/revisions\/5853"}],"wp:featuredmedia":[{"embeddable":true,"href":"https:\/\/anprotec.org.br\/site\/wp-json\/wp\/v2\/media\/5859"}],"wp:attachment":[{"href":"https:\/\/anprotec.org.br\/site\/wp-json\/wp\/v2\/media?parent=5849"}],"wp:term":[{"taxonomy":"category","embeddable":true,"href":"https:\/\/anprotec.org.br\/site\/wp-json\/wp\/v2\/categories?post=5849"},{"taxonomy":"post_tag","embeddable":true,"href":"https:\/\/anprotec.org.br\/site\/wp-json\/wp\/v2\/tags?post=5849"},{"taxonomy":"calendar","embeddable":true,"href":"https:\/\/anprotec.org.br\/site\/wp-json\/wp\/v2\/calendar?post=5849"}],"curies":[{"name":"wp","href":"https:\/\/api.w.org\/{rel}","templated":true}]}}