{"id":58278,"date":"2025-09-30T10:10:49","date_gmt":"2025-09-30T13:10:49","guid":{"rendered":"https:\/\/anprotec.org.br\/site\/?p=58278"},"modified":"2025-09-30T10:10:49","modified_gmt":"2025-09-30T13:10:49","slug":"anprotec-convoca-associados-para-a-36a-assembleia-geral-ordinaria","status":"publish","type":"post","link":"https:\/\/anprotec.org.br\/site\/2025\/09\/anprotec-convoca-associados-para-a-36a-assembleia-geral-ordinaria\/","title":{"rendered":"Anprotec convoca associados para a 36\u00aa Assembleia Geral Ordin\u00e1ria"},"content":{"rendered":"<div class=\"wp-block-image\"><img decoding=\"async\" loading=\"lazy\" class=\"wpa-warning wpa-image-missing-alt  wp-image-58274 aligncenter\" src=\"https:\/\/anprotec.org.br\/site\/wp-content\/uploads\/2025\/09\/Logo-Anprotec-scaled-e1757708619993-1-300x196.jpg\" alt=\"\" width=\"586\" height=\"383\" data-warning=\"Missing alt text\" srcset=\"https:\/\/anprotec.org.br\/site\/wp-content\/uploads\/2025\/09\/Logo-Anprotec-scaled-e1757708619993-1-300x196.jpg 300w, https:\/\/anprotec.org.br\/site\/wp-content\/uploads\/2025\/09\/Logo-Anprotec-scaled-e1757708619993-1-223x146.jpg 223w, https:\/\/anprotec.org.br\/site\/wp-content\/uploads\/2025\/09\/Logo-Anprotec-scaled-e1757708619993-1-50x33.jpg 50w, https:\/\/anprotec.org.br\/site\/wp-content\/uploads\/2025\/09\/Logo-Anprotec-scaled-e1757708619993-1-115x75.jpg 115w, https:\/\/anprotec.org.br\/site\/wp-content\/uploads\/2025\/09\/Logo-Anprotec-scaled-e1757708619993-1.jpg 700w\" sizes=\"(max-width: 586px) 100vw, 586px\" \/><\/div>\n<p><span style=\"font-weight: 400;\">\u00a0<\/span><\/p>\n<p><span style=\"font-weight: 400;\">A Associa\u00e7\u00e3o Nacional de Entidades Promotoras de Empreendimentos Inovadores (Anprotec) realizar\u00e1, no dia 14 de outubro de 2025, a sua 36\u00aa Assembleia Geral Ordin\u00e1ria. O encontro acontecer\u00e1 em formato presencial, no Hotel Rafain Palace Convention, em Foz do Igua\u00e7u\/PR, a partir das 18h em primeira convoca\u00e7\u00e3o e \u00e0s 18h30 em segunda e \u00faltima convoca\u00e7\u00e3o.<\/span><\/p>\n<p><span style=\"font-weight: 400;\">A Assembleia ser\u00e1 realizada no segundo dia da 35\u00aa Confer\u00eancia Anprotec, que reunir\u00e1 representantes de todo o ecossistema de inova\u00e7\u00e3o nacional e internacional em Foz do Igua\u00e7u.<\/span><\/p>\n<p><span style=\"font-weight: 400;\">A Assembleia reunir\u00e1 os associados para deliberar sobre temas estrat\u00e9gicos para o fortalecimento institucional da Anprotec e do ecossistema de inova\u00e7\u00e3o brasileiro. Entre os assuntos pautados est\u00e3o:<\/span><\/p>\n<ol>\n<li style=\"font-weight: 400;\" aria-level=\"1\"><span style=\"font-weight: 400;\">Movimenta\u00e7\u00e3o de associados;<\/span><\/li>\n<li style=\"font-weight: 400;\" aria-level=\"1\"><span style=\"font-weight: 400;\">Defini\u00e7\u00e3o sobre os valores das taxas de anuidade da Anprotec para 2026;<\/span><\/li>\n<li style=\"font-weight: 400;\" aria-level=\"1\"><span style=\"font-weight: 400;\">Elei\u00e7\u00e3o da sede da Confer\u00eancia Anprotec 2026;<\/span><\/li>\n<li style=\"font-weight: 400;\" aria-level=\"1\"><span style=\"font-weight: 400;\">Outros temas de interesse dos associados.<\/span><\/li>\n<\/ol>\n<h3><b>Direito a voto<\/b><\/h3>\n<p><span style=\"font-weight: 400;\">Conforme previsto no Estatuto Social e no Regimento Interno Geral, ter\u00e3o direito a voto apenas os associados titulares adimplentes que tenham formalmente indicado seus representantes (titular e suplente).<\/span><\/p>\n<p><span style=\"font-weight: 400;\">Para exercer o voto, \u00e9 obrigat\u00f3rio o envio da Carta de Representa\u00e7\u00e3o preenchida, al\u00e9m da apresenta\u00e7\u00e3o de documento de identidade com foto. Caso o titular e o suplente n\u00e3o possam comparecer, o associado poder\u00e1 ser representado por procurador, mediante instrumento de mandato escrito com poderes espec\u00edficos, ou por representante legal devidamente comprovado.<\/span><\/p>\n<h3><b>Documentos obrigat\u00f3rios<\/b><\/h3>\n<ul>\n<li style=\"font-weight: 400;\" aria-level=\"1\"><a href=\"https:\/\/anprotec.org.br\/site\/wp-content\/uploads\/2025\/09\/Anprotec-Carta-de-Representacao-e-Modalidade-Modelo-rev-CAdv-10abr2025-3-9.docx\"><span style=\"font-weight: 400;\">Carta de Representa\u00e7\u00e3o<\/span><\/a><\/li>\n<li style=\"font-weight: 400;\" aria-level=\"1\"><a href=\"https:\/\/anprotec.org.br\/site\/wp-content\/uploads\/2025\/09\/Convocacao_36a-Assembleia-Geral-Ordinaria_Corrigida-assinado.pdf\"><span style=\"font-weight: 400;\">Convoca\u00e7\u00e3o Oficial<\/span><\/a><\/li>\n<\/ul>\n<p><span style=\"font-weight: 400;\">A participa\u00e7\u00e3o de todos os associados \u00e9 essencial para refor\u00e7ar a representatividade da Anprotec e contribuir para a tomada de decis\u00f5es que orientar\u00e3o os pr\u00f3ximos passos da Associa\u00e7\u00e3o.<\/span><\/p>\n<p>&nbsp;<\/p>\n","protected":false},"excerpt":{"rendered":"<p>\u00a0 A Associa\u00e7\u00e3o Nacional de Entidades Promotoras de Empreendimentos Inovadores<span class=\"excerpt-hellip\"> [\u2026]<\/span><\/p>\n","protected":false},"author":8,"featured_media":58274,"comment_status":"closed","ping_status":"closed","sticky":false,"template":"","format":"standard","meta":{"footnotes":"","_links_to":"","_links_to_target":""},"categories":[416,415,3],"tags":[],"calendar":[],"_links":{"self":[{"href":"https:\/\/anprotec.org.br\/site\/wp-json\/wp\/v2\/posts\/58278"}],"collection":[{"href":"https:\/\/anprotec.org.br\/site\/wp-json\/wp\/v2\/posts"}],"about":[{"href":"https:\/\/anprotec.org.br\/site\/wp-json\/wp\/v2\/types\/post"}],"author":[{"embeddable":true,"href":"https:\/\/anprotec.org.br\/site\/wp-json\/wp\/v2\/users\/8"}],"replies":[{"embeddable":true,"href":"https:\/\/anprotec.org.br\/site\/wp-json\/wp\/v2\/comments?post=58278"}],"version-history":[{"count":2,"href":"https:\/\/anprotec.org.br\/site\/wp-json\/wp\/v2\/posts\/58278\/revisions"}],"predecessor-version":[{"id":62225,"href":"https:\/\/anprotec.org.br\/site\/wp-json\/wp\/v2\/posts\/58278\/revisions\/62225"}],"wp:featuredmedia":[{"embeddable":true,"href":"https:\/\/anprotec.org.br\/site\/wp-json\/wp\/v2\/media\/58274"}],"wp:attachment":[{"href":"https:\/\/anprotec.org.br\/site\/wp-json\/wp\/v2\/media?parent=58278"}],"wp:term":[{"taxonomy":"category","embeddable":true,"href":"https:\/\/anprotec.org.br\/site\/wp-json\/wp\/v2\/categories?post=58278"},{"taxonomy":"post_tag","embeddable":true,"href":"https:\/\/anprotec.org.br\/site\/wp-json\/wp\/v2\/tags?post=58278"},{"taxonomy":"calendar","embeddable":true,"href":"https:\/\/anprotec.org.br\/site\/wp-json\/wp\/v2\/calendar?post=58278"}],"curies":[{"name":"wp","href":"https:\/\/api.w.org\/{rel}","templated":true}]}}