{"id":58060,"date":"2025-09-24T17:51:49","date_gmt":"2025-09-24T20:51:49","guid":{"rendered":"https:\/\/anprotec.org.br\/site\/?p=58060"},"modified":"2025-09-24T17:53:13","modified_gmt":"2025-09-24T20:53:13","slug":"inscreva-se-na-conferencia-anprotec-e-explore-os-roteiros-de-visitas-tecnicas-2025","status":"publish","type":"post","link":"https:\/\/anprotec.org.br\/site\/2025\/09\/inscreva-se-na-conferencia-anprotec-e-explore-os-roteiros-de-visitas-tecnicas-2025\/","title":{"rendered":"Inscreva-se na Confer\u00eancia Anprotec e Explore os Roteiros de Visitas T\u00e9cnicas 2025!"},"content":{"rendered":"<p>&nbsp;<\/p>\n<div class=\"wp-block-image\"><img decoding=\"async\" loading=\"lazy\" class=\"wpa-warning wpa-image-missing-alt wp-image-58061 aligncenter\" src=\"https:\/\/anprotec.org.br\/site\/wp-content\/uploads\/2025\/09\/Visita-Tecnica_Prancheta-1_Prancheta-1-300x300.jpg\" alt=\"\" width=\"577\" height=\"577\" data-warning=\"Missing alt text\" srcset=\"https:\/\/anprotec.org.br\/site\/wp-content\/uploads\/2025\/09\/Visita-Tecnica_Prancheta-1_Prancheta-1-300x300.jpg 300w, https:\/\/anprotec.org.br\/site\/wp-content\/uploads\/2025\/09\/Visita-Tecnica_Prancheta-1_Prancheta-1-1024x1024.jpg 1024w, https:\/\/anprotec.org.br\/site\/wp-content\/uploads\/2025\/09\/Visita-Tecnica_Prancheta-1_Prancheta-1-768x768.jpg 768w, https:\/\/anprotec.org.br\/site\/wp-content\/uploads\/2025\/09\/Visita-Tecnica_Prancheta-1_Prancheta-1-1536x1536.jpg 1536w, https:\/\/anprotec.org.br\/site\/wp-content\/uploads\/2025\/09\/Visita-Tecnica_Prancheta-1_Prancheta-1-scaled.jpg 2048w, https:\/\/anprotec.org.br\/site\/wp-content\/uploads\/2025\/09\/Visita-Tecnica_Prancheta-1_Prancheta-1-146x146.jpg 146w, https:\/\/anprotec.org.br\/site\/wp-content\/uploads\/2025\/09\/Visita-Tecnica_Prancheta-1_Prancheta-1-50x50.jpg 50w, https:\/\/anprotec.org.br\/site\/wp-content\/uploads\/2025\/09\/Visita-Tecnica_Prancheta-1_Prancheta-1-75x75.jpg 75w, https:\/\/anprotec.org.br\/site\/wp-content\/uploads\/2025\/09\/Visita-Tecnica_Prancheta-1_Prancheta-1-85x85.jpg 85w, https:\/\/anprotec.org.br\/site\/wp-content\/uploads\/2025\/09\/Visita-Tecnica_Prancheta-1_Prancheta-1-80x80.jpg 80w\" sizes=\"(max-width: 577px) 100vw, 577px\" \/><\/div>\n<p><i><span style=\"font-weight: 400;\">\u00a0<\/span><\/i><\/p>\n<p><i><span style=\"font-weight: 400;\">Inscri\u00e7\u00f5es para visitas ao Itaipu Parquetec, Biopark, Cientech, CVale, Usina do Conhecimento, Frimesa, Hub One e Acic Labs abrem na segunda-feira, 29\/9, para participantes com inscri\u00e7\u00e3o realizada no evento. Fa\u00e7a a sua inscri\u00e7\u00e3o e aproveite!<\/span><\/i><\/p>\n<p><span style=\"font-weight: 400;\">A Anprotec anuncia os detalhes dos aguardados roteiros de visitas t\u00e9cnicas da 35\u00aa Confer\u00eancia Anprotec, que ser\u00e1 realizada de 13 a 16 de outubro em Foz do Igua\u00e7u. No \u00faltimo dia do evento (16\/10), os participantes poder\u00e3o mergulhar no ecossistema de inova\u00e7\u00e3o do Oeste do Paran\u00e1, em experi\u00eancias exclusivas que conectam ci\u00eancia, tecnologia e empreendedorismo.<\/span><\/p>\n<p><span style=\"font-weight: 400;\">Com o apoio do Sebrae e parceiros locais, as visitas reunir\u00e3o grupos de at\u00e9 30 participantes e v\u00e3o oferecer uma imers\u00e3o em ambientes de refer\u00eancia, onde surgem solu\u00e7\u00f5es inovadoras para desafios regionais, nacionais e globais. As inscri\u00e7\u00f5es ser\u00e3o abertas na pr\u00f3xima segunda-feira, 29 de setembro, de forma exclusiva para quem j\u00e1 estiver inscrito na Confer\u00eancia \u2013 e as vagas costumam se esgotar rapidamente.<\/span><\/p>\n<h2><b>Os Roteiros<\/b><\/h2>\n<p><b>Iguassu Valley \u2013 Toledo<\/b><\/p>\n<p><span style=\"font-weight: 400;\">O roteiro come\u00e7a com apresenta\u00e7\u00f5es sobre o Iguassu Valley e o case de inova\u00e7\u00e3o da <\/span><b>CVale<\/b><span style=\"font-weight: 400;\">, seguidas de visita \u00e0 <\/span><b>Usina do Conhecimento<\/b><span style=\"font-weight: 400;\">, centro disseminador de novas tecnologias localizado no Parque Ecol\u00f3gico Diva Paim Barth. A programa\u00e7\u00e3o inclui ainda a visita ao <\/span><b>Biopark<\/b><span style=\"font-weight: 400;\">, parque tecnol\u00f3gico privado que se destaca por sua estrutura de mais de 5 milh\u00f5es de m\u00b2, integrando \u00e1reas residenciais, comerciais e industriais em um ambiente din\u00e2mico para neg\u00f3cios, pesquisa e inova\u00e7\u00e3o.<\/span><\/p>\n<p><b>Iguassu Valley \u2013 Medianeira\/Cascavel<\/b><\/p>\n<p><span style=\"font-weight: 400;\">Este roteiro inclui cases da <\/span><b>Frimesa<\/b><span style=\"font-weight: 400;\"> e da <\/span><b>Lar<\/b><span style=\"font-weight: 400;\"> sobre inova\u00e7\u00e3o e passa por tr\u00eas espa\u00e7os estrat\u00e9gicos: o <\/span><b>Cientech<\/b><span style=\"font-weight: 400;\">, parque cient\u00edfico e tecnol\u00f3gico da UTFPR de Medianeira, voltado ao desenvolvimento de solu\u00e7\u00f5es tecnol\u00f3gicas e coopera\u00e7\u00e3o em redes; o <\/span><b>Hub One<\/b><span style=\"font-weight: 400;\">, ambiente que impulsiona startups e P&amp;D; e o <\/span><b>Acic Labs<\/b><span style=\"font-weight: 400;\">, aceleradora que conecta empres\u00e1rios e pesquisadores para o desenvolvimento de novos modelos de neg\u00f3cios.<\/span><\/p>\n<p><b>Itaipu Parquetec<\/b><\/p>\n<p><span style=\"font-weight: 400;\">Reconhecido como um dos parques mais completos em solu\u00e7\u00f5es sustent\u00e1veis e tecnologias do futuro, o <\/span><b>Itaipu Parquetec<\/b><span style=\"font-weight: 400;\"> ser\u00e1 palco de duas visitas em hor\u00e1rios distintos. A programa\u00e7\u00e3o inclui recep\u00e7\u00e3o institucional, apresenta\u00e7\u00f5es sobre centros de Arquitetura e Engenharia, Empreendedorismo e Neg\u00f3cios, al\u00e9m de visitas aos centros de Educa\u00e7\u00e3o, Intelig\u00eancia Territorial, Tecnologias Aplicadas, Seguran\u00e7a Cibern\u00e9tica e Gest\u00e3o Energ\u00e9tica. O roteiro ainda prev\u00ea pausa para coffee e um passeio panor\u00e2mico pela Itaipu Binacional (por ades\u00e3o).<\/span><\/p>\n<h2><b>Ecossistema em evid\u00eancia<\/b><\/h2>\n<p><span style=\"font-weight: 400;\">As visitas t\u00e9cnicas s\u00e3o parte fundamental da Confer\u00eancia Anprotec, permitindo que os participantes vivenciem, in loco, a for\u00e7a do ecossistema paranaense. Trata-se de uma oportunidade \u00fanica para gestores, empreendedores, pesquisadores e formuladores de pol\u00edticas p\u00fablicas conhecerem pr\u00e1ticas inovadoras, ampliarem conex\u00f5es e se inspirarem com cases de impacto.<\/span><\/p>\n<p><b>Importante:<\/b><span style=\"font-weight: 400;\"> as inscri\u00e7\u00f5es para os roteiros abrem na segunda-feira, 29 de setembro, e s\u00e3o exclusivas para quem j\u00e1 est\u00e1 inscrito na Confer\u00eancia. As vagas s\u00e3o limitadas e <\/span><b>costumam se esgotar rapidamente<\/b><span style=\"font-weight: 400;\">.<\/span><\/p>\n<p><span style=\"font-weight: 400;\">Se voc\u00ea ainda n\u00e3o se registrou, <\/span><b>fa\u00e7a sua inscri\u00e7\u00e3o agora mesmo no site oficial<\/b><span style=\"font-weight: 400;\"> da Confer\u00eancia Anprotec 2025 e garanta sua participa\u00e7\u00e3o tamb\u00e9m nas visitas t\u00e9cnicas:<\/span><a href=\"http:\/\/www.conferenciaanprotec.com.br\"> <span style=\"font-weight: 400;\">www.conferenciaanprotec.com.br<\/span><\/a><span style=\"font-weight: 400;\">.<\/span><\/p>\n<p>&nbsp;<\/p>\n","protected":false},"excerpt":{"rendered":"<p>&nbsp; \u00a0 Inscri\u00e7\u00f5es para visitas ao Itaipu Parquetec, Biopark, Cientech,<span class=\"excerpt-hellip\"> [\u2026]<\/span><\/p>\n","protected":false},"author":8,"featured_media":58065,"comment_status":"closed","ping_status":"closed","sticky":false,"template":"","format":"standard","meta":{"footnotes":"","_links_to":"","_links_to_target":""},"categories":[411,3,383],"tags":[],"calendar":[],"_links":{"self":[{"href":"https:\/\/anprotec.org.br\/site\/wp-json\/wp\/v2\/posts\/58060"}],"collection":[{"href":"https:\/\/anprotec.org.br\/site\/wp-json\/wp\/v2\/posts"}],"about":[{"href":"https:\/\/anprotec.org.br\/site\/wp-json\/wp\/v2\/types\/post"}],"author":[{"embeddable":true,"href":"https:\/\/anprotec.org.br\/site\/wp-json\/wp\/v2\/users\/8"}],"replies":[{"embeddable":true,"href":"https:\/\/anprotec.org.br\/site\/wp-json\/wp\/v2\/comments?post=58060"}],"version-history":[{"count":2,"href":"https:\/\/anprotec.org.br\/site\/wp-json\/wp\/v2\/posts\/58060\/revisions"}],"predecessor-version":[{"id":58063,"href":"https:\/\/anprotec.org.br\/site\/wp-json\/wp\/v2\/posts\/58060\/revisions\/58063"}],"wp:featuredmedia":[{"embeddable":true,"href":"https:\/\/anprotec.org.br\/site\/wp-json\/wp\/v2\/media\/58065"}],"wp:attachment":[{"href":"https:\/\/anprotec.org.br\/site\/wp-json\/wp\/v2\/media?parent=58060"}],"wp:term":[{"taxonomy":"category","embeddable":true,"href":"https:\/\/anprotec.org.br\/site\/wp-json\/wp\/v2\/categories?post=58060"},{"taxonomy":"post_tag","embeddable":true,"href":"https:\/\/anprotec.org.br\/site\/wp-json\/wp\/v2\/tags?post=58060"},{"taxonomy":"calendar","embeddable":true,"href":"https:\/\/anprotec.org.br\/site\/wp-json\/wp\/v2\/calendar?post=58060"}],"curies":[{"name":"wp","href":"https:\/\/api.w.org\/{rel}","templated":true}]}}