{"id":58041,"date":"2025-09-24T16:34:41","date_gmt":"2025-09-24T19:34:41","guid":{"rendered":"https:\/\/anprotec.org.br\/site\/?p=58041"},"modified":"2025-09-24T18:37:53","modified_gmt":"2025-09-24T21:37:53","slug":"programa-incentiva-solucoes-inovadoras-de-startups-para-a-gestao-publica","status":"publish","type":"post","link":"https:\/\/anprotec.org.br\/site\/2025\/09\/programa-incentiva-solucoes-inovadoras-de-startups-para-a-gestao-publica\/","title":{"rendered":"CatalisaGov incentiva solu\u00e7\u00f5es inovadoras de startups para a gest\u00e3o p\u00fablica"},"content":{"rendered":"<div class=\"wp-block-image\"><img decoding=\"async\" loading=\"lazy\" class=\"wpa-warning wpa-image-missing-alt wp-image-58044 aligncenter\" src=\"https:\/\/anprotec.org.br\/site\/wp-content\/uploads\/2025\/09\/compras-publicas-scaled_p33327_cover_image_resized-300x181.webp\" alt=\"\" width=\"648\" height=\"391\" data-warning=\"Missing alt text\" srcset=\"https:\/\/anprotec.org.br\/site\/wp-content\/uploads\/2025\/09\/compras-publicas-scaled_p33327_cover_image_resized-300x181.webp 300w, https:\/\/anprotec.org.br\/site\/wp-content\/uploads\/2025\/09\/compras-publicas-scaled_p33327_cover_image_resized-768x464.webp 768w, https:\/\/anprotec.org.br\/site\/wp-content\/uploads\/2025\/09\/compras-publicas-scaled_p33327_cover_image_resized-242x146.webp 242w, https:\/\/anprotec.org.br\/site\/wp-content\/uploads\/2025\/09\/compras-publicas-scaled_p33327_cover_image_resized-50x30.webp 50w, https:\/\/anprotec.org.br\/site\/wp-content\/uploads\/2025\/09\/compras-publicas-scaled_p33327_cover_image_resized-124x75.webp 124w, https:\/\/anprotec.org.br\/site\/wp-content\/uploads\/2025\/09\/compras-publicas-scaled_p33327_cover_image_resized.webp 814w\" sizes=\"(max-width: 648px) 100vw, 648px\" \/><\/div>\n<p><em class=\"sub-title\">\u00a0<\/em><\/p>\n<p><em class=\"sub-title\">Sebrae estimula a inova\u00e7\u00e3o e a inclus\u00e3o de startups na resolu\u00e7\u00e3o de problemas da gest\u00e3o com o CatalisaGov<\/em><\/p>\n<div class=\"text-content\">\n<p>Para apoiar a inova\u00e7\u00e3o em institui\u00e7\u00f5es p\u00fablicas, o Sebrae criou a estrat\u00e9gia CatalisaGov para oferecer seguran\u00e7a jur\u00eddica e uma metodologia pr\u00f3pria para orientar os gestores p\u00fablicos em todo o processo de compras p\u00fablicas de inova\u00e7\u00e3o. A iniciativa promove a aproxima\u00e7\u00e3o de startups e administra\u00e7\u00e3o p\u00faclica para a oferta de solu\u00e7\u00f5es inovadoras e tecnol\u00f3gicas.<\/p>\n<ul>\n<li><a href=\"https:\/\/sebrae.com.br\/sites\/PortalSebrae\/catalisagov\" target=\"_blank\" rel=\"noopener\">Acesse o Catalisa Gov<\/a><\/li>\n<\/ul>\n<p>\u201cO Sebrae sempre ajudou o munic\u00edpio a contratar o pequeno neg\u00f3cio. Agora, o Sebrae d\u00e1 um passo al\u00e9m e ajuda o munic\u00edpio a contratar o pequeno neg\u00f3cio inovador. Existem hoje instrumentos de compras p\u00fablicas espec\u00edficos para inova\u00e7\u00e3o que s\u00e3o previstos no Marco Legal de Startups\u201d, detalha o analista de Inova\u00e7\u00e3o do Sebrae, Dario Joffily.<\/p>\n<p><mark class=\"mark-highlight animated\">O mais conhecido deles instrumentos \u00e9 o Contrato P\u00fablico para Solu\u00e7\u00e3o Inovadora (CPSI)<\/mark>. Ao inv\u00e9s de pedir um servi\u00e7o ou produto espec\u00edfico, como um aplicativo, o governo apresenta um problema e pede ao mercado que desenvolva a solu\u00e7\u00e3o. As startups podem entrar nessa licita\u00e7\u00e3o especial, apresentar propostas de solu\u00e7\u00f5es e serem contratadas de acordo com as melhores propostas.<\/p>\n<div class=\"wp-block-image\"><img decoding=\"async\" loading=\"lazy\" class=\"wpa-warning wpa-image-missing-alt wp-image-58042 aligncenter\" src=\"https:\/\/anprotec.org.br\/site\/wp-content\/uploads\/2025\/09\/pzzb1946-300x225.webp\" alt=\"\" width=\"645\" height=\"484\" data-warning=\"Missing alt text\" srcset=\"https:\/\/anprotec.org.br\/site\/wp-content\/uploads\/2025\/09\/pzzb1946-300x225.webp 300w, https:\/\/anprotec.org.br\/site\/wp-content\/uploads\/2025\/09\/pzzb1946-768x576.webp 768w, https:\/\/anprotec.org.br\/site\/wp-content\/uploads\/2025\/09\/pzzb1946-195x146.webp 195w, https:\/\/anprotec.org.br\/site\/wp-content\/uploads\/2025\/09\/pzzb1946-50x38.webp 50w, https:\/\/anprotec.org.br\/site\/wp-content\/uploads\/2025\/09\/pzzb1946-100x75.webp 100w, https:\/\/anprotec.org.br\/site\/wp-content\/uploads\/2025\/09\/pzzb1946-960x720.webp 960w, https:\/\/anprotec.org.br\/site\/wp-content\/uploads\/2025\/09\/pzzb1946.webp 1024w\" sizes=\"(max-width: 645px) 100vw, 645px\" \/><\/div>\n<div>\n<p><strong>\u00a0<\/strong><\/p>\n<p><strong>Mercado aberto<\/strong><\/p>\n<p>Segundo o Instituto de Pesquisa Econ\u00f4mica Aplicada (Ipea), em 2019, 12% do Produto Interno Bruno (PIB) brasileiro anual foi composto por compras p\u00fablicas, o que faz do governo brasileiro o maior comprador do pa\u00eds.<\/p>\n<p><strong>&#8220;O gestor p\u00fablico n\u00e3o precisa descrever a solu\u00e7\u00e3o, precisa descrever o problema, porque a solu\u00e7\u00e3o vai vir do mercado. O mercado vai propor solu\u00e7\u00f5es<span class=\"quote-end\"> diferentes.&#8221; &#8211; <\/span><\/strong>Dario Joffily, analista de Inova\u00e7\u00e3o do Sebrae<\/p>\n<p>\u201cA gente tem 23 pilotos sendo executados em todo o pa\u00eds e aprendemos mais sobre onde \u00e9 preciso ter mais aten\u00e7\u00e3o nessa metodologia ao longo dos pilotos. A ideia \u00e9 que os Sebrae estaduais possam aplicar essa metodologia no contexto do Programa Cidade Empreendedora. No ano que v\u00eam, esse n\u00famero vai decolar\u201d, completa.<\/p>\n<div class=\"wp-block-image\"><img decoding=\"async\" loading=\"lazy\" class=\"wpa-warning wpa-image-missing-alt wp-image-58043 aligncenter\" src=\"https:\/\/anprotec.org.br\/site\/wp-content\/uploads\/2025\/09\/maxresdefault-6-300x169.jpg\" alt=\"\" width=\"639\" height=\"360\" data-warning=\"Missing alt text\" srcset=\"https:\/\/anprotec.org.br\/site\/wp-content\/uploads\/2025\/09\/maxresdefault-6-300x169.jpg 300w, https:\/\/anprotec.org.br\/site\/wp-content\/uploads\/2025\/09\/maxresdefault-6-1024x576.jpg 1024w, https:\/\/anprotec.org.br\/site\/wp-content\/uploads\/2025\/09\/maxresdefault-6-768x432.jpg 768w, https:\/\/anprotec.org.br\/site\/wp-content\/uploads\/2025\/09\/maxresdefault-6-260x146.jpg 260w, https:\/\/anprotec.org.br\/site\/wp-content\/uploads\/2025\/09\/maxresdefault-6-50x28.jpg 50w, https:\/\/anprotec.org.br\/site\/wp-content\/uploads\/2025\/09\/maxresdefault-6-133x75.jpg 133w, https:\/\/anprotec.org.br\/site\/wp-content\/uploads\/2025\/09\/maxresdefault-6-1200x675.jpg 1200w, https:\/\/anprotec.org.br\/site\/wp-content\/uploads\/2025\/09\/maxresdefault-6.jpg 1280w\" sizes=\"(max-width: 639px) 100vw, 639px\" \/><\/div>\n<\/div>\n<div>\n<p><strong>Programa Cidade Empreendedora<\/strong><\/p>\n<p>O Programa Cidade Empreendedora \u00e9 uma iniciativa do Sebrae para o gestor p\u00fablico que quer direcionar, acelerar e sustentar o processo de desenvolvimento socioecon\u00f4mico do munic\u00edpio.\u00a0<mark class=\"mark-highlight animated\">O programa beneficiou 2.865 munic\u00edpios em todo o pa\u00eds<\/mark>. Entre as a\u00e7\u00f5es do programa est\u00e3o o Pr\u00eamio Sebrae Prefeitura Empreendedora, que registrou mais de 14 mil inscri\u00e7\u00f5es e premiou mais de 1.100 iniciativas.<\/p>\n<p>Tamb\u00e9m integram o programa os Agentes de Desenvolvimento, que atuam para a melhoria do ambiente de neg\u00f3cios nos munic\u00edpios e as salas do empreendedor, apoiadas pelo Sebrae, que j\u00e1 chegaram \u00e0 marca de 3.350 distribu\u00eddas por todas as regi\u00f5es do pa\u00eds.<\/p>\n<p>Mat\u00e9ria de: <strong>Rafael Baldo<\/strong><\/p>\n<p>Mat\u00e9ria: https:\/\/agenciasebrae.com.br\/inovacao-e-tecnologia\/programa-incentiva-solucoes-inovadoras-de-startups-para-a-gestao-publica-2\/<\/p>\n<p>Iamgens: Fabio Rodrigues Pozzebom\/Ag\u00eancia Brasil<\/p>\n<\/div>\n<\/div>\n","protected":false},"excerpt":{"rendered":"<p>\u00a0 Sebrae estimula a inova\u00e7\u00e3o e a inclus\u00e3o de startups<span class=\"excerpt-hellip\"> [\u2026]<\/span><\/p>\n","protected":false},"author":8,"featured_media":58044,"comment_status":"closed","ping_status":"closed","sticky":false,"template":"","format":"standard","meta":{"footnotes":"","_links_to":"","_links_to_target":""},"categories":[3,383,414],"tags":[],"calendar":[],"_links":{"self":[{"href":"https:\/\/anprotec.org.br\/site\/wp-json\/wp\/v2\/posts\/58041"}],"collection":[{"href":"https:\/\/anprotec.org.br\/site\/wp-json\/wp\/v2\/posts"}],"about":[{"href":"https:\/\/anprotec.org.br\/site\/wp-json\/wp\/v2\/types\/post"}],"author":[{"embeddable":true,"href":"https:\/\/anprotec.org.br\/site\/wp-json\/wp\/v2\/users\/8"}],"replies":[{"embeddable":true,"href":"https:\/\/anprotec.org.br\/site\/wp-json\/wp\/v2\/comments?post=58041"}],"version-history":[{"count":2,"href":"https:\/\/anprotec.org.br\/site\/wp-json\/wp\/v2\/posts\/58041\/revisions"}],"predecessor-version":[{"id":58067,"href":"https:\/\/anprotec.org.br\/site\/wp-json\/wp\/v2\/posts\/58041\/revisions\/58067"}],"wp:featuredmedia":[{"embeddable":true,"href":"https:\/\/anprotec.org.br\/site\/wp-json\/wp\/v2\/media\/58044"}],"wp:attachment":[{"href":"https:\/\/anprotec.org.br\/site\/wp-json\/wp\/v2\/media?parent=58041"}],"wp:term":[{"taxonomy":"category","embeddable":true,"href":"https:\/\/anprotec.org.br\/site\/wp-json\/wp\/v2\/categories?post=58041"},{"taxonomy":"post_tag","embeddable":true,"href":"https:\/\/anprotec.org.br\/site\/wp-json\/wp\/v2\/tags?post=58041"},{"taxonomy":"calendar","embeddable":true,"href":"https:\/\/anprotec.org.br\/site\/wp-json\/wp\/v2\/calendar?post=58041"}],"curies":[{"name":"wp","href":"https:\/\/api.w.org\/{rel}","templated":true}]}}