{"id":58034,"date":"2025-09-24T16:15:07","date_gmt":"2025-09-24T19:15:07","guid":{"rendered":"https:\/\/anprotec.org.br\/site\/?p=58034"},"modified":"2025-09-24T18:38:14","modified_gmt":"2025-09-24T21:38:14","slug":"premio-nacional-de-inovacao-abre-inscricoes-nesta-segunda-22","status":"publish","type":"post","link":"https:\/\/anprotec.org.br\/site\/2025\/09\/premio-nacional-de-inovacao-abre-inscricoes-nesta-segunda-22\/","title":{"rendered":"Pr\u00eamio Nacional de Inova\u00e7\u00e3o t\u00eam inscri\u00e7\u00f5es abertas"},"content":{"rendered":"<div class=\"wp-block-image\"><img decoding=\"async\" loading=\"lazy\" class=\"wpa-warning wpa-image-missing-alt wp-image-58036 aligncenter\" src=\"https:\/\/anprotec.org.br\/site\/wp-content\/uploads\/2025\/09\/8G3A4760-scaled_p33281_cover_image_resized-300x181.webp\" alt=\"\" width=\"761\" height=\"459\" data-warning=\"Missing alt text\" srcset=\"https:\/\/anprotec.org.br\/site\/wp-content\/uploads\/2025\/09\/8G3A4760-scaled_p33281_cover_image_resized-300x181.webp 300w, https:\/\/anprotec.org.br\/site\/wp-content\/uploads\/2025\/09\/8G3A4760-scaled_p33281_cover_image_resized-768x464.webp 768w, https:\/\/anprotec.org.br\/site\/wp-content\/uploads\/2025\/09\/8G3A4760-scaled_p33281_cover_image_resized-242x146.webp 242w, https:\/\/anprotec.org.br\/site\/wp-content\/uploads\/2025\/09\/8G3A4760-scaled_p33281_cover_image_resized-50x30.webp 50w, https:\/\/anprotec.org.br\/site\/wp-content\/uploads\/2025\/09\/8G3A4760-scaled_p33281_cover_image_resized-124x75.webp 124w, https:\/\/anprotec.org.br\/site\/wp-content\/uploads\/2025\/09\/8G3A4760-scaled_p33281_cover_image_resized.webp 814w\" sizes=\"(max-width: 761px) 100vw, 761px\" \/><\/div>\n<p><em class=\"sub-title\">\u00a0<\/em><\/p>\n<p><em class=\"sub-title\">Sebrae e CNI lan\u00e7aram, na sexta (19), a nona edi\u00e7\u00e3o da premia\u00e7\u00e3o, que estimula os ecossistemas de inova\u00e7\u00e3o e a conex\u00e3o entre pequenos neg\u00f3cios transformadores e grandes empresas<\/em><\/p>\n<div class=\"text-content\">\n<p>A nona edi\u00e7\u00e3o do Pr\u00eamio Nacional de Inova\u00e7\u00e3o (PNI) foi lan\u00e7ada na manh\u00e3 de sexta-feira (19), em S\u00e3o Paulo, em evento da Mobiliza\u00e7\u00e3o Empresarial pela Inova\u00e7\u00e3o (MEI), f\u00f3rum da Confedera\u00e7\u00e3o Nacional da Ind\u00fastria (CNI) de est\u00edmulo \u00e0s pol\u00edticas de apoio \u00e0 inova\u00e7\u00e3o e \u00e0 competitividade das empresas brasileiras.<\/p>\n<p>Maior premia\u00e7\u00e3o do g\u00eanero do pa\u00eds, o PNI \u00e9 uma parceria entre o Sebrae e a CNI e tem como prop\u00f3sito reconhecer solu\u00e7\u00f5es inovadoras de institui\u00e7\u00f5es e de pesquisadores que atuam no pa\u00eds e refor\u00e7ar o papel fundamental da inova\u00e7\u00e3o na produtividade e competitividade dos neg\u00f3cios, na sociedade e no desenvolvimento do Brasil.\u00a0<mark class=\"mark-highlight animated\">As inscri\u00e7\u00f5es s\u00e3o gratuitas e podem ser feitas a partir desta segunda-feira (22) at\u00e9 28 de novembro<\/mark>,\u00a0<a href=\"https:\/\/www.premiodeinovacao.com.br\/\" target=\"_blank\" rel=\"noopener\">neste link<\/a>.<\/p>\n<p>Segundo Pedro Wongtschowski, conselheiro da MEI, no \u00cdndice Global de Inova\u00e7\u00e3o 2025, ranking que re\u00fane 139 pa\u00edses, o pa\u00eds ocupa a 52\u00aa posi\u00e7\u00e3o. \u201cO Brasil \u00e9 vice-l\u00edder regional e uma das lideran\u00e7as entre os pa\u00edses de renda m\u00e9dia\u201d.<\/p>\n<p>&nbsp;<\/p>\n<div class=\"wp-block-image\"><img decoding=\"async\" loading=\"lazy\" class=\"wpa-warning wpa-image-missing-alt wp-image-58035 aligncenter\" src=\"https:\/\/anprotec.org.br\/site\/wp-content\/uploads\/2025\/09\/8G3A4658-scaled-1-300x200.jpg\" alt=\"\" width=\"762\" height=\"508\" data-warning=\"Missing alt text\" srcset=\"https:\/\/anprotec.org.br\/site\/wp-content\/uploads\/2025\/09\/8G3A4658-scaled-1-300x200.jpg 300w, https:\/\/anprotec.org.br\/site\/wp-content\/uploads\/2025\/09\/8G3A4658-scaled-1-1024x683.jpg 1024w, https:\/\/anprotec.org.br\/site\/wp-content\/uploads\/2025\/09\/8G3A4658-scaled-1-768x512.jpg 768w, https:\/\/anprotec.org.br\/site\/wp-content\/uploads\/2025\/09\/8G3A4658-scaled-1-1536x1024.jpg 1536w, https:\/\/anprotec.org.br\/site\/wp-content\/uploads\/2025\/09\/8G3A4658-scaled-1-scaled.jpg 2048w, https:\/\/anprotec.org.br\/site\/wp-content\/uploads\/2025\/09\/8G3A4658-scaled-1-219x146.jpg 219w, https:\/\/anprotec.org.br\/site\/wp-content\/uploads\/2025\/09\/8G3A4658-scaled-1-50x33.jpg 50w, https:\/\/anprotec.org.br\/site\/wp-content\/uploads\/2025\/09\/8G3A4658-scaled-1-112x75.jpg 112w\" sizes=\"(max-width: 762px) 100vw, 762px\" \/><\/div>\n<p>&nbsp;<\/p>\n<p>Lan\u00e7ado na sexta (19), o Pr\u00eamio Nacional de Inova\u00e7\u00e3o tem cinco categorias: Descarboniza\u00e7\u00e3o, Recursos Renov\u00e1veis, Intelig\u00eancia Artificial para Produtividade, Digitaliza\u00e7\u00e3o de Neg\u00f3cios e Inova\u00e7\u00f5es Lei do Bem | Foto: F\u00e1bio Eufr\u00e1sio<\/p>\n<p>O dado aponta para a necessidade de promo\u00e7\u00e3o do desenvolvimento do pa\u00eds e da reindustrializa\u00e7\u00e3o em bases s\u00f3lidas e sustent\u00e1veis, t\u00f4nica do evento de lan\u00e7amento do concurso, na sede regional da CNI, com a presen\u00e7a de representantes do Minist\u00e9rio da Ci\u00eancia, Tecnologia e Inova\u00e7\u00e3o, do governo do Estado de S\u00e3o Paulo, da ind\u00fastria e de grandes empresas, universidades estaduais, ag\u00eancias de fomento \u00e0 pesquisa, sistema financeiro, sistema S (Sebrae, Senai) e Instituto Nacional da Propriedade Industrial (INPI), entre outros.<\/p>\n<p>O diretor-t\u00e9cnico do Sebrae Nacional, Bruno Quick, participou do lan\u00e7amento e afirmou que a iniciativa \u00e9 uma estrat\u00e9gia de incentivo aos ecossistemas de inova\u00e7\u00e3o, pesquisadores e da conex\u00e3o entre pequenos neg\u00f3cios inovadores e grandes empresas, incluindo \u00f3rg\u00e3os p\u00fablicos.<\/p>\n<p><strong>\u201cO ambiente para inova\u00e7\u00e3o no Brasil \u00e9 muito prop\u00edcio para acelerar o<span class=\"quote-end\"> desenvolvimento\u201d &#8211; <\/span><\/strong><em>Bruno Quick, diretor-t\u00e9cnico do Sebrae<\/em><\/p>\n<p><strong>O pr\u00eamio<\/strong><\/p>\n<p>A edi\u00e7\u00e3o 2025 do PNI \u00e9 dividida em cinco categorias: Descarboniza\u00e7\u00e3o, Recursos Renov\u00e1veis, Intelig\u00eancia Artificial para Produtividade, Digitaliza\u00e7\u00e3o de Neg\u00f3cios e Inova\u00e7\u00f5es Lei do Bem (instrumento que estimula investimentos privados em pesquisa e desenvolvimento tecnol\u00f3gico).<\/p>\n<p>Nas \u00faltimas oito edi\u00e7\u00f5es, contabilizou 16,5 mil inscritos e 113 laureados, das cinco regi\u00f5es do pa\u00eds.\u00a0<mark class=\"mark-highlight animated\">Al\u00e9m de certificados e do trof\u00e9u da premia\u00e7\u00e3o, os finalistas v\u00e3o receber ampla divulga\u00e7\u00e3o em m\u00eddia e participar do 11\u00ba Congresso de Inova\u00e7\u00e3o da Ind\u00fastria, em mar\u00e7o de 2026, em S\u00e3o Paulo<\/mark>. Os ganhadores tamb\u00e9m participar\u00e3o de uma imers\u00e3o em ecossistemas de inova\u00e7\u00e3o internacional a ser personalizada para o grupo.<\/p>\n<p>Mat\u00e9ria escrita por: <strong>Roberta Jovchelevich<\/strong><\/p>\n<p>Mat\u00e9ria: https:\/\/agenciasebrae.com.br\/inovacao-e-tecnologia\/premio-nacional-de-inovacao-abre-inscricoes-nesta-segunda-22\/<\/p>\n<p>Imagens: https:\/\/agenciasebrae.com.br\/inovacao-e-tecnologia\/premio-nacional-de-inovacao-abre-inscricoes-nesta-segunda-22\/<\/p>\n<\/div>\n","protected":false},"excerpt":{"rendered":"<p>\u00a0 Sebrae e CNI lan\u00e7aram, na sexta (19), a nona<span class=\"excerpt-hellip\"> [\u2026]<\/span><\/p>\n","protected":false},"author":8,"featured_media":58036,"comment_status":"closed","ping_status":"closed","sticky":false,"template":"","format":"standard","meta":{"footnotes":"","_links_to":"","_links_to_target":""},"categories":[3,383,414],"tags":[],"calendar":[],"_links":{"self":[{"href":"https:\/\/anprotec.org.br\/site\/wp-json\/wp\/v2\/posts\/58034"}],"collection":[{"href":"https:\/\/anprotec.org.br\/site\/wp-json\/wp\/v2\/posts"}],"about":[{"href":"https:\/\/anprotec.org.br\/site\/wp-json\/wp\/v2\/types\/post"}],"author":[{"embeddable":true,"href":"https:\/\/anprotec.org.br\/site\/wp-json\/wp\/v2\/users\/8"}],"replies":[{"embeddable":true,"href":"https:\/\/anprotec.org.br\/site\/wp-json\/wp\/v2\/comments?post=58034"}],"version-history":[{"count":3,"href":"https:\/\/anprotec.org.br\/site\/wp-json\/wp\/v2\/posts\/58034\/revisions"}],"predecessor-version":[{"id":58068,"href":"https:\/\/anprotec.org.br\/site\/wp-json\/wp\/v2\/posts\/58034\/revisions\/58068"}],"wp:featuredmedia":[{"embeddable":true,"href":"https:\/\/anprotec.org.br\/site\/wp-json\/wp\/v2\/media\/58036"}],"wp:attachment":[{"href":"https:\/\/anprotec.org.br\/site\/wp-json\/wp\/v2\/media?parent=58034"}],"wp:term":[{"taxonomy":"category","embeddable":true,"href":"https:\/\/anprotec.org.br\/site\/wp-json\/wp\/v2\/categories?post=58034"},{"taxonomy":"post_tag","embeddable":true,"href":"https:\/\/anprotec.org.br\/site\/wp-json\/wp\/v2\/tags?post=58034"},{"taxonomy":"calendar","embeddable":true,"href":"https:\/\/anprotec.org.br\/site\/wp-json\/wp\/v2\/calendar?post=58034"}],"curies":[{"name":"wp","href":"https:\/\/api.w.org\/{rel}","templated":true}]}}