{"id":58006,"date":"2025-09-23T13:42:58","date_gmt":"2025-09-23T16:42:58","guid":{"rendered":"https:\/\/anprotec.org.br\/site\/?p=58006"},"modified":"2025-09-23T13:49:56","modified_gmt":"2025-09-23T16:49:56","slug":"anprotec-apoia-selecao-de-negocios-de-impacto-climatico-para-o-portal-impacta-brasil","status":"publish","type":"post","link":"https:\/\/anprotec.org.br\/site\/2025\/09\/anprotec-apoia-selecao-de-negocios-de-impacto-climatico-para-o-portal-impacta-brasil\/","title":{"rendered":"Anprotec apoia sele\u00e7\u00e3o de neg\u00f3cios de impacto clim\u00e1tico para o Portal Impacta Brasil"},"content":{"rendered":"<p>&nbsp;<\/p>\n<div class=\"wp-block-image\">\n<div class=\"wp-block-image\"><img decoding=\"async\" loading=\"lazy\" class=\"wpa-warning wpa-image-missing-alt wp-image-58009 aligncenter\" src=\"https:\/\/anprotec.org.br\/site\/wp-content\/uploads\/2025\/09\/Captura-de-tela-2025-09-23-133942-300x122.png\" alt=\"\" width=\"566\" height=\"230\" data-warning=\"Missing alt text\" srcset=\"https:\/\/anprotec.org.br\/site\/wp-content\/uploads\/2025\/09\/Captura-de-tela-2025-09-23-133942-300x122.png 300w, https:\/\/anprotec.org.br\/site\/wp-content\/uploads\/2025\/09\/Captura-de-tela-2025-09-23-133942-768x311.png 768w, https:\/\/anprotec.org.br\/site\/wp-content\/uploads\/2025\/09\/Captura-de-tela-2025-09-23-133942-260x105.png 260w, https:\/\/anprotec.org.br\/site\/wp-content\/uploads\/2025\/09\/Captura-de-tela-2025-09-23-133942-50x20.png 50w, https:\/\/anprotec.org.br\/site\/wp-content\/uploads\/2025\/09\/Captura-de-tela-2025-09-23-133942-150x61.png 150w, https:\/\/anprotec.org.br\/site\/wp-content\/uploads\/2025\/09\/Captura-de-tela-2025-09-23-133942.png 794w\" sizes=\"(max-width: 566px) 100vw, 566px\" \/><\/div>\n<\/div>\n<p><span style=\"font-weight: 400;\">\u00a0<\/span><\/p>\n<p><span style=\"font-weight: 400;\">O Minist\u00e9rio do Desenvolvimento, Ind\u00fastria, Com\u00e9rcio e Servi\u00e7os (MDIC) lan\u00e7ou uma chamada para que organiza\u00e7\u00f5es de apoio ao empreendedorismo indiquem <\/span><b>Neg\u00f3cios de Impacto Clim\u00e1tico (NIC)<\/b><span style=\"font-weight: 400;\"> para compor o <\/span><b>Portal Impacta Brasil<\/b><span style=\"font-weight: 400;\">, uma vitrine virtual de solu\u00e7\u00f5es clim\u00e1ticas brasileiras que ser\u00e1 apresentada durante a <\/span><b>COP30<\/b><span style=\"font-weight: 400;\">, em novembro de 2025, em Bel\u00e9m (PA).<\/span><\/p>\n<p><span style=\"font-weight: 400;\">A iniciativa \u00e9 correalizada pela Alian\u00e7a pelo Impacto e pela Climate Ventures, com parceria institucional da Caixa Econ\u00f4mica Federal, ApexBrasil, BNDES, Sebrae, Quintessa e Impact Hub. O objetivo \u00e9 dar visibilidade a neg\u00f3cios inovadores que j\u00e1 estejam formalizados (CNPJ) e tenham interesse em captar investimentos e estabelecer parcerias estrat\u00e9gicas.<\/span><\/p>\n<p><span style=\"font-weight: 400;\">O portal reunir\u00e1 empreendimentos alinhados \u00e0 Taxonomia Onda Verde, com foco nos setores de:<\/span><\/p>\n<ul>\n<li style=\"font-weight: 400;\" aria-level=\"1\"><span style=\"font-weight: 400;\">Florestas e Uso do Solo<\/span><\/li>\n<li style=\"font-weight: 400;\" aria-level=\"1\"><span style=\"font-weight: 400;\">Agropecu\u00e1ria e Sistemas Alimentares<\/span><\/li>\n<li style=\"font-weight: 400;\" aria-level=\"1\"><span style=\"font-weight: 400;\">\u00c1gua e Saneamento<\/span><\/li>\n<li style=\"font-weight: 400;\" aria-level=\"1\"><span style=\"font-weight: 400;\">Energia e Biocombust\u00edveis<\/span><\/li>\n<li style=\"font-weight: 400;\" aria-level=\"1\"><span style=\"font-weight: 400;\">Log\u00edstica e Mobilidade<\/span><\/li>\n<li style=\"font-weight: 400;\" aria-level=\"1\"><span style=\"font-weight: 400;\">Ind\u00fastria<\/span><\/li>\n<li style=\"font-weight: 400;\" aria-level=\"1\"><span style=\"font-weight: 400;\">Gest\u00e3o de Res\u00edduos<\/span><\/li>\n<li style=\"font-weight: 400;\" aria-level=\"1\"><span style=\"font-weight: 400;\">Finan\u00e7as<\/span><span style=\"font-weight: 400;\"><br \/>\n<\/span><\/li>\n<\/ul>\n<p><span style=\"font-weight: 400;\">Segundo o MDIC, a inclus\u00e3o no portal permitir\u00e1 aos neg\u00f3cios indicados maior exposi\u00e7\u00e3o junto a investidores nacionais e internacionais, possibilidade de participa\u00e7\u00e3o em eventos oficiais da COP30 e conex\u00e3o direta com a ApexBrasil. Para as organiza\u00e7\u00f5es que realizarem a curadoria, a participa\u00e7\u00e3o representa reconhecimento como parceiras do governo brasileiro na constru\u00e7\u00e3o do principal portf\u00f3lio nacional de solu\u00e7\u00f5es de impacto clim\u00e1tico.<\/span><\/p>\n<h2><b>Convite \u00e0 rede da Anprotec<\/b><\/h2>\n<p><span style=\"font-weight: 400;\">A Anprotec, como parceira estrat\u00e9gica da agenda de inova\u00e7\u00e3o e sustentabilidade, convida incubadoras, aceleradoras, parques tecnol\u00f3gicos e demais ambientes associados a contribu\u00edrem para essa chamada. As institui\u00e7\u00f5es interessadas devem preencher a planilha anexa com os dados dos neg\u00f3cios que desejam indicar e encaminhar o material para o e-mail cgevi.dnova@mdic.gov.br.<\/span><\/p>\n<p><span style=\"font-weight: 400;\">A planilha para preenchimento est\u00e1 dispon\u00edvel <a href=\"https:\/\/anprotec.org.br\/site\/wp-content\/uploads\/2025\/09\/Indicacao-de-Organizacoes-Portal-1.xlsx\">neste link<\/a>.<\/span><\/p>\n","protected":false},"excerpt":{"rendered":"<p>&nbsp; \u00a0 O Minist\u00e9rio do Desenvolvimento, Ind\u00fastria, Com\u00e9rcio e Servi\u00e7os<span class=\"excerpt-hellip\"> [\u2026]<\/span><\/p>\n","protected":false},"author":8,"featured_media":58013,"comment_status":"closed","ping_status":"closed","sticky":false,"template":"","format":"standard","meta":{"footnotes":"","_links_to":"","_links_to_target":""},"categories":[3,383,414],"tags":[],"calendar":[],"_links":{"self":[{"href":"https:\/\/anprotec.org.br\/site\/wp-json\/wp\/v2\/posts\/58006"}],"collection":[{"href":"https:\/\/anprotec.org.br\/site\/wp-json\/wp\/v2\/posts"}],"about":[{"href":"https:\/\/anprotec.org.br\/site\/wp-json\/wp\/v2\/types\/post"}],"author":[{"embeddable":true,"href":"https:\/\/anprotec.org.br\/site\/wp-json\/wp\/v2\/users\/8"}],"replies":[{"embeddable":true,"href":"https:\/\/anprotec.org.br\/site\/wp-json\/wp\/v2\/comments?post=58006"}],"version-history":[{"count":2,"href":"https:\/\/anprotec.org.br\/site\/wp-json\/wp\/v2\/posts\/58006\/revisions"}],"predecessor-version":[{"id":58012,"href":"https:\/\/anprotec.org.br\/site\/wp-json\/wp\/v2\/posts\/58006\/revisions\/58012"}],"wp:featuredmedia":[{"embeddable":true,"href":"https:\/\/anprotec.org.br\/site\/wp-json\/wp\/v2\/media\/58013"}],"wp:attachment":[{"href":"https:\/\/anprotec.org.br\/site\/wp-json\/wp\/v2\/media?parent=58006"}],"wp:term":[{"taxonomy":"category","embeddable":true,"href":"https:\/\/anprotec.org.br\/site\/wp-json\/wp\/v2\/categories?post=58006"},{"taxonomy":"post_tag","embeddable":true,"href":"https:\/\/anprotec.org.br\/site\/wp-json\/wp\/v2\/tags?post=58006"},{"taxonomy":"calendar","embeddable":true,"href":"https:\/\/anprotec.org.br\/site\/wp-json\/wp\/v2\/calendar?post=58006"}],"curies":[{"name":"wp","href":"https:\/\/api.w.org\/{rel}","templated":true}]}}