{"id":57859,"date":"2025-09-19T09:55:53","date_gmt":"2025-09-19T12:55:53","guid":{"rendered":"https:\/\/anprotec.org.br\/site\/?p=57859"},"modified":"2025-09-25T14:24:11","modified_gmt":"2025-09-25T17:24:11","slug":"delegacao-brasileira-e-anprotec-se-destacam-na-42a-conferencia-mundial-da-iasp","status":"publish","type":"post","link":"https:\/\/anprotec.org.br\/site\/2025\/09\/delegacao-brasileira-e-anprotec-se-destacam-na-42a-conferencia-mundial-da-iasp\/","title":{"rendered":"Delega\u00e7\u00e3o Brasileira e Anprotec se Destacam na 42\u00aa Confer\u00eancia Mundial da IASP"},"content":{"rendered":"<div class=\"wp-block-image\">\n<div class=\"wp-block-image\">\n<div id=\"attachment_58107\" style=\"width: 1034px\" class=\"wp-caption aligncenter\"><img aria-describedby=\"caption-attachment-58107\" decoding=\"async\" loading=\"lazy\" class=\"wpa-warning wpa-image-missing-alt wp-image-58107 size-large\" src=\"https:\/\/anprotec.org.br\/site\/wp-content\/uploads\/2025\/09\/HQ3329-2-1024x683.jpg\" alt=\"\" width=\"1024\" height=\"683\" data-warning=\"Missing alt text\" \/><p id=\"caption-attachment-58107\" class=\"wp-caption-text\">Foto: IASP\/Divulga\u00e7\u00e3o<\/p><\/div>\n<\/div>\n<\/div>\n<p>&nbsp;<\/p>\n<p><span style=\"font-weight: 400;\">A delega\u00e7\u00e3o brasileira marcou presen\u00e7a no segundo dia da 42\u00aa Confer\u00eancia Mundial da IASP (International Association of Science Parks and Areas of Innovation), realizada em Beijing, China. Sob o tema &#8220;Elevating Excellence: Innovation Spaces Driving High-Quality Development&#8221;, o evento re\u00fane, entre 16 e 19 de setembro, l\u00edderes globais para discutir como parques tecnol\u00f3gicos e ecossistemas de inova\u00e7\u00e3o podem impulsionar o crescimento sustent\u00e1vel e inclusivo.<\/span><\/p>\n<p><span style=\"font-weight: 400;\">A Anprotec, que re\u00fane cerca de 400 membros incluindo incubadoras, parques tecnol\u00f3gicos e aceleradoras, liderou a participa\u00e7\u00e3o brasileira com a Miss\u00e3o Internacional China 2025 | 42\u00aa Confer\u00eancia da IASP e Ecossistema de Xiamen, com contribui\u00e7\u00f5es estrat\u00e9gicas que refor\u00e7aram o papel do Brasil como polo de inova\u00e7\u00e3o na Am\u00e9rica Latina.<\/span><\/p>\n<p><b>Inova\u00e7\u00e3o Urbana e Desenvolvimento Territorial<\/b><\/p>\n<p><span style=\"font-weight: 400;\">A presidente da Anprotec, Adriana Ferreira de Faria, integrou o painel \u201cUrban Renewal and Smart City Strategies\u201d, ao lado de representantes da China, Espanha e Su\u00e9cia. Professora titular da Universidade Federal de Vi\u00e7osa (UFV) e diretora executiva do tecnoPARQ CenTev UFV, Adriana apresentou o programa Vi\u00e7osa S.M.A.R.T. como catalisador de desenvolvimento urbano integrado, baseado no modelo da Tr\u00edplice H\u00e9lice (universidades, empresas e governo).\u00a0<\/span><\/p>\n<p><span style=\"font-weight: 400;\">A iniciativa, coordenada pelo tecnoPARQ e apoiada pelo Conselho Municipal de Inova\u00e7\u00e3o Tecnol\u00f3gica (CMIT), estrutura-se em cinco pilares \u2014 Sustentabilidade, Mobilidade, Acessibilidade, Resili\u00eancia e Tecnologia \u2014 para transformar Vi\u00e7osa em uma cidade inteligente, eficiente e resiliente, alinhada \u00e0 sua voca\u00e7\u00e3o agr\u00edcola. O estudo analisou 610 metas municipais e identificou 125 j\u00e1 em conformidade com padr\u00f5es internacionais de smart cities (ABNT ISO 37120), revelando um caminho consistente para a certifica\u00e7\u00e3o e destacando oportunidades de integra\u00e7\u00e3o em \u00e1reas como mobilidade, sa\u00fade, educa\u00e7\u00e3o e saneamento.<\/span><\/p>\n<p><span style=\"font-weight: 400;\">\u201cO programa Vi\u00e7osa S.M.A.R.T. exemplifica como a inova\u00e7\u00e3o pode impulsionar o desenvolvimento urbano sustent\u00e1vel, integrando tecnologia, planejamento e parcerias para elevar a qualidade de vida em cidades de m\u00e9dio porte. Em Vi\u00e7osa, com sua forte base agr\u00edcola e a expertise da UFV, o tecnoPARQ atua como \u2018sandbox\u2019 para solu\u00e7\u00f5es inovadoras, conectando pesquisa acad\u00eamica a impactos reais em mobilidade inteligente, governan\u00e7a digital e gest\u00e3o ambiental. Essa abordagem, ancorada em padr\u00f5es globais como a ISO 37120, tem potencial de replica\u00e7\u00e3o em outras cidades brasileiras e latino-americanas. Pela Anprotec, trabalhamos na dissemina\u00e7\u00e3o de pr\u00e1ticas e conhecimentos que ampliam experi\u00eancias como essa, promovendo n\u00e3o apenas crescimento econ\u00f4mico, mas tamb\u00e9m inclus\u00e3o social. Parcerias internacionais, como as que discutimos aqui, nos permitem compartilhar esses exemplos e aprender com outras iniciativas ao redor do mundo\u201d, pontuou.<\/span><\/p>\n<p><b>Centros Internacionais de Inova\u00e7\u00e3o e Sustentabilidade<\/b><\/p>\n<p><span style=\"font-weight: 400;\">Romildo Dias Toledo, diretor de rela\u00e7\u00f5es internacionais da Anprotec e diretor executivo do Parque Tecnol\u00f3gico da UFRJ, foi palestrante no painel <\/span><i><span style=\"font-weight: 400;\">\u201cRole of innovation spaces in building an international centre for innovation\u201d<\/span><\/i><span style=\"font-weight: 400;\">, debatendo com especialistas da China e do M\u00e9xico. Sua apresenta\u00e7\u00e3o destacou a experi\u00eancia brasileira em articular ecossistemas acad\u00eamicos e empresariais, explorando projetos de bioeconomia, energias renov\u00e1veis e a internacionaliza\u00e7\u00e3o de startups.<\/span><\/p>\n<p><span style=\"font-weight: 400;\">\u201cO Parque Tecnol\u00f3gico da UFRJ re\u00fane centros de pesquisa de grandes empresas, startups e laborat\u00f3rios de ponta conectados \u00e0 universidade, criando um ambiente \u00fanico de intera\u00e7\u00e3o entre ci\u00eancia, empreendedorismo e inova\u00e7\u00e3o. Nossa atua\u00e7\u00e3o tem forte \u00eanfase em \u00f3leo, g\u00e1s e energia, al\u00e9m de sustentabilidade, com destaque para pesquisas relacionadas \u00e0 economia do mar e \u00e0 transi\u00e7\u00e3o energ\u00e9tica \u2014 \u00e1reas estrat\u00e9gicas para o futuro do planeta. Participar da IASP \u00e9 uma oportunidade de mostrar como o Brasil articula grandes empresas, ecossistemas acad\u00eamicos e empreendedores em solu\u00e7\u00f5es que unem desenvolvimento econ\u00f4mico e responsabilidade ambiental, al\u00e9m de ser uma excelente chance de aprendizado com pr\u00e1ticas internacionais\u201d, afirmou.<\/span><\/p>\n<div class=\"wp-block-image\"><\/div>\n<div class=\"wp-block-image\">\n<div id=\"attachment_58109\" style=\"width: 1060px\" class=\"wp-caption aligncenter\"><img aria-describedby=\"caption-attachment-58109\" decoding=\"async\" loading=\"lazy\" class=\"wpa-warning wpa-image-missing-alt wp-image-58109 size-full\" src=\"https:\/\/anprotec.org.br\/site\/wp-content\/uploads\/2025\/09\/IMG9212-scaled-e1758821013344.jpg\" alt=\"\" width=\"1050\" height=\"700\" data-warning=\"Missing alt text\" \/><p id=\"caption-attachment-58109\" class=\"wp-caption-text\">Foto: IASP\/Divulga\u00e7\u00e3o<\/p><\/div>\n<\/div>\n<h5><b>Delega\u00e7\u00e3o Robusta Representa Diversidade do Ecossistema Brasileiro<\/b><\/h5>\n<p><span style=\"font-weight: 400;\">Al\u00e9m das lideran\u00e7as da Anprotec, a delega\u00e7\u00e3o brasileira \u2013 composta por cerca de 30 participantes de institui\u00e7\u00f5es diversas como Sebrae, MCTI, ABDI e Finep \u2013 enriqueceu o evento com perspectivas diversificadas:<\/span><\/p>\n<ul>\n<li style=\"font-weight: 400;\" aria-level=\"1\"><b>Ricardo Fernandes da Silva<\/b><span style=\"font-weight: 400;\"> (UFV) integrou o painel &#8220;Urban renewal and smart city strategies&#8221; junto com Adriana Ferreira de Faria<\/span><\/li>\n<li style=\"font-weight: 400;\" aria-level=\"1\"><b>Silvio Bitencourt da Silva<\/b><span style=\"font-weight: 400;\"> (Tecnosinos\/Unisinos) foi palestrante em &#8220;High-quality economic development empowered by innovation spaces&#8221;<\/span><\/li>\n<li style=\"font-weight: 400;\" aria-level=\"1\"><b>Mariana Zanatta Inglez<\/b><span style=\"font-weight: 400;\"> (Inova Unicamp) participou do painel &#8220;Building a community of innovation and entrepreneurship&#8221;<\/span><\/li>\n<li style=\"font-weight: 400;\" aria-level=\"1\"><b>Thomaz Martins de Aquino<\/b><span style=\"font-weight: 400;\"> contribuiu em outro painel sobre constru\u00e7\u00e3o de comunidades de inova\u00e7\u00e3o e empreendedorismo<\/span><\/li>\n<\/ul>\n<p><span style=\"font-weight: 400;\">A delega\u00e7\u00e3o, selecionada em parceria com institui\u00e7\u00f5es governamentais, reflete a robustez do ecossistema brasileiro de inova\u00e7\u00e3o, com foco em \u00e1reas como sa\u00fade, IA, agroind\u00fastria e tecnologias sustent\u00e1veis.<\/span><\/p>\n<div class=\"wp-block-image\"><\/div>\n<h5><b>Impactos e Perspectivas Futuras<\/b><\/h5>\n<p><span style=\"font-weight: 400;\">\u201cA participa\u00e7\u00e3o brasileira consolidou a Anprotec como ponte essencial para coopera\u00e7\u00e3o internacional, abrindo caminhos para miss\u00f5es de softlanding, interc\u00e2mbios e investimentos conjuntos. Com o evento continuando at\u00e9 19 de setembro, a delega\u00e7\u00e3o segue engajada em networking e visitas t\u00e9cnicas ao Zhongguancun Science Park e outros ecossistemas chineses\u201d, explica Lu\u00eds Gustavo Peles, consultor de projetos da Anprotec e l\u00edder das iniciativas de internacionaliza\u00e7\u00e3o da Associa\u00e7\u00e3o. <\/span><\/p>\n","protected":false},"excerpt":{"rendered":"<p>&nbsp; A delega\u00e7\u00e3o brasileira marcou presen\u00e7a no segundo dia da<span class=\"excerpt-hellip\"> [\u2026]<\/span><\/p>\n","protected":false},"author":8,"featured_media":57867,"comment_status":"closed","ping_status":"closed","sticky":false,"template":"","format":"standard","meta":{"footnotes":"","_links_to":"","_links_to_target":""},"categories":[395,413,3],"tags":[],"calendar":[],"_links":{"self":[{"href":"https:\/\/anprotec.org.br\/site\/wp-json\/wp\/v2\/posts\/57859"}],"collection":[{"href":"https:\/\/anprotec.org.br\/site\/wp-json\/wp\/v2\/posts"}],"about":[{"href":"https:\/\/anprotec.org.br\/site\/wp-json\/wp\/v2\/types\/post"}],"author":[{"embeddable":true,"href":"https:\/\/anprotec.org.br\/site\/wp-json\/wp\/v2\/users\/8"}],"replies":[{"embeddable":true,"href":"https:\/\/anprotec.org.br\/site\/wp-json\/wp\/v2\/comments?post=57859"}],"version-history":[{"count":2,"href":"https:\/\/anprotec.org.br\/site\/wp-json\/wp\/v2\/posts\/57859\/revisions"}],"predecessor-version":[{"id":58110,"href":"https:\/\/anprotec.org.br\/site\/wp-json\/wp\/v2\/posts\/57859\/revisions\/58110"}],"wp:featuredmedia":[{"embeddable":true,"href":"https:\/\/anprotec.org.br\/site\/wp-json\/wp\/v2\/media\/57867"}],"wp:attachment":[{"href":"https:\/\/anprotec.org.br\/site\/wp-json\/wp\/v2\/media?parent=57859"}],"wp:term":[{"taxonomy":"category","embeddable":true,"href":"https:\/\/anprotec.org.br\/site\/wp-json\/wp\/v2\/categories?post=57859"},{"taxonomy":"post_tag","embeddable":true,"href":"https:\/\/anprotec.org.br\/site\/wp-json\/wp\/v2\/tags?post=57859"},{"taxonomy":"calendar","embeddable":true,"href":"https:\/\/anprotec.org.br\/site\/wp-json\/wp\/v2\/calendar?post=57859"}],"curies":[{"name":"wp","href":"https:\/\/api.w.org\/{rel}","templated":true}]}}