{"id":5737,"date":"2014-02-27T10:22:57","date_gmt":"2014-02-27T13:22:57","guid":{"rendered":"http:\/\/anprotec.org.br\/site\/?p=5737"},"modified":"2014-02-27T10:24:40","modified_gmt":"2014-02-27T13:24:40","slug":"supera-lanca-editais-para-selecao-de-empresas","status":"publish","type":"post","link":"https:\/\/anprotec.org.br\/site\/2014\/02\/supera-lanca-editais-para-selecao-de-empresas\/","title":{"rendered":"Supera lan\u00e7a editais para sele\u00e7\u00e3o de empresas"},"content":{"rendered":"<p style=\"text-align: justify\"><img decoding=\"async\" loading=\"lazy\" class=\"alignleft size-thumbnail wp-image-5738\" alt=\"supera\" src=\"https:\/\/anprotec.org.br\/site\/wp-content\/uploads\/2014\/02\/supera-270x160.jpg\" width=\"270\" height=\"160\" \/>Para quem tem uma ideia inovadora e est\u00e1 em busca de apoio para alavancar o neg\u00f3cio, a Supera Incubadora de Empresas e o Centro de Neg\u00f3cios acabam de abrir oportunidades. Geridos pela Fipase (Funda\u00e7\u00e3o Instituto Polo Avan\u00e7ado de Sa\u00fade), as duas unidades publicaram os editais no site\u00a0 <a href=\"http:\/\/www.fipase.org.br\" target=\"_blank\">www.fipase.org.br<\/a>, destinados a quem quer usufruir da estrutura f\u00edsica do Parque e para quem busca apoio para projetos de biotecnologia, medicina humana e veterin\u00e1ria, tecnologia da informa\u00e7\u00e3o, e materiais m\u00e9dico, hospitalar, odontol\u00f3gico e instrumenta\u00e7\u00e3o, bem como propostas inovadoras de outras \u00e1reas de atua\u00e7\u00e3o.<\/p>\n<p style=\"text-align: justify\">\u201cS\u00e3o dois objetivos diferentes. No caso do Centro de Neg\u00f3cios, a sele\u00e7\u00e3o \u00e9 para empresas j\u00e1 estabelecidas que desejem utilizar as salas de um dos pr\u00e9dios do Parque. J\u00e1 o da Incubadora \u00e9 destinado para empreendedores que buscam apoio para criar, gerir e impulsionar o seu neg\u00f3cio\u201d, explicou Saulo Rodrigues, gerente da incubadora.<\/p>\n<p style=\"text-align: justify\">Para as empresas que desejam pleitear uma vaga no Centro de Neg\u00f3cios, a data limite para o envio de propostas \u00e9 dia 14 de mar\u00e7o, e a sele\u00e7\u00e3o ser\u00e1 feita na modalidade licita\u00e7\u00e3o concorr\u00eancia. S\u00e3o nove salas dispon\u00edveis para loca\u00e7\u00e3o, com tamanhos que variam de 41,85 m\u00b2 a 169,24 m\u00b2, totalizando \u00e1rea de 587,76 m\u00b2.<\/p>\n<p style=\"text-align: justify\"><b>Supera Incubadora<\/b><\/p>\n<p style=\"text-align: justify\">Para quem quer fazer parte da Supera Incubadora, a data limite para inscrever a proposta \u00e9 dia 21 de mar\u00e7o. Os projetos passar\u00e3o por um processo seletivo de 3 meses, com capacita\u00e7\u00e3o em modelos de neg\u00f3cios e apresenta\u00e7\u00e3o para banca de investidores e conselheiros da Incubadora. \u201cOs crit\u00e9rios para que a proposta seja classificada s\u00e3o a viabilidade t\u00e9cnica e econ\u00f4mica do empreendimento, conte\u00fado tecnol\u00f3gico e grau de inova\u00e7\u00e3o dos produtos e servi\u00e7os. Al\u00e9m de ser uma boa ideia, tem que ser inovadora\u201d, explicou Rodrigues<\/p>\n<p style=\"text-align: justify\">O n\u00famero de vagas dispon\u00edveis ser\u00e1 divulgado at\u00e9 o dia 3 de mar\u00e7o, conforme o edital.<\/p>\n<p style=\"text-align: justify\"><b>Apoio<\/b><\/p>\n<p style=\"text-align: justify\">Dividido em tr\u00eas categorias \u2013 pr\u00e9-resid\u00eancia, resid\u00eancia e associa\u00e7\u00e3o \u2013 o apoio dado pela Supera Incubadora vai al\u00e9m da cess\u00e3o do espa\u00e7o f\u00edsico para que as empresas operem. A Incubadora presta suporte administrativo, para elabora\u00e7\u00e3o de projetos e para registro de propriedade intelectual, al\u00e9m de capacita\u00e7\u00e3o e consultoria, e organiza\u00e7\u00e3o para apresenta\u00e7\u00e3o de a\u00e7\u00f5es para investidores.<\/p>\n<p style=\"text-align: justify\">A categoria muda de acordo com a maturidade da empresa e o espa\u00e7o f\u00edsico pode ser compartilhado (pr\u00e9-resid\u00eancia) ou exclusivo (resid\u00eancia). \u201cApesar de as associadas n\u00e3o fazerem uso da estrutura f\u00edsica da Supera Incubadora, contam com todas as outras vantagens\u201d, esclarece Rodrigues. \u201cTodas as empresas tamb\u00e9m s\u00e3o beneficiadas pela rede de contatos que a Supera tem, al\u00e9m de incentivos para a participa\u00e7\u00e3o em feiras e congressos, por exemplo\u201d.<\/p>\n<p style=\"text-align: justify\">* Com informa\u00e7\u00f5es e foto da Fipase<\/p>\n","protected":false},"excerpt":{"rendered":"<p><!--:pt-->Ser\u00e3o selecionadas emprendimentos para se instalarem no Centro de Neg\u00f3cios, localizado no Parque Tecnol\u00f3gico, e propostas de novos neg\u00f3cios para a incubadora. As inscri\u00e7\u00f5es v\u00e3o at\u00e9 mar\u00e7o. <!--:--><\/p>\n","protected":false},"author":8,"featured_media":5738,"comment_status":"open","ping_status":"open","sticky":false,"template":"","format":"standard","meta":{"footnotes":"","_links_to":"","_links_to_target":""},"categories":[3],"tags":[],"calendar":[],"_links":{"self":[{"href":"https:\/\/anprotec.org.br\/site\/wp-json\/wp\/v2\/posts\/5737"}],"collection":[{"href":"https:\/\/anprotec.org.br\/site\/wp-json\/wp\/v2\/posts"}],"about":[{"href":"https:\/\/anprotec.org.br\/site\/wp-json\/wp\/v2\/types\/post"}],"author":[{"embeddable":true,"href":"https:\/\/anprotec.org.br\/site\/wp-json\/wp\/v2\/users\/8"}],"replies":[{"embeddable":true,"href":"https:\/\/anprotec.org.br\/site\/wp-json\/wp\/v2\/comments?post=5737"}],"version-history":[{"count":3,"href":"https:\/\/anprotec.org.br\/site\/wp-json\/wp\/v2\/posts\/5737\/revisions"}],"predecessor-version":[{"id":5741,"href":"https:\/\/anprotec.org.br\/site\/wp-json\/wp\/v2\/posts\/5737\/revisions\/5741"}],"wp:featuredmedia":[{"embeddable":true,"href":"https:\/\/anprotec.org.br\/site\/wp-json\/wp\/v2\/media\/5738"}],"wp:attachment":[{"href":"https:\/\/anprotec.org.br\/site\/wp-json\/wp\/v2\/media?parent=5737"}],"wp:term":[{"taxonomy":"category","embeddable":true,"href":"https:\/\/anprotec.org.br\/site\/wp-json\/wp\/v2\/categories?post=5737"},{"taxonomy":"post_tag","embeddable":true,"href":"https:\/\/anprotec.org.br\/site\/wp-json\/wp\/v2\/tags?post=5737"},{"taxonomy":"calendar","embeddable":true,"href":"https:\/\/anprotec.org.br\/site\/wp-json\/wp\/v2\/calendar?post=5737"}],"curies":[{"name":"wp","href":"https:\/\/api.w.org\/{rel}","templated":true}]}}